{"id":54796,"date":"2024-11-03T09:55:25","date_gmt":"2024-11-03T12:55:25","guid":{"rendered":"https:\/\/grandepremio.com\/br\/noticias\/george-russell-classificacao-matutina-sao-paulo-poderiam-mudar-formato\/"},"modified":"2024-11-03T12:20:48","modified_gmt":"2024-11-03T15:20:48","slug":"george-russell-classificacao-matutina-sao-paulo-poderiam-mudar-formato","status":"publish","type":"post","link":"https:\/\/grandepremio.com\/br\/f1\/george-russell-classificacao-matutina-sao-paulo-poderiam-mudar-formato\/","title":{"rendered":"Russell aprova classifica\u00e7\u00e3o matutina em S\u00e3o Paulo: &#8220;Poderiam mudar formato&#8221;"},"content":{"rendered":"\n<p class=\"wp-block-paragraph\">Em decorr\u00eancia da forte chuva que caiu em <strong>Interlagos <\/strong>no \u00faltimo s\u00e1bado (2), a <strong>F\u00f3rmula 1<\/strong> <a href=\"https:\/\/www.grandepremio.com\/br\/f1\/noticias\/f1-decide-adiar-classificacao-gp-sao-paulo-domingo-conta-temporal\/\">se viu obrigada a adiar a classifica\u00e7\u00e3o do <strong>GP de S\u00e3o Paulo <\/strong>para este domingo (3)<\/a>, e <strong>George Russell<\/strong> aprovou a mudan\u00e7a. <a href=\"https:\/\/www.grandepremio.com\/br\/f1\/noticias\/lando-norris-sobrevive-classificacao-anarquica-crava-pole-gp-brasil-sao-paulo-formula-1-max-verstappen-17\/\">Depois de garantir o segundo tempo na sess\u00e3o que definiu o grid de largada<\/a> para a etapa no <strong>Brasil<\/strong>, o titular da <strong>Mercedes <\/strong>disse que a categoria deveria considerar mudar o formato do fim de semana e passar a classifica\u00e7\u00e3o para o mesmo dia da corrida.<\/p>\n\n\n\n<p class=\"wp-block-paragraph\">A <strong>F1 <\/strong>at\u00e9 tentou realizar a classifica\u00e7\u00e3o do<strong> GP de S\u00e3o Paulo<\/strong> no s\u00e1bado. Mas depois de adiar o in\u00edcio da sess\u00e3o in\u00fameras vezes por causa da chuva, a categoria se viu obrigada a realocar a atividade para o domingo, tendo in\u00edcio \u00e0s 7h30.<\/p>\n\n\n\n<p class=\"wp-block-paragraph\">Mesmo com a mudan\u00e7a na programa\u00e7\u00e3o, a sess\u00e3o, que teve <strong>Lando Norris <\/strong>na pole-position, aconteceu sob chuva e teve in\u00fameros acidentes e bandeiras vermelhas. Ainda que tenha rodado durante a classifica\u00e7\u00e3o, <strong>Russell <\/strong>minimizou os preju\u00edzos e cravou 1min23s578, tempo que lhe rendeu o segundo lugar. <strong>George <\/strong>celebrou o resultado e disse que gosta de estar em <strong>Interlagos<\/strong>, palco de sua primeira vit\u00f3ria na carreira.<\/p>\n\n\n\n<p class=\"wp-block-paragraph\">\u201cGosto muito de vir a<strong> S\u00e3o Paulo<\/strong>, tenho mem\u00f3rias espetaculares daqui. Depois de ontem foi muito dif\u00edcil para n\u00f3s e tamb\u00e9m para a torcida, que ficou aqui esperando a classifica\u00e7\u00e3o que n\u00e3o aconteceu. Fiquei impressionado com a quantidade de pessoas na porta do circuito \u00e0s 6h. Ent\u00e3o estou muito feliz de ter terminado em segundo\u201d, disse <strong>Russell<\/strong>.<\/p>\n\n\n\n<figure class=\"wp-block-image size-large\"><img decoding=\"async\" src=\"https:\/\/www.grandepremio.com\/br\/wp-content\/uploads\/2024\/11\/sao-paulo-brasil-interlagos-2024-f1-classificacao-mercedes-george-russell-03-1200x675.jpg\" alt=\"\" class=\"wp-image-891715\"\/><figcaption class=\"wp-element-caption\">George Russell espera um bom resultado na corrida ap\u00f3s a boa classifica\u00e7\u00e3o em Interlagos (Foto: Mercedes)<\/figcaption><\/figure>\n\n\n\n<p class=\"wp-block-paragraph\">O #63 da <strong>Mercedes <\/strong>ainda aproveitou a oportunidade para comentar sobre a mudan\u00e7a do formato do fim de semana. Questionado se a prepara\u00e7\u00e3o para o domingo foi comprometida por causa da classifica\u00e7\u00e3o, o brit\u00e2nico negou. Na verdade, <strong>Russell <\/strong>viu a altera\u00e7\u00e3o com bons olhos e disse que a <strong>F1 <\/strong>deveria considerar passar a sess\u00e3o que define o grid de largada para o mesmo dia da corrida.<\/p>\n\n\n\n<p class=\"wp-block-paragraph\">\u201cGosto muito [da classifica\u00e7\u00e3o cedo antes da corrida], me lembra a \u00e9poca do kart. Tomava caf\u00e9 j\u00e1 de macac\u00e3o e ia para a pista. Ent\u00e3o talvez a organiza\u00e7\u00e3o poderia pensar em mudar o formato para ter a classifica\u00e7\u00e3o no domingo de manh\u00e3 e correr durante a tarde. Mas vamos ver o que pode ser feito na corrida\u201d, finalizou Russell.<\/p>\n\n\n\n<p class=\"wp-block-paragraph\">O\u00a0<strong>GRANDE PR\u00caMIO<\/strong>\u00a0acompanha\u00a0<a href=\"https:\/\/www.grandepremio.com\/br\/ao-vivo\/f1\/\"><strong>AO VIVO e EM\u00a0<\/strong><\/a><a href=\"https:\/\/www.grandepremio.com\/br\/ao-vivo\/\"><\/a><strong><a href=\"https:\/\/www.grandepremio.com\/br\/ao-vivo\/\" target=\"_blank\" rel=\"noreferrer noopener\">TEMPO REAL<\/a><\/strong>\u00a0todas as atividades do\u00a0<strong>GP de S\u00e3o Paulo,\u00a0<\/strong>em\u00a0<strong><a href=\"https:\/\/www.grandepremio.com\/br\/circuito\/interlagos\/\" target=\"_blank\" rel=\"noreferrer noopener\">Interlagos<\/a><\/strong>, e transmite classifica\u00e7\u00e3o e corrida em segunda tela, em parceria com a Voz do Esporte, na\u00a0<a href=\"https:\/\/www.youtube.com\/c\/GrandePremioTV\/streams\"><strong>GPTV, o canal do GP no Youtube<\/strong><\/a>. Depois das atividades de cada dia, debate tudo o que aconteceu no Briefing. Logo mais,<strong>\u00a0a largada<\/strong>\u00a0est\u00e1 marcada para as 12h30 (de Bras\u00edlia, GMT-3). O\u00a0<strong>GRANDE PR\u00caMIO<\/strong>\u00a0cobre \u2018in loco\u2019 com os rep\u00f3rteres\u00a0<strong>Evelyn Guimar\u00e3es, Gabriel Carvalho, Gabriel Curty, Luana Marino\u00a0<\/strong>e\u00a0<strong>Pedro Henrique Marum<\/strong>, al\u00e9m do fot\u00f3grafo\u00a0<strong>Rodrigo Berton.<\/strong><\/p>\n\n\n\n<p class=\"wp-block-paragraph\">\u25b6\ufe0f\u00a0<strong>Inscreva-se nos dois canais do GRANDE PR\u00caMIO no YouTube:\u00a0<a href=\"https:\/\/www.youtube.com\/channel\/UC9OlHEgxoaY6QY6nWPoiqQg?sub_confirmation=1\" target=\"_blank\" rel=\"noreferrer noopener\">GP<\/a>\u00a0|\u00a0<a href=\"https:\/\/www.youtube.com\/channel\/UC9csiS6q_C3C0FYhyr1rnFA?sub_confirmation=1\" target=\"_blank\" rel=\"noreferrer noopener\">GP2<\/a><\/strong><br>\u25b6\ufe0f\u00a0<strong>LEIA TAMB\u00c9M<\/strong>:\u00a0<strong><a href=\"https:\/\/www.grandepremio.com\/br\/f1\/noticias\/gabriel-bortoleto-desvincula-mclaren-encaminha-acordo-audi-formula-1\/\">Bortoleto se desvincula da McLaren e encaminha acordo com Audi na\u00a0<\/a><a href=\"https:\/\/www.grandepremio.com\/br\/f1\/\" target=\"_blank\" rel=\"noreferrer noopener\">F\u00f3rmula 1<\/a><\/strong><\/p>\n\n\n\n<figure class=\"wp-block-embed is-type-video is-provider-youtube wp-block-embed-youtube wp-embed-aspect-4-3 wp-has-aspect-ratio\"><div class=\"wp-block-embed__wrapper\">\n<iframe loading=\"lazy\" title=\"ASSISTA \u00e0 CLASSIFICA\u00c7\u00c3O da F1 no BRASIL no GRANDE PR\u00caMIO | segunda tela [REACT]\" width=\"500\" height=\"281\" src=\"https:\/\/www.youtube.com\/embed\/Vz4E0dRvyP4?feature=oembed\" frameborder=\"0\" allow=\"accelerometer; autoplay; clipboard-write; encrypted-media; gyroscope; picture-in-picture; web-share\" referrerpolicy=\"strict-origin-when-cross-origin\" allowfullscreen><\/iframe>\n<\/div><\/figure>\n","protected":false},"excerpt":{"rendered":"<p>Ap\u00f3s conseguir um bom resultado na classifica\u00e7\u00e3o do GP de S\u00e3o Paulo, George Russell elogiou a mudan\u00e7a no formato e disse que a classifica\u00e7\u00e3o no domingo lembra a \u00e9poca do kart<\/p>\n","protected":false},"author":0,"featured_media":1000890557,"comment_status":"closed","ping_status":"closed","sticky":false,"template":"","format":"standard","meta":{"42wp_featured_image_caption":"","42wp_featured_image_credits":"","42wp_featured_video":"","42wp_featured_image_hidden":false,"42wp_authors_list":[],"footnotes":""},"categories":[2],"tags":[800,26680,502,1491,28285,124,82,38357,30847,36315,29220],"42wp_author":[47149,47158],"class_list":["post-54796","post","type-post","status-publish","format-standard","has-post-thumbnail","hentry","category-f1","tag-george-russell","tag-gp-de-sao-paulo","tag-gp-do-brasil","tag-grande-premio","tag-grandepremio","tag-interlagos","tag-mercedes","tag-mercedes-w15","tag-russell","tag-russell-f1","tag-russell-mercedes","42wp_author-bernardo-castro","42wp_author-warm-up"],"_links":{"self":[{"href":"https:\/\/grandepremio.com\/br\/wp-json\/wp\/v2\/posts\/54796","targetHints":{"allow":["GET"]}}],"collection":[{"href":"https:\/\/grandepremio.com\/br\/wp-json\/wp\/v2\/posts"}],"about":[{"href":"https:\/\/grandepremio.com\/br\/wp-json\/wp\/v2\/types\/post"}],"replies":[{"embeddable":true,"href":"https:\/\/grandepremio.com\/br\/wp-json\/wp\/v2\/comments?post=54796"}],"version-history":[{"count":0,"href":"https:\/\/grandepremio.com\/br\/wp-json\/wp\/v2\/posts\/54796\/revisions"}],"wp:featuredmedia":[{"embeddable":true,"href":"https:\/\/grandepremio.com\/br\/wp-json\/wp\/v2\/media\/1000890557"}],"wp:attachment":[{"href":"https:\/\/grandepremio.com\/br\/wp-json\/wp\/v2\/media?parent=54796"}],"wp:term":[{"taxonomy":"category","embeddable":true,"href":"https:\/\/grandepremio.com\/br\/wp-json\/wp\/v2\/categories?post=54796"},{"taxonomy":"post_tag","embeddable":true,"href":"https:\/\/grandepremio.com\/br\/wp-json\/wp\/v2\/tags?post=54796"},{"taxonomy":"42wp_author","embeddable":true,"href":"https:\/\/grandepremio.com\/br\/wp-json\/wp\/v2\/42wp_author?post=54796"}],"curies":[{"name":"wp","href":"https:\/\/api.w.org\/{rel}","templated":true}]}}