{"id":54824,"date":"2024-11-03T09:10:11","date_gmt":"2024-11-03T12:10:11","guid":{"rendered":"https:\/\/grandepremio.com\/br\/noticias\/alexander-albon-destroi-carro-q3-provoca-5a-interrupcao-classificacao-sao-paulo\/"},"modified":"2024-11-03T17:44:10","modified_gmt":"2024-11-03T20:44:10","slug":"alexander-albon-destroi-carro-q3-provoca-5a-interrupcao-classificacao-sao-paulo","status":"publish","type":"post","link":"https:\/\/grandepremio.com\/br\/f1\/alexander-albon-destroi-carro-q3-provoca-5a-interrupcao-classificacao-sao-paulo\/","title":{"rendered":"Albon destr\u00f3i carro no Q3 e provoca 5\u00aa interrup\u00e7\u00e3o da classifica\u00e7\u00e3o em S\u00e3o Paulo"},"content":{"rendered":"\n<p class=\"wp-block-paragraph\">Parece que ningu\u00e9m quer chegar ao fim da classifica\u00e7\u00e3o do <strong>GP de S\u00e3o Paulo<\/strong>, que acontece na manh\u00e3 deste domingo (3), em <strong>Interlagos<\/strong>. Depois de quatro interrup\u00e7\u00f5es com bandeira vermelha, <strong>Alexander Albon<\/strong> perdeu o controle no final da reta principal e destruiu o carro sobrevivente da <strong>Williams <\/strong>na sess\u00e3o.<\/p>\n\n\n\n<p class=\"wp-block-paragraph\">Pelo r\u00e1dio, o piloto tailand\u00eas reclamou de falha nos freios. Albon rodou e bateu violentamente contra o muro antes do <strong>S do Senna<\/strong>, pelo lado direito da pista. Ainda foi poss\u00edvel notar ele segurando o punho ao descer do carro.<\/p>\n\n\n\n<p class=\"wp-block-paragraph\">Para a <strong>Williams<\/strong>, a etapa paulista passou a ser gram\u00e1tica, j\u00e1 que <strong>Franco Colapinto <\/strong>foi o primeiro a bater, por\u00e9m em menor intensidade. <strong>Carlos Sainz<\/strong>, Lance Stroll e Fernando Alonso tamb\u00e9m se acidentaram e causaram bandeiras vermelhas ao longo da sess\u00e3o.<\/p>\n\n\n\n<figure class=\"wp-block-video\"><video class=\"video-js vjs-big-play-centered\" data-gp-vjs=\"1\" controls src=\"https:\/\/www.grandepremio.com\/br\/wp-content\/uploads\/2024\/11\/2024_11_03_Albon.mp4\"><\/video><figcaption class=\"wp-element-caption\">Alexander Albon bateu forte no Q3 da classifica\u00e7\u00e3o de S\u00e3o Paulo (V\u00eddeo: reprodu\u00e7\u00e3o\/DAZN)<\/figcaption><\/figure>\n\n\n\n<p class=\"wp-block-paragraph\">O\u00a0<strong>GRANDE PR\u00caMIO<\/strong>\u00a0acompanha\u00a0<a href=\"https:\/\/www.grandepremio.com\/br\/ao-vivo\/f1\/\"><strong>AO VIVO e EM\u00a0<\/strong><\/a><a href=\"https:\/\/www.grandepremio.com\/br\/ao-vivo\/\"><\/a><strong><a href=\"https:\/\/www.grandepremio.com\/br\/ao-vivo\/\" target=\"_blank\" rel=\"noreferrer noopener\">TEMPO REAL<\/a><\/strong>\u00a0todas as atividades do\u00a0<strong>GP de S\u00e3o Paulo,\u00a0<\/strong>em\u00a0<strong><a href=\"https:\/\/www.grandepremio.com\/br\/circuito\/interlagos\/\" target=\"_blank\" rel=\"noreferrer noopener\">Interlagos<\/a><\/strong>, e transmite classifica\u00e7\u00e3o e corrida em segunda tela, em parceria com a Voz do Esporte, na\u00a0<a href=\"https:\/\/www.youtube.com\/c\/GrandePremioTV\/streams\"><strong>GPTV, o canal do GP no Youtube<\/strong><\/a>. Depois das atividades de cada dia, debate tudo o que aconteceu no Briefing.\u00a0<\/p>\n\n\n\n<p class=\"wp-block-paragraph\"><strong>Inscreva-se nos dois canais do GRANDE PR\u00caMIO no YouTube:\u00a0<a href=\"https:\/\/www.youtube.com\/channel\/UC9OlHEgxoaY6QY6nWPoiqQg?sub_confirmation=1\" target=\"_blank\" rel=\"noreferrer noopener\">GP<\/a>\u00a0|\u00a0<a href=\"https:\/\/www.youtube.com\/channel\/UC9csiS6q_C3C0FYhyr1rnFA?sub_confirmation=1\" target=\"_blank\" rel=\"noreferrer noopener\">GP2<\/a><\/strong><br><strong>LEIA TAMB\u00c9M<\/strong>:\u00a0<a href=\"https:\/\/www.grandepremio.com\/br\/f1\/noticias\/gabriel-bortoleto-desvincula-mclaren-encaminha-acordo-audi-formula-1\/\">Bortoleto se desvincula da McLaren e encaminha acordo com Audi na\u00a0<\/a><a href=\"https:\/\/www.grandepremio.com\/br\/f1\/\" target=\"_blank\" rel=\"noreferrer noopener\">F\u00f3rmula 1<\/a><\/p>\n","protected":false},"excerpt":{"rendered":"<p>Alexander Albon escapou no fim da reta principal e bateu muito forte no Q3 da classifica\u00e7\u00e3o do GP de S\u00e3o Paulo<\/p>\n","protected":false},"author":0,"featured_media":1000891814,"comment_status":"closed","ping_status":"closed","sticky":false,"template":"","format":"standard","meta":{"42wp_featured_image_caption":"","42wp_featured_image_credits":"","42wp_featured_video":"","42wp_featured_image_hidden":false,"42wp_authors_list":[],"footnotes":""},"categories":[2],"tags":[654,783,26271,5273,147,3230,180,30909,26680,1491,28285,30840,124,41483,32942,35129,2380,41482,36865,33301],"42wp_author":[47147,47158],"class_list":["post-54824","post","type-post","status-publish","format-standard","has-post-thumbnail","hentry","category-f1","tag-alexander-albon","tag-brasil","tag-calendario-f1","tag-classificacao-f1","tag-f1","tag-f1-2024","tag-formula-1","tag-formula-1-2024","tag-gp-de-sao-paulo","tag-grande-premio","tag-grandepremio","tag-horarios-f1","tag-interlagos","tag-interlagos-2024","tag-interlagos-f1","tag-onde-assistir-f1","tag-sao-paulo","tag-sao-paulo-2024","tag-sao-paulo-f1","tag-temporada-2024-f1","42wp_author-luana-marino","42wp_author-warm-up"],"_links":{"self":[{"href":"https:\/\/grandepremio.com\/br\/wp-json\/wp\/v2\/posts\/54824","targetHints":{"allow":["GET"]}}],"collection":[{"href":"https:\/\/grandepremio.com\/br\/wp-json\/wp\/v2\/posts"}],"about":[{"href":"https:\/\/grandepremio.com\/br\/wp-json\/wp\/v2\/types\/post"}],"replies":[{"embeddable":true,"href":"https:\/\/grandepremio.com\/br\/wp-json\/wp\/v2\/comments?post=54824"}],"version-history":[{"count":0,"href":"https:\/\/grandepremio.com\/br\/wp-json\/wp\/v2\/posts\/54824\/revisions"}],"wp:featuredmedia":[{"embeddable":true,"href":"https:\/\/grandepremio.com\/br\/wp-json\/wp\/v2\/media\/1000891814"}],"wp:attachment":[{"href":"https:\/\/grandepremio.com\/br\/wp-json\/wp\/v2\/media?parent=54824"}],"wp:term":[{"taxonomy":"category","embeddable":true,"href":"https:\/\/grandepremio.com\/br\/wp-json\/wp\/v2\/categories?post=54824"},{"taxonomy":"post_tag","embeddable":true,"href":"https:\/\/grandepremio.com\/br\/wp-json\/wp\/v2\/tags?post=54824"},{"taxonomy":"42wp_author","embeddable":true,"href":"https:\/\/grandepremio.com\/br\/wp-json\/wp\/v2\/42wp_author?post=54824"}],"curies":[{"name":"wp","href":"https:\/\/api.w.org\/{rel}","templated":true}]}}