{"id":55011,"date":"2024-11-02T13:40:19","date_gmt":"2024-11-02T16:40:19","guid":{"rendered":"https:\/\/grandepremio.com\/br\/noticias\/lando-norris-nao-tao-orgulhoso-vitoria-mao-mclaren-sprint-gp-brasil-sao-paulo\/"},"modified":"2024-11-02T14:02:21","modified_gmt":"2024-11-02T17:02:21","slug":"lando-norris-nao-tao-orgulhoso-vitoria-mao-mclaren-sprint-gp-brasil-sao-paulo","status":"publish","type":"post","link":"https:\/\/grandepremio.com\/br\/f1\/lando-norris-nao-tao-orgulhoso-vitoria-mao-mclaren-sprint-gp-brasil-sao-paulo\/","title":{"rendered":"Norris se diz &#8220;n\u00e3o t\u00e3o orgulhoso&#8221; em vit\u00f3ria com m\u00e3o de McLaren na sprint do Brasil"},"content":{"rendered":"\n<p class=\"wp-block-paragraph\"><strong>Lando Norris<\/strong> venceu a <strong><a href=\"https:\/\/www.grandepremio.com\/br\/f1\/noticias\/lando-norris-passa-oscar-piastri-fim-bencao-mclaren-vence-sprint-gp-de-sao-paulo\/\">corrida sprint do GP de S\u00e3o Paulo<\/a><\/strong> de <strong><a href=\"https:\/\/www.grandepremio.com\/br\/f1\/\">F\u00f3rmula 1<\/a><\/strong>, na manh\u00e3 deste s\u00e1bado (2), em Interlagos. Apesar do importante resultado na ca\u00e7a a <strong>Max Verstappen<\/strong> pelo t\u00edtulo mundial, saiu sem se animar muito com o sucesso.<\/p>\n\n\n\n<p class=\"wp-block-paragraph\">Durante entrevista oficial dos tr\u00eas primeiros colocados, que foi acompanhada pelo <strong>GRANDE PR\u00caMIO<\/strong>, Norris minimizou a exalta\u00e7\u00e3o com a vit\u00f3ria na prova curta, que chegou ap\u00f3s a McLaren ordenar a troca de posi\u00e7\u00f5es com <strong>Oscar Piastri<\/strong>, que liderava at\u00e9 ali.<\/p>\n\n\n\n<p class=\"wp-block-paragraph\">&#8220;N\u00e3o estou muito orgulhoso, mas trabalhamos juntos enquanto equipe, ent\u00e3o agrade\u00e7o Oscar. Grande trabalho coletivo&#8221;, afirmou.<\/p>\n\n\n\n<p class=\"wp-block-paragraph\">&#8220;Hoje o resultado foi o que quer\u00edamos. Oscar merecia, mas estamos fazendo o que precisamos. Agrade\u00e7o muito a ele e \u00e0 equipe. Tivemos \u00f3timo ritmo, ent\u00e3o estou ansioso pela classifica\u00e7\u00e3o e pela corrida de amanh\u00e3&#8221;, continuou.<\/p>\n\n\n\n<figure class=\"wp-block-image size-large\"><img decoding=\"async\" src=\"https:\/\/www.grandepremio.com\/br\/wp-content\/uploads\/2024\/11\/sao-paulo-brasil-interlagos-warm-up-2024-f1-corrida-sprint-mclaren-lando-norris-04-1200x825.jpg\" alt=\"\" class=\"wp-image-891031\"\/><figcaption class=\"wp-element-caption\">Lando Norris ap\u00f3s a sprint (Foto: Rodrigo Berton\/Warm Up)<\/figcaption><\/figure>\n\n\n\n<p class=\"wp-block-paragraph\">Norris analisou ainda o ritmo ao longo da prova, tanto para se aproximar de Piastri quanto para guardar posi\u00e7\u00e3o para Verstappen e <strong>Charles Leclerc<\/strong>, que sempre estiveram n\u00e3o muito distantes.<\/p>\n\n\n\n<p class=\"wp-block-paragraph\">&#8220;Foi meio como jogar um ioi\u00f4. Eu chegava e me afastava e chegava outra vez. \u00c9 o ar sujo, custa muito tempo de volta. Sentia que estava mais r\u00e1pido, mas n\u00e3o dava para passar. Mas, sim, senti que estava bem<\/p>\n\n\n\n<p class=\"wp-block-paragraph\">&#8220;E \u00e9ramos claramente mais r\u00e1pidos que os carros atr\u00e1s deles. Numa corrida sprint como essa, \u00e9 dif\u00edcil saber quando gerenciar e quando atacar, esse tipo de coisa. Mas executamos bem a corrida&#8221;, completou.<\/p>\n\n\n\n<p class=\"wp-block-paragraph\">O&nbsp;<strong>GRANDE PR\u00caMIO<\/strong>&nbsp;acompanha&nbsp;<a href=\"https:\/\/www.grandepremio.com\/br\/ao-vivo\/f1\/\"><strong>AO VIVO e EM&nbsp;<\/strong><\/a><a href=\"https:\/\/www.grandepremio.com\/br\/ao-vivo\/\"><\/a><strong><a href=\"https:\/\/www.grandepremio.com\/br\/ao-vivo\/\" target=\"_blank\" rel=\"noreferrer noopener\">TEMPO REAL<\/a><\/strong>&nbsp;todas as atividades do&nbsp;<strong>GP de S\u00e3o Paulo,&nbsp;<\/strong>em&nbsp;<strong><a href=\"https:\/\/www.grandepremio.com\/br\/circuito\/interlagos\/\" target=\"_blank\" rel=\"noreferrer noopener\">Interlagos<\/a><\/strong>, e transmite classifica\u00e7\u00e3o e corrida em segunda tela, em parceria com a Voz do Esporte, na&nbsp;<a href=\"https:\/\/www.youtube.com\/c\/GrandePremioTV\/streams\"><strong>GPTV, o canal do GP no Youtube<\/strong><\/a>. Depois das atividades de cada dia, debate tudo o que aconteceu no Briefing. Logo mais, a&nbsp;<strong>classifica\u00e7\u00e3o<\/strong>&nbsp;acontece \u00e0s 15h (de Bras\u00edlia, GMT-3). No&nbsp;domingo (3)<strong>, a largada<\/strong>&nbsp;est\u00e1 marcada para as 14h.<\/p>\n\n\n\n<p class=\"wp-block-paragraph\">O\u00a0<strong>GRANDE PR\u00caMIO<\/strong>\u00a0cobre \u2018in loco\u2019 com os rep\u00f3rteres\u00a0<strong>Evelyn Guimar\u00e3es, Gabriel Carvalho, Gabriel Curty, Luana Marino\u00a0<\/strong>e\u00a0<strong>Pedro Henrique Marum<\/strong>, al\u00e9m do fot\u00f3grafo\u00a0<strong>Rodrigo Berton.<\/strong><\/p>\n\n\n\n<p class=\"wp-block-paragraph\">\u25b6\ufe0f<strong>\u00a0Inscreva-se nos dois canais do GRANDE PR\u00caMIO no YouTube:\u00a0<a href=\"https:\/\/www.youtube.com\/channel\/UC9OlHEgxoaY6QY6nWPoiqQg?sub_confirmation=1\" target=\"_blank\" rel=\"noreferrer noopener\">GP<\/a>\u00a0|\u00a0<a href=\"https:\/\/www.youtube.com\/channel\/UC9csiS6q_C3C0FYhyr1rnFA?sub_confirmation=1\" target=\"_blank\" rel=\"noreferrer noopener\">GP2<\/a><\/strong><br>\u25b6\ufe0f\u00a0<strong>LEIA TAMB\u00c9M<\/strong>:\u00a0<strong><a href=\"https:\/\/www.grandepremio.com\/br\/f1\/noticias\/lando-norris-corta-vantagem-max-verstappen-45-pontos-gp-sao-paulo-confira-classificacao\/\">Norris corta vantagem de Verstappen para 45 pontos em\u00a0<\/a><a href=\"https:\/\/www.grandepremio.com\/br\/circuito\/sao-paulo\/\" target=\"_blank\" rel=\"noreferrer noopener\">S\u00e3o Paulo<\/a>. Confira classifica\u00e7\u00e3o<\/strong><\/p>\n\n\n\n<figure class=\"wp-block-video\"><video class=\"video-js vjs-big-play-centered\" data-gp-vjs=\"1\" controls src=\"https:\/\/www.grandepremio.com\/br\/wp-content\/uploads\/2024\/11\/Largada-sprint-Sao-Paulo.mp4\"><\/video><figcaption class=\"wp-element-caption\">Largada da corrida sprint do GP de S\u00e3o Paulo (V\u00eddeo: reprodu\u00e7\u00e3o\/DAZN)<\/figcaption><\/figure>\n","protected":false},"excerpt":{"rendered":"<p>Lando Norris saiu da corrida sprint feliz com o resultado e agradecido com McLaren e Oscar Piastri, mas sem ficar muito exultante por vencer da maneira que foi<\/p>\n","protected":false},"author":0,"featured_media":1000891036,"comment_status":"closed","ping_status":"closed","sticky":false,"template":"","format":"standard","meta":{"42wp_featured_image_caption":"","42wp_featured_image_credits":"","42wp_featured_video":"","42wp_featured_image_hidden":false,"42wp_authors_list":[],"footnotes":""},"categories":[2],"tags":[7094,5660,5921,3230,642,41439,2359,26680,502,36892,547,90,30806,2916,2380],"42wp_author":[47120,47158],"class_list":["post-55011","post","type-post","status-publish","format-standard","has-post-thumbnail","hentry","category-f1","tag-andrea-stella","tag-classificacao","tag-corrida-sprint","tag-f1-2024","tag-f1-ao-vivo","tag-fim-de-semana-brasil","tag-gp-brasil","tag-gp-de-sao-paulo","tag-gp-do-brasil","tag-gp-interlagos","tag-lando-norris","tag-mclaren","tag-norris-f1","tag-oscar-piastri","tag-sao-paulo","42wp_author-pedro-henrique-marum","42wp_author-warm-up"],"_links":{"self":[{"href":"https:\/\/grandepremio.com\/br\/wp-json\/wp\/v2\/posts\/55011","targetHints":{"allow":["GET"]}}],"collection":[{"href":"https:\/\/grandepremio.com\/br\/wp-json\/wp\/v2\/posts"}],"about":[{"href":"https:\/\/grandepremio.com\/br\/wp-json\/wp\/v2\/types\/post"}],"replies":[{"embeddable":true,"href":"https:\/\/grandepremio.com\/br\/wp-json\/wp\/v2\/comments?post=55011"}],"version-history":[{"count":0,"href":"https:\/\/grandepremio.com\/br\/wp-json\/wp\/v2\/posts\/55011\/revisions"}],"wp:featuredmedia":[{"embeddable":true,"href":"https:\/\/grandepremio.com\/br\/wp-json\/wp\/v2\/media\/1000891036"}],"wp:attachment":[{"href":"https:\/\/grandepremio.com\/br\/wp-json\/wp\/v2\/media?parent=55011"}],"wp:term":[{"taxonomy":"category","embeddable":true,"href":"https:\/\/grandepremio.com\/br\/wp-json\/wp\/v2\/categories?post=55011"},{"taxonomy":"post_tag","embeddable":true,"href":"https:\/\/grandepremio.com\/br\/wp-json\/wp\/v2\/tags?post=55011"},{"taxonomy":"42wp_author","embeddable":true,"href":"https:\/\/grandepremio.com\/br\/wp-json\/wp\/v2\/42wp_author?post=55011"}],"curies":[{"name":"wp","href":"https:\/\/api.w.org\/{rel}","templated":true}]}}