{"id":55073,"date":"2024-11-02T12:13:44","date_gmt":"2024-11-02T15:13:44","guid":{"rendered":"https:\/\/grandepremio.com\/br\/noticias\/lando-norris-oscar-piastri-fez-que-devia-sprint-sao-paulo-trabalhamos-bem\/"},"modified":"2024-11-02T17:52:12","modified_gmt":"2024-11-02T20:52:12","slug":"lando-norris-oscar-piastri-fez-que-devia-sprint-sao-paulo-trabalhamos-bem","status":"publish","type":"post","link":"https:\/\/grandepremio.com\/br\/f1\/lando-norris-oscar-piastri-fez-que-devia-sprint-sao-paulo-trabalhamos-bem\/","title":{"rendered":"Norris diz que Piastri &#8220;fez o que devia&#8221; em sprint de S\u00e3o Paulo: &#8220;Trabalhamos bem&#8221;"},"content":{"rendered":"\n<p class=\"wp-block-paragraph\"><strong>Lando Norris<\/strong> conseguiu cumprir a primeira parte do objetivo deste fim de semana, em <strong>Interlagos<\/strong>, e <a href=\"https:\/\/www.grandepremio.com\/br\/f1\/noticias\/lando-norris-passa-oscar-piastri-fim-bencao-mclaren-vence-sprint-gp-de-sao-paulo\/\">venceu a corrida sprint<\/a> do <strong>GP de S\u00e3o Paulo<\/strong> gra\u00e7as \u00e0 ajuda de <strong>Oscar Piastri<\/strong>. E embora tenha admitido que n\u00e3o era uma vit\u00f3ria para se orgulhar, n\u00e3o deixou de reconhecer a atitude do companheiro de equipe, dizendo que ele &#8220;fez o que era para ser feito&#8221;.<\/p>\n\n\n\n<p class=\"wp-block-paragraph\">Norris largou em segundo, enquanto Piastri alinhou na pole-position. Na largada, por\u00e9m, o #4 tomou um fecho e teve de cuidar para evitar ataque de<strong> Max Verstappen<\/strong>, ent\u00e3o na segunda fila. Durante a prova, Lando chegou a reclamar com a McLaren da falta de passagem de Oscar, conforme &#8220;haviam conversado&#8221;.<\/p>\n\n\n\n<p class=\"wp-block-paragraph\">A troca de posi\u00e7\u00f5es s\u00f3 aconteceu a duas voltas do fim, antes da dire\u00e7\u00e3o de prova acionar o safety-car virtual por conta da quebra de <strong>Nico H\u00fclkenberg<\/strong>. <\/p>\n\n\n\n<p class=\"wp-block-paragraph\">&#8220;N\u00e3o fico orgulhoso com isso, mas trabalhamos bem como equipe, ent\u00e3o agrade\u00e7o ao Oscar&#8221;, come\u00e7ou Norris na entrevista p\u00f3s-corrida, ainda na pista. &#8220;Fizemos um \u00f3timo trabalho como equipe. Hoje foi o resultado que quer\u00edamos&#8221;, salientou.<\/p>\n\n\n\n<figure class=\"wp-block-image size-large\"><img decoding=\"async\" src=\"https:\/\/www.grandepremio.com\/br\/wp-content\/uploads\/2024\/11\/sao-paulo-brasil-interlagos-2024-f1-corrida-sprint-mclaren-lando-norris-01-1200x675.jpg\" alt=\"\" class=\"wp-image-890864\"\/><figcaption class=\"wp-element-caption\">Lando Norris passou Oscar Piastri com ordem da McLaren (Foto: Reprodu\u00e7\u00e3o\/F1)<\/figcaption><\/figure>\n\n\n\n<p class=\"wp-block-paragraph\">&#8220;Oscar merecia, mas fizemos o que era para ser feito. Portanto agrade\u00e7o a ele e \u00e0 equipe. Tivemos um \u00f3timo ritmo, ent\u00e3o estou ansioso para a classifica\u00e7\u00e3o e a corrida amanh\u00e3&#8221;, completou o brit\u00e2nico. <\/p>\n\n\n\n<p class=\"wp-block-paragraph\">Em seguida, argumentou que teve dificuldades de se aproximar do carro #81 por conta do ar sujo. \u201c\u00c9 dif\u00edcil. Estava um pouco inst\u00e1vel, eu me aproximava, voltava e me aproximava. \u00c9 que o ar sujo custa muito tempo de volta. Estava um pouco mais r\u00e1pido, mas n\u00e3o consegui passar naquele momento. Mas me senti bem.&#8221;<\/p>\n\n\n\n<p class=\"wp-block-paragraph\">\u201cAcho que est\u00e1vamos claramente mais r\u00e1pidos do que os outros, mas \u00e9 dif\u00edcil na sprint saber o que administrar ou for\u00e7ar, mas fizemos isso bem&#8221;, finalizou.<\/p>\n\n\n\n<p class=\"wp-block-paragraph\">O&nbsp;<strong>GRANDE PR\u00caMIO<\/strong>&nbsp;acompanha&nbsp;<a href=\"https:\/\/www.grandepremio.com\/br\/ao-vivo\/f1\/\"><strong>AO VIVO e EM&nbsp;<\/strong><\/a><a href=\"https:\/\/www.grandepremio.com\/br\/ao-vivo\/\"><\/a><strong><a href=\"https:\/\/www.grandepremio.com\/br\/ao-vivo\/\" target=\"_blank\" rel=\"noreferrer noopener\">TEMPO REAL<\/a><\/strong>&nbsp;todas as atividades do&nbsp;<strong>GP de S\u00e3o Paulo,&nbsp;<\/strong>em&nbsp;<strong><a href=\"https:\/\/www.grandepremio.com\/br\/circuito\/interlagos\/\" target=\"_blank\" rel=\"noreferrer noopener\">Interlagos<\/a><\/strong>, e transmite classifica\u00e7\u00e3o e corrida em segunda tela, em parceria com a Voz do Esporte, na&nbsp;<a href=\"https:\/\/www.youtube.com\/c\/GrandePremioTV\/streams\"><strong>GPTV, o canal do GP no Youtube<\/strong><\/a>. Depois das atividades de cada dia, debate tudo o que aconteceu no Briefing. No s\u00e1bado (2),&nbsp;a&nbsp;<strong>classifica\u00e7\u00e3o<\/strong>&nbsp;acontece \u00e0s 15h (de Bras\u00edlia, GMT-3). No&nbsp;domingo (3)<strong>, a largada<\/strong>&nbsp;est\u00e1 marcada para as 14h. O&nbsp;<strong>GRANDE PR\u00caMIO<\/strong>&nbsp;cobre \u2018in loco\u2019 com os rep\u00f3rteres&nbsp;<strong>Evelyn Guimar\u00e3es, Gabriel Carvalho, Gabriel Curty, Luana Marino&nbsp;<\/strong>e&nbsp;<strong>Pedro Henrique Marum<\/strong>, al\u00e9m do fot\u00f3grafo&nbsp;<strong>Rodrigo Berton.<\/strong><\/p>\n\n\n\n<p class=\"wp-block-paragraph\"><strong>Inscreva-se nos dois canais do GRANDE PR\u00caMIO no YouTube:&nbsp;<a href=\"https:\/\/www.youtube.com\/channel\/UC9OlHEgxoaY6QY6nWPoiqQg?sub_confirmation=1\" target=\"_blank\" rel=\"noreferrer noopener\">GP<\/a>&nbsp;|&nbsp;<a href=\"https:\/\/www.youtube.com\/channel\/UC9csiS6q_C3C0FYhyr1rnFA?sub_confirmation=1\" target=\"_blank\" rel=\"noreferrer noopener\">GP2<\/a><\/strong><br><strong>LEIA TAMB\u00c9M<\/strong>:&nbsp;<a href=\"https:\/\/www.grandepremio.com\/br\/f1\/noticias\/gabriel-bortoleto-desvincula-mclaren-encaminha-acordo-audi-formula-1\/\">Bortoleto se desvincula da McLaren e encaminha acordo com Audi na&nbsp;<\/a><a href=\"https:\/\/www.grandepremio.com\/br\/f1\/\" target=\"_blank\" rel=\"noreferrer noopener\">F\u00f3rmula 1<\/a><\/p>\n\n\n\n<figure class=\"wp-block-embed is-type-video is-provider-youtube wp-block-embed-youtube wp-embed-aspect-16-9 wp-has-aspect-ratio\"><div class=\"wp-block-embed__wrapper\">\n<iframe loading=\"lazy\" title=\"PIASTRI POLE, NORRIS 2\u00ba, VERSTAPPEN 4\u00ba: a CLASSIFICA\u00c7\u00c3O SPRINT da F1 no BRASIL | Briefing\" width=\"500\" height=\"281\" src=\"https:\/\/www.youtube.com\/embed\/Is8DJgD5Ijk?feature=oembed\" frameborder=\"0\" allow=\"accelerometer; autoplay; clipboard-write; encrypted-media; gyroscope; picture-in-picture; web-share\" referrerpolicy=\"strict-origin-when-cross-origin\" allowfullscreen><\/iframe>\n<\/div><\/figure>\n","protected":false},"excerpt":{"rendered":"<p>Lando Norris venceu a sprint do GP de S\u00e3o Paulo com a ajuda de Oscar Piastri, que terminou na segunda coloca\u00e7\u00e3o<\/p>\n","protected":false},"author":0,"featured_media":1000890865,"comment_status":"closed","ping_status":"closed","sticky":false,"template":"","format":"standard","meta":{"42wp_featured_image_caption":"","42wp_featured_image_credits":"","42wp_featured_video":"","42wp_featured_image_hidden":false,"42wp_authors_list":[],"footnotes":""},"categories":[2],"tags":[783,26271,5273,147,3230,180,30909,26680,1491,28285,30840,124,41483,32942,547,35129,2916,2380,41482,36865,33301],"42wp_author":[47147,47158],"class_list":["post-55073","post","type-post","status-publish","format-standard","has-post-thumbnail","hentry","category-f1","tag-brasil","tag-calendario-f1","tag-classificacao-f1","tag-f1","tag-f1-2024","tag-formula-1","tag-formula-1-2024","tag-gp-de-sao-paulo","tag-grande-premio","tag-grandepremio","tag-horarios-f1","tag-interlagos","tag-interlagos-2024","tag-interlagos-f1","tag-lando-norris","tag-onde-assistir-f1","tag-oscar-piastri","tag-sao-paulo","tag-sao-paulo-2024","tag-sao-paulo-f1","tag-temporada-2024-f1","42wp_author-luana-marino","42wp_author-warm-up"],"_links":{"self":[{"href":"https:\/\/grandepremio.com\/br\/wp-json\/wp\/v2\/posts\/55073","targetHints":{"allow":["GET"]}}],"collection":[{"href":"https:\/\/grandepremio.com\/br\/wp-json\/wp\/v2\/posts"}],"about":[{"href":"https:\/\/grandepremio.com\/br\/wp-json\/wp\/v2\/types\/post"}],"replies":[{"embeddable":true,"href":"https:\/\/grandepremio.com\/br\/wp-json\/wp\/v2\/comments?post=55073"}],"version-history":[{"count":0,"href":"https:\/\/grandepremio.com\/br\/wp-json\/wp\/v2\/posts\/55073\/revisions"}],"wp:featuredmedia":[{"embeddable":true,"href":"https:\/\/grandepremio.com\/br\/wp-json\/wp\/v2\/media\/1000890865"}],"wp:attachment":[{"href":"https:\/\/grandepremio.com\/br\/wp-json\/wp\/v2\/media?parent=55073"}],"wp:term":[{"taxonomy":"category","embeddable":true,"href":"https:\/\/grandepremio.com\/br\/wp-json\/wp\/v2\/categories?post=55073"},{"taxonomy":"post_tag","embeddable":true,"href":"https:\/\/grandepremio.com\/br\/wp-json\/wp\/v2\/tags?post=55073"},{"taxonomy":"42wp_author","embeddable":true,"href":"https:\/\/grandepremio.com\/br\/wp-json\/wp\/v2\/42wp_author?post=55073"}],"curies":[{"name":"wp","href":"https:\/\/api.w.org\/{rel}","templated":true}]}}