{"id":55115,"date":"2024-11-02T10:00:14","date_gmt":"2024-11-02T13:00:14","guid":{"rendered":"https:\/\/grandepremio.com\/br\/noticias\/fernando-alonso-lance-stroll-guanyu-zhou-mexem-carro-largam-pit-lane-sprint-sao-paulo\/"},"modified":"2024-11-02T17:50:49","modified_gmt":"2024-11-02T20:50:49","slug":"fernando-alonso-lance-stroll-guanyu-zhou-mexem-carro-largam-pit-lane-sprint-sao-paulo","status":"publish","type":"post","link":"https:\/\/grandepremio.com\/br\/f1\/fernando-alonso-lance-stroll-guanyu-zhou-mexem-carro-largam-pit-lane-sprint-sao-paulo\/","title":{"rendered":"Alonso, Stroll e Zhou mexem no carro e largam do pit-lane na sprint de S\u00e3o Paulo"},"content":{"rendered":"\n<p class=\"wp-block-paragraph\">O grid de largada da <strong>corrida sprint<\/strong> do<strong> GP de S\u00e3o Paulo<\/strong>, <a href=\"https:\/\/www.grandepremio.com\/br\/f1\/noticias\/oscar-piastri-voa-interlagos-crava-pole-sprint-gp-brasil-sao-paulo-formula-1-1-2-mclaren\/\">que acontece neste s\u00e1bado (2)<\/a>, ter\u00e1 algumas mudan\u00e7as depois de <strong>Aston Martin<\/strong> e <strong>Sauber <\/strong>mexerem nos carros de <strong>Fernando Alonso<\/strong>, <strong>Lance Stroll<\/strong> e <strong>Guanyu Zhou<\/strong>, respectivamente. Por conta das altera\u00e7\u00f5es de configura\u00e7\u00e3o, o trio ter\u00e1 de partir do pit-lane de <strong>Interlagos<\/strong>.<\/p>\n\n\n\n<p class=\"wp-block-paragraph\">O time de Hinwil alterou o acerto da suspens\u00e3o do carro de Zhou, enquanto a equipe de Silverstone fez o mesmo, por\u00e9m tamb\u00e9m aproveitou para mudar as especifica\u00e7\u00f5es da carroceria do <strong>AMR24<\/strong>.<\/p>\n\n\n\n<p class=\"wp-block-paragraph\">Na classifica\u00e7\u00e3o da prova curta, os tr\u00eas n\u00e3o conseguiram avan\u00e7ar ao <strong>SQ2<\/strong>. Alonso foi o que se posicionou melhor, em 16\u00ba, enquanto Stroll e Zhou fecharam a \u00faltima fila, em 19\u00ba e 20\u00ba, respectivamente.<\/p>\n\n\n\n<p class=\"wp-block-paragraph\">Por conta das puni\u00e7\u00f5es, <strong>Esteban Ocon <\/strong>larga em 16\u00ba, seguido por <strong>Yuki Tsunoda<\/strong>. <strong>Oscar Piastri<\/strong> \u00e9 o pole-position, com <strong>Lando Norris <\/strong>fechando a primeira fila.<\/p>\n\n\n\n<figure class=\"wp-block-image size-large\"><img decoding=\"async\" src=\"https:\/\/www.grandepremio.com\/br\/wp-content\/uploads\/2024\/11\/sao-paulo-brasil-interlagos-warm-up-2024-f1-treino-livre-sauber-guanyu-zhou-02-1200x800.jpg\" alt=\"\" class=\"wp-image-889995\"\/><figcaption class=\"wp-element-caption\">Guanyu Zhou vai para a sprint com um novo acerto de suspens\u00e3o (Foto: Rodrigo Berton\/Warm Up)<\/figcaption><\/figure>\n\n\n\n<p class=\"wp-block-paragraph\">O\u00a0<strong>GRANDE PR\u00caMIO<\/strong>\u00a0acompanha\u00a0<a href=\"https:\/\/www.grandepremio.com\/br\/ao-vivo\/f1\/\"><strong>AO VIVO e EM\u00a0<\/strong><\/a><a href=\"https:\/\/www.grandepremio.com\/br\/ao-vivo\/\"><\/a><strong><a href=\"https:\/\/www.grandepremio.com\/br\/ao-vivo\/\" target=\"_blank\" rel=\"noreferrer noopener\">TEMPO REAL<\/a><\/strong>\u00a0todas as atividades do\u00a0<strong>GP de S\u00e3o Paulo,\u00a0<\/strong>em\u00a0<strong><a href=\"https:\/\/www.grandepremio.com\/br\/circuito\/interlagos\/\" target=\"_blank\" rel=\"noreferrer noopener\">Interlagos<\/a><\/strong>, e transmite classifica\u00e7\u00e3o e corrida em segunda tela, em parceria com a Voz do Esporte, na\u00a0<a href=\"https:\/\/www.youtube.com\/c\/GrandePremioTV\/streams\"><strong>GPTV, o canal do GP no Youtube<\/strong><\/a>. Depois das atividades de cada dia, debate tudo o que aconteceu no Briefing.\u00a0No s\u00e1bado (2),\u00a0<strong>a corrida sprint\u00a0<\/strong>ser\u00e1 \u00e0s 11h (de Bras\u00edlia, GMT-3), ao passo que a\u00a0<strong>classifica\u00e7\u00e3o<\/strong>\u00a0acontece \u00e0s 15h. No\u00a0domingo (3)<strong>, a largada<\/strong>\u00a0est\u00e1 marcada para as 14h. O\u00a0<strong>GRANDE PR\u00caMIO<\/strong>\u00a0cobre \u2018in loco\u2019 com os rep\u00f3rteres\u00a0<strong>Evelyn Guimar\u00e3es, Gabriel Carvalho, Gabriel Curty, Luana Marino\u00a0<\/strong>e\u00a0<strong>Pedro Henrique Marum<\/strong>, al\u00e9m do fot\u00f3grafo\u00a0<strong>Rodrigo Berton.<\/strong><\/p>\n\n\n\n<p class=\"wp-block-paragraph\">\u25b6\ufe0f\u00a0<strong>Inscreva-se nos dois canais do GRANDE PR\u00caMIO no YouTube:\u00a0<a href=\"https:\/\/www.youtube.com\/channel\/UC9OlHEgxoaY6QY6nWPoiqQg?sub_confirmation=1\" target=\"_blank\" rel=\"noreferrer noopener\">GP<\/a>\u00a0|\u00a0<a href=\"https:\/\/www.youtube.com\/channel\/UC9csiS6q_C3C0FYhyr1rnFA?sub_confirmation=1\" target=\"_blank\" rel=\"noreferrer noopener\">GP2<\/a><\/strong><br>\u25b6\ufe0f\u00a0<strong>LEIA TAMB\u00c9M<\/strong>:\u00a0<strong><a href=\"https:\/\/www.grandepremio.com\/br\/f1\/noticias\/gabriel-bortoleto-desvincula-mclaren-encaminha-acordo-audi-formula-1\/\">Bortoleto se desvincula da McLaren e encaminha acordo com Audi na\u00a0<\/a><a href=\"https:\/\/www.grandepremio.com\/br\/f1\/\" target=\"_blank\" rel=\"noreferrer noopener\">F\u00f3rmula 1<\/a><\/strong><\/p>\n\n\n\n<figure class=\"wp-block-embed is-type-video is-provider-youtube wp-block-embed-youtube wp-embed-aspect-16-9 wp-has-aspect-ratio\"><div class=\"wp-block-embed__wrapper\">\n<iframe loading=\"lazy\" title=\"PIASTRI POLE, NORRIS 2\u00ba, VERSTAPPEN 4\u00ba: a CLASSIFICA\u00c7\u00c3O SPRINT da F1 no BRASIL | Briefing\" width=\"500\" height=\"281\" src=\"https:\/\/www.youtube.com\/embed\/Is8DJgD5Ijk?feature=oembed\" frameborder=\"0\" allow=\"accelerometer; autoplay; clipboard-write; encrypted-media; gyroscope; picture-in-picture; web-share\" referrerpolicy=\"strict-origin-when-cross-origin\" allowfullscreen><\/iframe>\n<\/div><\/figure>\n","protected":false},"excerpt":{"rendered":"<p>Tanto Aston Martin quanto Sauber mexeram nos acertos dos carros entre a classifica\u00e7\u00e3o sprint e a corrida que acontece neste s\u00e1bado (2), em Interlagos<\/p>\n","protected":false},"author":0,"featured_media":1000890561,"comment_status":"closed","ping_status":"closed","sticky":false,"template":"","format":"standard","meta":{"42wp_featured_image_caption":"","42wp_featured_image_credits":"","42wp_featured_video":"","42wp_featured_image_hidden":false,"42wp_authors_list":[],"footnotes":""},"categories":[2],"tags":[783,26271,5273,147,3230,176,180,30909,26680,1491,28285,3746,30840,124,41483,32942,485,35129,2380,41482,36865,33301],"42wp_author":[47147,47158],"class_list":["post-55115","post","type-post","status-publish","format-standard","has-post-thumbnail","hentry","category-f1","tag-brasil","tag-calendario-f1","tag-classificacao-f1","tag-f1","tag-f1-2024","tag-fernando-alonso","tag-formula-1","tag-formula-1-2024","tag-gp-de-sao-paulo","tag-grande-premio","tag-grandepremio","tag-guanyu-zhou","tag-horarios-f1","tag-interlagos","tag-interlagos-2024","tag-interlagos-f1","tag-lance-stroll","tag-onde-assistir-f1","tag-sao-paulo","tag-sao-paulo-2024","tag-sao-paulo-f1","tag-temporada-2024-f1","42wp_author-luana-marino","42wp_author-warm-up"],"_links":{"self":[{"href":"https:\/\/grandepremio.com\/br\/wp-json\/wp\/v2\/posts\/55115","targetHints":{"allow":["GET"]}}],"collection":[{"href":"https:\/\/grandepremio.com\/br\/wp-json\/wp\/v2\/posts"}],"about":[{"href":"https:\/\/grandepremio.com\/br\/wp-json\/wp\/v2\/types\/post"}],"replies":[{"embeddable":true,"href":"https:\/\/grandepremio.com\/br\/wp-json\/wp\/v2\/comments?post=55115"}],"version-history":[{"count":0,"href":"https:\/\/grandepremio.com\/br\/wp-json\/wp\/v2\/posts\/55115\/revisions"}],"wp:featuredmedia":[{"embeddable":true,"href":"https:\/\/grandepremio.com\/br\/wp-json\/wp\/v2\/media\/1000890561"}],"wp:attachment":[{"href":"https:\/\/grandepremio.com\/br\/wp-json\/wp\/v2\/media?parent=55115"}],"wp:term":[{"taxonomy":"category","embeddable":true,"href":"https:\/\/grandepremio.com\/br\/wp-json\/wp\/v2\/categories?post=55115"},{"taxonomy":"post_tag","embeddable":true,"href":"https:\/\/grandepremio.com\/br\/wp-json\/wp\/v2\/tags?post=55115"},{"taxonomy":"42wp_author","embeddable":true,"href":"https:\/\/grandepremio.com\/br\/wp-json\/wp\/v2\/42wp_author?post=55115"}],"curies":[{"name":"wp","href":"https:\/\/api.w.org\/{rel}","templated":true}]}}