{"id":55403,"date":"2024-11-01T12:53:46","date_gmt":"2024-11-01T15:53:46","guid":{"rendered":"https:\/\/grandepremio.com\/br\/noticias\/chefe-red-bull-flagrado-williams-interlagos-acende-rumores-franco-colapinto\/"},"modified":"2024-11-01T21:24:33","modified_gmt":"2024-11-02T00:24:33","slug":"chefe-red-bull-flagrado-williams-interlagos-acende-rumores-franco-colapinto","status":"publish","type":"post","link":"https:\/\/grandepremio.com\/br\/f1\/chefe-red-bull-flagrado-williams-interlagos-acende-rumores-franco-colapinto\/","title":{"rendered":"Chefe da Red Bull \u00e9 flagrado na Williams em Interlagos e acende rumores sobre Colapinto"},"content":{"rendered":"\n<p class=\"wp-block-paragraph\">Chefe da<strong> Red Bull<\/strong>, <strong>Christian Horner <\/strong>foi flagrado deixando a hospitalidade da <strong>Williams <\/strong>em <strong>Interlagos <\/strong>depois de passar boa parte da manh\u00e3 desta sexta-feira (1) no local. A cena acontece em meio aos rumores de que <strong>Franco Colapinto <\/strong>est\u00e1 na mira dos taurinos e pode conseguir uma vaga no grupo austr\u00edaco j\u00e1 no ano que vem.<\/p>\n\n\n\n<p class=\"wp-block-paragraph\">Colapinto estreou na Williams no <strong>GP da It\u00e1lia<\/strong>, no lugar do dispensado <strong>Logan Sargeant<\/strong>, e desde ent\u00e3o tem recebidos muitos elogios pelas boas performances. J\u00e1 na segunda corrida disputada, no <strong>Azerbaij\u00e3o<\/strong>, marcou os primeiros pontos ao cruzar a linha de chegada em oitavo.<\/p>\n\n\n\n<p class=\"wp-block-paragraph\">De in\u00edcio, a Red Bull se mostrava inclinada a resolver o segundo posto na <strong>RB <\/strong>internamente, com <strong>Liam Lawson <\/strong>favorito depois de assumir o lugar de <strong>Daniel Ricciardo<\/strong>, que tamb\u00e9m deixou a temporada 2024 antes do fim. S\u00f3 que as coisas come\u00e7aram a mudar dos <strong>Estados Unidos<\/strong> em diante.<\/p>\n\n\n\n<p class=\"wp-block-paragraph\">Em <strong>Austin<\/strong>, Colapinto voltou a pontuar com o d\u00e9cimo posto na corrida. Na <strong>Cidade do M\u00e9xico<\/strong>, a hist\u00f3ria ganhou ainda mais corpo quando, primeiro, o consultor da Red Bull, <strong>Helmut Marko<\/strong>, admitiu que o problema era a liga\u00e7\u00e3o com a Williams. Depois foi a vez de <strong>James Vowles<\/strong> desconversar durante a transmiss\u00e3o da <em>Sky Sports<\/em>, mas dizer que havia &#8220;conversas amig\u00e1veis&#8221;.<\/p>\n\n\n\n<figure class=\"wp-block-video\"><video class=\"video-js vjs-big-play-centered\" data-gp-vjs=\"1\" controls src=\"https:\/\/www.grandepremio.com\/br\/wp-content\/uploads\/2024\/11\/2024_11_01_Horner_Williams.mp4\"><\/video><figcaption class=\"wp-element-caption\">Christian Horner \u00e9 flagrado na Williams em Interlagos (V\u00eddeo: reprodu\u00e7\u00e3o\/ESPN)<\/figcaption><\/figure>\n\n\n\n<p class=\"wp-block-paragraph\">O pr\u00f3prio Horner tamb\u00e9m teceu elogios p\u00fablicos ao novato argentino e foi al\u00e9m, confirmando o interesse ao dizer que ele era &#8220;surpreendentemente melhor do que parecia na <strong>F\u00f3rmula 2<\/strong>&#8220;. <\/p>\n\n\n\n<p class=\"wp-block-paragraph\">Outra informa\u00e7\u00e3o ainda mais incisiva surgiu na imprensa neerlandesa, na <em>TV Ziggo<\/em>. O jornalista <em>Jack Plooij<\/em> assegurou que a Red Bull estaria disposta a desembolsar\u00a0<strong>US$ 20 milh\u00f5es<\/strong>\u00a0(cerca de R$ 115,5 milh\u00f5es) para substituir\u00a0<strong><a href=\"https:\/\/www.grandepremio.com\/br\/piloto\/sergio-prez\/\" target=\"_blank\" rel=\"noreferrer noopener\">Sergio P\u00e9rez<\/a><\/strong>\u00a0pelo novato em\u00a0<strong>2025<\/strong>. O\u00a0<strong>GRANDE PR\u00caMIO<\/strong>, inclusive, soube que o interesse da marca austr\u00edaca no argentino\u00a0<strong>\u00e9 real<\/strong>.<\/p>\n\n\n\n<p class=\"wp-block-paragraph\">O\u00a0<strong>GRANDE PR\u00caMIO<\/strong>\u00a0acompanha\u00a0<strong><a href=\"https:\/\/www.grandepremio.com\/br\/ao-vivo\/f1\/\" target=\"_blank\" rel=\"noreferrer noopener\">AO VIVO e EM\u00a0<\/a><a href=\"https:\/\/www.grandepremio.com\/br\/ao-vivo\/\" target=\"_blank\" rel=\"noreferrer noopener\">TEMPO REAL<\/a><\/strong>\u00a0todas as atividades do\u00a0<strong>GP de S\u00e3o Paulo,\u00a0<\/strong>em\u00a0<strong>Interlagos<\/strong>, e transmite classifica\u00e7\u00e3o e corrida em segunda tela, em parceria com a Voz do Esporte, na\u00a0<strong><a href=\"https:\/\/www.youtube.com\/c\/GrandePremioTV\/streams\" target=\"_blank\" rel=\"noreferrer noopener\">GPTV, o canal do GP no Youtube<\/a><\/strong>. Depois das atividades de cada dia, debate tudo o que aconteceu no Briefing. Logo mais, \u00e0s 15h30 (de Bras\u00edlia, GMT-3), acontece<strong>\u00a0a classifica\u00e7\u00e3o sprint.<\/strong>\u00a0No s\u00e1bado (2),\u00a0<strong>a corrida sprint\u00a0<\/strong>ser\u00e1 \u00e0s 11h, ao passo que a\u00a0<strong>classifica\u00e7\u00e3o<\/strong>\u00a0acontece \u00e0s 15h. No domingo (3)<strong>, a largada<\/strong>\u00a0est\u00e1 marcada para as 14h. O\u00a0<strong>GRANDE PR\u00caMIO<\/strong>\u00a0cobre \u2018in loco\u2019 com os rep\u00f3rteres\u00a0<strong>Evelyn Guimar\u00e3es, Gabriel Carvalho, Gabriel Curty, Luana Marino\u00a0<\/strong>e\u00a0<strong>Pedro Henrique Marum<\/strong>, al\u00e9m do fot\u00f3grafo\u00a0<strong>Rodrigo Berton.<\/strong><\/p>\n\n\n\n<p class=\"wp-block-paragraph\"><strong><img decoding=\"async\" src=\"https:\/\/a.slack-edge.com\/production-standard-emoji-assets\/14.0\/google-medium\/25b6-fe0f.png\" alt=\":seta_para_frente:\">&nbsp;Inscreva-se nos dois canais do GRANDE PR\u00caMIO no YouTube:&nbsp;<a href=\"https:\/\/www.youtube.com\/channel\/UC9OlHEgxoaY6QY6nWPoiqQg?sub_confirmation=1\" target=\"_blank\" rel=\"noreferrer noopener\">GP<\/a>&nbsp;|&nbsp;<a href=\"https:\/\/www.youtube.com\/channel\/UC9csiS6q_C3C0FYhyr1rnFA?sub_confirmation=1\" target=\"_blank\" rel=\"noreferrer noopener\">GP2<\/a><\/strong><br><strong><img decoding=\"async\" src=\"https:\/\/a.slack-edge.com\/production-standard-emoji-assets\/14.0\/google-medium\/25b6-fe0f.png\" alt=\":seta_para_frente:\">&nbsp;LEIA TAMB\u00c9M<\/strong>:&nbsp;<strong><a href=\"https:\/\/www.grandepremio.com\/br\/f1\/noticias\/tentativa-arrancadas-lando-norris-ferrari-o-que-esta-jogo-gp-sao-paulo\/\">Tentativa de arrancadas de Norris e da Ferrari: o que est\u00e1 em jogo no GP de&nbsp;<\/a><a href=\"https:\/\/www.grandepremio.com\/br\/circuito\/sao-paulo\/\" target=\"_blank\" rel=\"noreferrer noopener\"><\/a><a href=\"https:\/\/www.grandepremio.com\/br\/circuito\/sao-paulo\/\" target=\"_blank\" rel=\"noreferrer noopener\"><\/a><a href=\"https:\/\/www.grandepremio.com\/br\/circuito\/sao-paulo\/\" target=\"_blank\" rel=\"noreferrer noopener\"><\/a><a href=\"https:\/\/www.grandepremio.com\/br\/circuito\/sao-paulo\/\" target=\"_blank\" rel=\"noreferrer noopener\"><\/a><a href=\"https:\/\/www.grandepremio.com\/br\/circuito\/sao-paulo\/\" target=\"_blank\" rel=\"noreferrer noopener\"><\/a><a href=\"https:\/\/www.grandepremio.com\/br\/circuito\/sao-paulo\/\" target=\"_blank\" rel=\"noreferrer noopener\">S\u00e3o Paulo<\/a><\/strong><\/p>\n","protected":false},"excerpt":{"rendered":"<p>Christian Horner passou boa parte da manh\u00e3 nas instala\u00e7\u00f5es da Williams em Interlagos, que recebe o GP de S\u00e3o Paulo neste fim de semana<\/p>\n","protected":false},"author":0,"featured_media":1000889910,"comment_status":"closed","ping_status":"closed","sticky":false,"template":"","format":"standard","meta":{"42wp_featured_image_caption":"","42wp_featured_image_credits":"","42wp_featured_video":"","42wp_featured_image_hidden":false,"42wp_authors_list":[],"footnotes":""},"categories":[2],"tags":[783,26271,5273,147,3230,180,30909,26680,1491,28285,30840,124,41483,32942,35129,2380,41482,36865,33301],"42wp_author":[47147,47158],"class_list":["post-55403","post","type-post","status-publish","format-standard","has-post-thumbnail","hentry","category-f1","tag-brasil","tag-calendario-f1","tag-classificacao-f1","tag-f1","tag-f1-2024","tag-formula-1","tag-formula-1-2024","tag-gp-de-sao-paulo","tag-grande-premio","tag-grandepremio","tag-horarios-f1","tag-interlagos","tag-interlagos-2024","tag-interlagos-f1","tag-onde-assistir-f1","tag-sao-paulo","tag-sao-paulo-2024","tag-sao-paulo-f1","tag-temporada-2024-f1","42wp_author-luana-marino","42wp_author-warm-up"],"_links":{"self":[{"href":"https:\/\/grandepremio.com\/br\/wp-json\/wp\/v2\/posts\/55403","targetHints":{"allow":["GET"]}}],"collection":[{"href":"https:\/\/grandepremio.com\/br\/wp-json\/wp\/v2\/posts"}],"about":[{"href":"https:\/\/grandepremio.com\/br\/wp-json\/wp\/v2\/types\/post"}],"replies":[{"embeddable":true,"href":"https:\/\/grandepremio.com\/br\/wp-json\/wp\/v2\/comments?post=55403"}],"version-history":[{"count":0,"href":"https:\/\/grandepremio.com\/br\/wp-json\/wp\/v2\/posts\/55403\/revisions"}],"wp:featuredmedia":[{"embeddable":true,"href":"https:\/\/grandepremio.com\/br\/wp-json\/wp\/v2\/media\/1000889910"}],"wp:attachment":[{"href":"https:\/\/grandepremio.com\/br\/wp-json\/wp\/v2\/media?parent=55403"}],"wp:term":[{"taxonomy":"category","embeddable":true,"href":"https:\/\/grandepremio.com\/br\/wp-json\/wp\/v2\/categories?post=55403"},{"taxonomy":"post_tag","embeddable":true,"href":"https:\/\/grandepremio.com\/br\/wp-json\/wp\/v2\/tags?post=55403"},{"taxonomy":"42wp_author","embeddable":true,"href":"https:\/\/grandepremio.com\/br\/wp-json\/wp\/v2\/42wp_author?post=55403"}],"curies":[{"name":"wp","href":"https:\/\/api.w.org\/{rel}","templated":true}]}}