{"id":55413,"date":"2024-11-01T12:09:43","date_gmt":"2024-11-01T15:09:43","guid":{"rendered":"https:\/\/grandepremio.com\/br\/noticias\/fia-confirma-troca-motor-perda-5-posicoes-max-verstappen-grid-sao-paulo\/"},"modified":"2024-11-01T18:05:43","modified_gmt":"2024-11-01T21:05:43","slug":"fia-confirma-troca-motor-perda-5-posicoes-max-verstappen-grid-sao-paulo","status":"publish","type":"post","link":"https:\/\/grandepremio.com\/br\/f1\/fia-confirma-troca-motor-perda-5-posicoes-max-verstappen-grid-sao-paulo\/","title":{"rendered":"FIA confirma troca de motor e perda de 5 posi\u00e7\u00f5es a Verstappen no grid de S\u00e3o Paulo"},"content":{"rendered":"\n<p class=\"wp-block-paragraph\"><strong>Max Verstappen<\/strong> vai perder cinco posi\u00e7\u00f5es no grid do <strong>GP de S\u00e3o Paulo<\/strong>, que acontece neste domingo (3), em <strong>Interlagos<\/strong>. A <strong>Federa\u00e7\u00e3o Internacional de Automobilismo<\/strong> (FIA) confirmou a troca do motor de combust\u00e3o interna, e como a<strong> Red Bull <\/strong>colocou o sexto novo de quatro permitidos pelo regulamento, a puni\u00e7\u00e3o foi aplicada.<\/p>\n\n\n\n<p class=\"wp-block-paragraph\">Verstappen, contudo, perde somente cinco por j\u00e1 ter cumprido san\u00e7\u00e3o por troca de motor este ano. Na etapa da B\u00e9lgica, o neerland\u00eas precisou apelar para o quinto diferente na temporada e pagou dez posi\u00e7\u00f5es. <\/p>\n\n\n\n<p class=\"wp-block-paragraph\">Durante a coletiva de imprensa de quinta-feira, Max admitiu que a puni\u00e7\u00e3o era algo inevit\u00e1vel. Vale lembrar que o que conta para as puni\u00e7\u00f5es s\u00e3o os elementos novos, e n\u00e3o as trocas. Na corrida passada, na <strong>Cidade do M\u00e9xico<\/strong>, Max usou um motor antigo depois dos in\u00fameros problemas que teve nos treinos livres, por isso n\u00e3o sofreu nenhuma san\u00e7\u00e3o.<\/p>\n\n\n\n<p class=\"wp-block-paragraph\">Al\u00e9m do motor de combust\u00e3o, os outros elementos que comp\u00f5em a unidade de pot\u00eancia s\u00e3o: turbocompressor (4), MGU-K (4), MGU-H (4), bateria (2), central eletr\u00f4nica (2) e escapamento (8) \u2014 este \u00faltimo, tamb\u00e9m substitu\u00eddo no carro de Verstappen, por\u00e9m ainda dentro do limite determinado pela FIA.<\/p>\n\n\n\n<figure class=\"wp-block-image size-large\"><img decoding=\"async\" src=\"https:\/\/www.grandepremio.com\/br\/wp-content\/uploads\/2024\/10\/sao-paulo-2024-f1-quinta-feira-red-bull-max-verstappen-afp-01-1200x800.jpg\" alt=\"\" class=\"wp-image-889429\"\/><figcaption class=\"wp-element-caption\">Max Verstappen (Foto: AFP) <\/figcaption><\/figure>\n\n\n\n<p class=\"wp-block-paragraph\">O&nbsp;<strong>GRANDE PR\u00caMIO<\/strong>&nbsp;acompanha&nbsp;<strong><a href=\"https:\/\/www.grandepremio.com\/br\/ao-vivo\/f1\/\" target=\"_blank\" rel=\"noreferrer noopener\">AO VIVO e EM&nbsp;<\/a><a href=\"https:\/\/www.grandepremio.com\/br\/ao-vivo\/\" target=\"_blank\" rel=\"noreferrer noopener\">TEMPO REAL<\/a><\/strong>&nbsp;todas as atividades do&nbsp;<strong>GP de S\u00e3o Paulo,&nbsp;<\/strong>em&nbsp;<strong>Interlagos<\/strong>, e transmite classifica\u00e7\u00e3o e corrida em segunda tela, em parceria com a Voz do Esporte, na&nbsp;<strong><a href=\"https:\/\/www.youtube.com\/c\/GrandePremioTV\/streams\" target=\"_blank\" rel=\"noreferrer noopener\">GPTV, o canal do GP no Youtube<\/a><\/strong>. Depois das atividades de cada dia, debate tudo o que aconteceu no Briefing. Logo mais, \u00e0s 15h30 (de Bras\u00edlia, GMT-3), acontece<strong>&nbsp;a classifica\u00e7\u00e3o sprint.<\/strong>&nbsp;No s\u00e1bado (2),&nbsp;<strong>a corrida sprint&nbsp;<\/strong>ser\u00e1 \u00e0s 11h, ao passo que a&nbsp;<strong>classifica\u00e7\u00e3o<\/strong>&nbsp;acontece \u00e0s 15h. No domingo (3)<strong>, a largada<\/strong>&nbsp;est\u00e1 marcada para as 14h. O&nbsp;<strong>GRANDE PR\u00caMIO<\/strong>&nbsp;cobre \u2018in loco\u2019 com os rep\u00f3rteres&nbsp;<strong>Evelyn Guimar\u00e3es, Gabriel Carvalho, Gabriel Curty, Luana Marino&nbsp;<\/strong>e&nbsp;<strong>Pedro Henrique Marum<\/strong>, al\u00e9m do fot\u00f3grafo&nbsp;<strong>Rodrigo Berton.<\/strong><\/p>\n\n\n\n<p class=\"wp-block-paragraph\"><strong><img decoding=\"async\" src=\"https:\/\/a.slack-edge.com\/production-standard-emoji-assets\/14.0\/google-medium\/25b6-fe0f.png\" alt=\":seta_para_frente:\">&nbsp;Inscreva-se nos dois canais do GRANDE PR\u00caMIO no YouTube:&nbsp;<a href=\"https:\/\/www.youtube.com\/channel\/UC9OlHEgxoaY6QY6nWPoiqQg?sub_confirmation=1\" target=\"_blank\" rel=\"noreferrer noopener\">GP<\/a>&nbsp;|&nbsp;<a href=\"https:\/\/www.youtube.com\/channel\/UC9csiS6q_C3C0FYhyr1rnFA?sub_confirmation=1\" target=\"_blank\" rel=\"noreferrer noopener\">GP2<\/a><\/strong><br><strong><img decoding=\"async\" src=\"https:\/\/a.slack-edge.com\/production-standard-emoji-assets\/14.0\/google-medium\/25b6-fe0f.png\" alt=\":seta_para_frente:\">&nbsp;LEIA TAMB\u00c9M<\/strong>:&nbsp;<strong><a href=\"https:\/\/www.grandepremio.com\/br\/f1\/noticias\/tentativa-arrancadas-lando-norris-ferrari-o-que-esta-jogo-gp-sao-paulo\/\">Tentativa de arrancadas de Norris e da Ferrari: o que est\u00e1 em jogo no GP de&nbsp;<\/a><a href=\"https:\/\/www.grandepremio.com\/br\/circuito\/sao-paulo\/\" target=\"_blank\" rel=\"noreferrer noopener\"><\/a><a href=\"https:\/\/www.grandepremio.com\/br\/circuito\/sao-paulo\/\" target=\"_blank\" rel=\"noreferrer noopener\"><\/a><a href=\"https:\/\/www.grandepremio.com\/br\/circuito\/sao-paulo\/\" target=\"_blank\" rel=\"noreferrer noopener\"><\/a><a href=\"https:\/\/www.grandepremio.com\/br\/circuito\/sao-paulo\/\" target=\"_blank\" rel=\"noreferrer noopener\"><\/a><a href=\"https:\/\/www.grandepremio.com\/br\/circuito\/sao-paulo\/\" target=\"_blank\" rel=\"noreferrer noopener\">S\u00e3o Paulo<\/a><\/strong><\/p>\n\n\n\n<figure class=\"wp-block-embed is-type-video is-provider-youtube wp-block-embed-youtube wp-embed-aspect-16-9 wp-has-aspect-ratio\"><div class=\"wp-block-embed__wrapper\">\n<iframe loading=\"lazy\" title=\"GUERRA nas PISTAS e ENTREVISTAS: NORRIS e VERSTAPPEN DUELAM em SP | GP \u00e0s 10\" width=\"500\" height=\"281\" src=\"https:\/\/www.youtube.com\/embed\/kmecdKvxKGU?feature=oembed\" frameborder=\"0\" allow=\"accelerometer; autoplay; clipboard-write; encrypted-media; gyroscope; picture-in-picture; web-share\" referrerpolicy=\"strict-origin-when-cross-origin\" allowfullscreen><\/iframe>\n<\/div><\/figure>\n","protected":false},"excerpt":{"rendered":"<p>Max Verstappen precisou do sexto motor de combust\u00e3o interna, mas como foi punido antes na B\u00e9lgica pelo mesmo motivo, perde menos posi\u00e7\u00f5es no grid do GP de S\u00e3o Paulo<\/p>\n","protected":false},"author":0,"featured_media":1000889298,"comment_status":"closed","ping_status":"closed","sticky":false,"template":"","format":"standard","meta":{"42wp_featured_image_caption":"","42wp_featured_image_credits":"","42wp_featured_video":"","42wp_featured_image_hidden":false,"42wp_authors_list":[],"footnotes":""},"categories":[2],"tags":[783,26271,5273,147,3230,103,180,30909,26680,1491,28285,30840,124,41483,32942,203,35129,2380,41482,36865,33301],"42wp_author":[47147,47158],"class_list":["post-55413","post","type-post","status-publish","format-standard","has-post-thumbnail","hentry","category-f1","tag-brasil","tag-calendario-f1","tag-classificacao-f1","tag-f1","tag-f1-2024","tag-fia","tag-formula-1","tag-formula-1-2024","tag-gp-de-sao-paulo","tag-grande-premio","tag-grandepremio","tag-horarios-f1","tag-interlagos","tag-interlagos-2024","tag-interlagos-f1","tag-max-verstappen","tag-onde-assistir-f1","tag-sao-paulo","tag-sao-paulo-2024","tag-sao-paulo-f1","tag-temporada-2024-f1","42wp_author-luana-marino","42wp_author-warm-up"],"_links":{"self":[{"href":"https:\/\/grandepremio.com\/br\/wp-json\/wp\/v2\/posts\/55413","targetHints":{"allow":["GET"]}}],"collection":[{"href":"https:\/\/grandepremio.com\/br\/wp-json\/wp\/v2\/posts"}],"about":[{"href":"https:\/\/grandepremio.com\/br\/wp-json\/wp\/v2\/types\/post"}],"replies":[{"embeddable":true,"href":"https:\/\/grandepremio.com\/br\/wp-json\/wp\/v2\/comments?post=55413"}],"version-history":[{"count":0,"href":"https:\/\/grandepremio.com\/br\/wp-json\/wp\/v2\/posts\/55413\/revisions"}],"wp:featuredmedia":[{"embeddable":true,"href":"https:\/\/grandepremio.com\/br\/wp-json\/wp\/v2\/media\/1000889298"}],"wp:attachment":[{"href":"https:\/\/grandepremio.com\/br\/wp-json\/wp\/v2\/media?parent=55413"}],"wp:term":[{"taxonomy":"category","embeddable":true,"href":"https:\/\/grandepremio.com\/br\/wp-json\/wp\/v2\/categories?post=55413"},{"taxonomy":"post_tag","embeddable":true,"href":"https:\/\/grandepremio.com\/br\/wp-json\/wp\/v2\/tags?post=55413"},{"taxonomy":"42wp_author","embeddable":true,"href":"https:\/\/grandepremio.com\/br\/wp-json\/wp\/v2\/42wp_author?post=55413"}],"curies":[{"name":"wp","href":"https:\/\/api.w.org\/{rel}","templated":true}]}}