{"id":55567,"date":"2024-10-31T17:12:12","date_gmt":"2024-10-31T20:12:12","guid":{"rendered":"https:\/\/grandepremio.com\/br\/noticias\/nao-vejo-como-passaria-sem-punicao-george-russell-avalia-ataque-max-verstappen-mexico\/"},"modified":"2024-10-31T18:59:53","modified_gmt":"2024-10-31T21:59:53","slug":"nao-vejo-como-passaria-sem-punicao-george-russell-avalia-ataque-max-verstappen-mexico","status":"publish","type":"post","link":"https:\/\/grandepremio.com\/br\/f1\/nao-vejo-como-passaria-sem-punicao-george-russell-avalia-ataque-max-verstappen-mexico\/","title":{"rendered":"&#8220;N\u00e3o vejo como passaria sem puni\u00e7\u00e3o&#8221;: Russell avalia &#8216;ataque&#8217; de Verstappen no M\u00e9xico"},"content":{"rendered":"\n<p class=\"wp-block-paragraph\">A <strong><a href=\"https:\/\/www.grandepremio.com\/br\/f1\/\">F\u00f3rmula 1<\/a><\/strong> j\u00e1 est\u00e1 em Interlagos para o <strong>GP de S\u00e3o Paulo<\/strong> deste fim de semana, mas o assunto mais quente do paddock continua sendo o incidente com <strong>Lando Norris<\/strong> que <strong><a href=\"https:\/\/www.grandepremio.com\/br\/video\/f1\/max-verstappen-lando-norris-se-tocam-saem-pista-nova-disputa-posicao-gp-cidade-mexico\/\">rendeu duas puni\u00e7\u00f5es<\/a><\/strong> a <strong>Max Verstappen<\/strong> na <strong><a href=\"https:\/\/www.grandepremio.com\/br\/f1\/noticias\/carlos-sainz-vence-autoridade-ferrari-formula-1-mexico-lando-norris-max-verstappen-enrosco\/\">Cidade do M\u00e9xico<\/a><\/strong>. <strong>George Russell<\/strong>, que \u00e9 representante dos pilotos como diretor da <strong>GPDA (Associa\u00e7\u00e3o dos Pilotos da F1)<\/strong>, abordou a quest\u00e3o diretamente.<\/p>\n\n\n\n<p class=\"wp-block-paragraph\">Apesar dos pilotos terem debatido a mudan\u00e7a das diretrizes de brigas de pista dias antes da corrida, de acordo com Russell, a segunda parte do confronto renderia puni\u00e7\u00e3o de qualquer maneira, em qualquer prova. Mesmo caso a F1 n\u00e3o tivesse passado por um confronto duro entre os dois j\u00e1 na semana anterior, nos <strong><a href=\"https:\/\/www.grandepremio.com\/br\/f1\/noticias\/charles-leclerc-rouba-cena-vence-gp-estados-unidos-lando-norris-bate-max-verstappen-3o\/\">Estados Unidos<\/a><\/strong>.<\/p>\n\n\n\n<p class=\"wp-block-paragraph\">A passagem a qual Russell se refere da briga no M\u00e9xico \u00e9 aquela em que Verstappen se recusou a frear e passou direto na curva da curva oito do aut\u00f3dromo Hermanos Rodr\u00edguez, jogando Norris tamb\u00e9m para fora e recuperando a posi\u00e7\u00e3o.<\/p>\n\n\n\n<p class=\"wp-block-paragraph\">&#8220;No fim das contas, todo incidente \u00e9 diferente&#8221;, disse em entrevista que contou com a presen\u00e7a do <strong>GRANDE PR\u00caMIO<\/strong>.<\/p>\n\n\n\n<figure class=\"wp-block-image size-large\"><img decoding=\"async\" src=\"https:\/\/www.grandepremio.com\/br\/wp-content\/uploads\/2024\/10\/cidade-do-mexico-2024-f1-corrida-red-bull-max-verstappen-02-1200x675.jpg\" alt=\"\" class=\"wp-image-887409\"\/><figcaption class=\"wp-element-caption\">Max Verstappen em cima de Lando Norris no M\u00e9xico (Foto: Reprodu\u00e7\u00e3o\/F1)<\/figcaption><\/figure>\n\n\n\n<p class=\"wp-block-paragraph\">&#8220;[Mesmo] se n\u00e3o tivesse tanto debate antes do M\u00e9xico, n\u00e3o vejo um cen\u00e1rio em que o incidente da curva oito passaria sem puni\u00e7\u00e3o. Em Austin, d\u00e1 para argumentar que os dois pilotos estavam errados, mas agora as coisas est\u00e3o evoluindo. \u00c9 como a seguran\u00e7a dos carros: precisamos de um acidente feio para fazer progresso real. \u00c9 o mesmo com as regras: precisamos de algo incorreto ou que esteja al\u00e9m do limite antes de perceber que mudan\u00e7as precisam acontecer&#8221;, comentou.<\/p>\n\n\n\n<p class=\"wp-block-paragraph\">Com rela\u00e7\u00e3o \u00e0s altera\u00e7\u00f5es na maneira de avaliar os embates de roda com roda nas corridas, tamb\u00e9m explicou um pouco mais sobre a conversa dos pilotos.<\/p>\n\n\n\n<p class=\"wp-block-paragraph\">&#8220;Se avaliar o que aconteceu na corrida, vamos concluir que a reuni\u00e3o valeu a pena, porque as a\u00e7\u00f5es que mereciam puni\u00e7\u00e3o, foram punidas. Todos estavam de acordo sobre o que precisava mudar e a \u00fanica discord\u00e2ncia era quando mudar&#8221;, contou.<\/p>\n\n\n\n<p class=\"wp-block-paragraph\">&#8220;A maioria queria mudar agora, alguns queriam esperar at\u00e9 o ano que vem. Mas nas regras j\u00e1 tem a defini\u00e7\u00e3o de que, se voc\u00ea errar de maneira err\u00e1tica ou perigosa, ser\u00e1 punido. D\u00e1 para argumentar que, se o piloto freia al\u00e9m do poss\u00edvel e n\u00e3o faz a curva isso \u00e9 err\u00e1tico, porque voc\u00ea est\u00e1 guiando para fora da pista. H\u00e1 um elemento de interpreta\u00e7\u00e3o que s\u00f3 precisa ser um pouco esclarecido.<\/p>\n\n\n\n<p class=\"wp-block-paragraph\">A\u00a0<strong><a href=\"https:\/\/www.grandepremio.com\/br\/f1\/\" target=\"_blank\" rel=\"noreferrer noopener\"><\/a><a href=\"https:\/\/www.grandepremio.com\/br\/f1\/\" target=\"_blank\" rel=\"noreferrer noopener\">F\u00f3rmula 1<\/a><\/strong>\u00a0segue neste fim de semana, entre os dias 1 e 3 de novembro, com o\u00a0<strong>GP de\u00a0<a href=\"https:\/\/www.grandepremio.com\/br\/circuito\/sao-paulo\/\" target=\"_blank\" rel=\"noreferrer noopener\"><\/a><a href=\"https:\/\/www.grandepremio.com\/br\/circuito\/sao-paulo\/\" target=\"_blank\" rel=\"noreferrer noopener\"><\/a><a href=\"https:\/\/www.grandepremio.com\/br\/circuito\/sao-paulo\/\" target=\"_blank\" rel=\"noreferrer noopener\"><\/a><a href=\"https:\/\/www.grandepremio.com\/br\/circuito\/sao-paulo\/\" target=\"_blank\" rel=\"noreferrer noopener\"><\/a><a href=\"https:\/\/www.grandepremio.com\/br\/circuito\/sao-paulo\/\" target=\"_blank\" rel=\"noreferrer noopener\"><\/a><a href=\"https:\/\/www.grandepremio.com\/br\/circuito\/sao-paulo\/\" target=\"_blank\" rel=\"noreferrer noopener\"><\/a><a href=\"https:\/\/www.grandepremio.com\/br\/circuito\/sao-paulo\/\" target=\"_blank\" rel=\"noreferrer noopener\"><\/a><a href=\"https:\/\/www.grandepremio.com\/br\/circuito\/sao-paulo\/\" target=\"_blank\" rel=\"noreferrer noopener\"><\/a><a href=\"https:\/\/www.grandepremio.com\/br\/circuito\/sao-paulo\/\" target=\"_blank\" rel=\"noreferrer noopener\"><\/a><a href=\"https:\/\/www.grandepremio.com\/br\/circuito\/sao-paulo\/\" target=\"_blank\" rel=\"noreferrer noopener\"><\/a><a href=\"https:\/\/www.grandepremio.com\/br\/circuito\/sao-paulo\/\" target=\"_blank\" rel=\"noreferrer noopener\"><\/a><a href=\"https:\/\/www.grandepremio.com\/br\/circuito\/sao-paulo\/\" target=\"_blank\" rel=\"noreferrer noopener\"><\/a><a href=\"https:\/\/www.grandepremio.com\/br\/circuito\/sao-paulo\/\" target=\"_blank\" rel=\"noreferrer noopener\"><\/a><a href=\"https:\/\/www.grandepremio.com\/br\/circuito\/sao-paulo\/\" target=\"_blank\" rel=\"noreferrer noopener\"><\/a><a href=\"https:\/\/www.grandepremio.com\/br\/circuito\/sao-paulo\/\" target=\"_blank\" rel=\"noreferrer noopener\"><\/a><a href=\"https:\/\/www.grandepremio.com\/br\/circuito\/sao-paulo\/\" target=\"_blank\" rel=\"noreferrer noopener\"><\/a><a href=\"https:\/\/www.grandepremio.com\/br\/circuito\/sao-paulo\/\" target=\"_blank\" rel=\"noreferrer noopener\"><\/a><a href=\"https:\/\/www.grandepremio.com\/br\/circuito\/sao-paulo\/\" target=\"_blank\" rel=\"noreferrer noopener\"><\/a><a href=\"https:\/\/www.grandepremio.com\/br\/circuito\/sao-paulo\/\" target=\"_blank\" rel=\"noreferrer noopener\"><\/a><a href=\"https:\/\/www.grandepremio.com\/br\/circuito\/sao-paulo\/\" target=\"_blank\" rel=\"noreferrer noopener\"><\/a><a href=\"https:\/\/www.grandepremio.com\/br\/circuito\/sao-paulo\/\" target=\"_blank\" rel=\"noreferrer noopener\"><\/a><a href=\"https:\/\/www.grandepremio.com\/br\/circuito\/sao-paulo\/\" target=\"_blank\" rel=\"noreferrer noopener\"><\/a><a href=\"https:\/\/www.grandepremio.com\/br\/circuito\/sao-paulo\/\" target=\"_blank\" rel=\"noreferrer noopener\">S\u00e3o Paulo<\/a><\/strong>, etapa brasileira do calend\u00e1rio. O\u00a0<strong>GRANDE PR\u00caMIO<\/strong>\u00a0cobre \u2018in loco\u2019 com os rep\u00f3rteres\u00a0<strong>Evelyn Guimar\u00e3es, Gabriel Carvalho, Gabriel Curty, Luana Marino\u00a0<\/strong>e\u00a0<strong>Pedro Henrique Marum<\/strong>, al\u00e9m do fot\u00f3grafo\u00a0<strong>Rodrigo Berton.<\/strong><\/p>\n\n\n\n<p class=\"wp-block-paragraph\"><strong>\u25b6\ufe0f\u00a0Inscreva-se nos dois canais do GRANDE PR\u00caMIO no YouTube:\u00a0<a href=\"https:\/\/www.youtube.com\/channel\/UC9OlHEgxoaY6QY6nWPoiqQg?sub_confirmation=1\" target=\"_blank\" rel=\"noreferrer noopener\">GP<\/a>\u00a0|\u00a0<a href=\"https:\/\/www.youtube.com\/channel\/UC9csiS6q_C3C0FYhyr1rnFA?sub_confirmation=1\" target=\"_blank\" rel=\"noreferrer noopener\">GP2<\/a><\/strong><br><strong>\u25b6\ufe0f\u00a0LEIA TAMB\u00c9M<\/strong>:\u00a0<strong><a href=\"https:\/\/www.grandepremio.com\/br\/f1\/noticias\/tentativa-arrancadas-lando-norris-ferrari-o-que-esta-jogo-gp-sao-paulo\/\">Tentativa de arrancadas de Norris e da Ferrari: o que est\u00e1 em jogo no GP de\u00a0<\/a><a href=\"https:\/\/www.grandepremio.com\/br\/circuito\/sao-paulo\/\" target=\"_blank\" rel=\"noreferrer noopener\"><\/a><a href=\"https:\/\/www.grandepremio.com\/br\/circuito\/sao-paulo\/\" target=\"_blank\" rel=\"noreferrer noopener\"><\/a><a href=\"https:\/\/www.grandepremio.com\/br\/circuito\/sao-paulo\/\" target=\"_blank\" rel=\"noreferrer noopener\"><\/a><a href=\"https:\/\/www.grandepremio.com\/br\/circuito\/sao-paulo\/\" target=\"_blank\" rel=\"noreferrer noopener\">S\u00e3o Paulo<\/a><\/strong><\/p>\n\n\n\n<figure class=\"wp-block-embed is-type-video is-provider-youtube wp-block-embed-youtube wp-embed-aspect-16-9 wp-has-aspect-ratio\"><div class=\"wp-block-embed__wrapper\">\n<iframe loading=\"lazy\" title=\"DISPUTA pelo T\u00cdTULO e VERSTAPPEN PRESSIONADO? O que esperar do GP de S\u00c3O PAULO de F1 | TTGP #159\" width=\"500\" height=\"281\" src=\"https:\/\/www.youtube.com\/embed\/YyyxC1CiPF4?feature=oembed\" frameborder=\"0\" allow=\"accelerometer; autoplay; clipboard-write; encrypted-media; gyroscope; picture-in-picture; web-share\" referrerpolicy=\"strict-origin-when-cross-origin\" allowfullscreen><\/iframe>\n<\/div><figcaption class=\"wp-element-caption\">DISPUTA pelo T\u00cdTULO e VERSTAPPEN PRESSIONADO? O que esperar do GP de S\u00c3O PAULO de F1 | TTGP #159<\/figcaption><\/figure>\n","protected":false},"excerpt":{"rendered":"<p>J\u00e1 em Interlagos para o GP de S\u00e3o Paulo, George Russell fez avalia\u00e7\u00e3o sobre o incidente com Lando Norris que rendeu puni\u00e7\u00f5es a Max Verstappen na \u00faltima prova, no M\u00e9xico<\/p>\n","protected":false},"author":0,"featured_media":1000889292,"comment_status":"closed","ping_status":"closed","sticky":false,"template":"","format":"standard","meta":{"42wp_featured_image_caption":"","42wp_featured_image_credits":"","42wp_featured_video":"","42wp_featured_image_hidden":false,"42wp_authors_list":[],"footnotes":""},"categories":[2],"tags":[5660,3230,642,41439,800,2359,26680,502,36892,547,203,90,17551,30806,2380,27383],"42wp_author":[47117,47120,47158],"class_list":["post-55567","post","type-post","status-publish","format-standard","has-post-thumbnail","hentry","category-f1","tag-classificacao","tag-f1-2024","tag-f1-ao-vivo","tag-fim-de-semana-brasil","tag-george-russell","tag-gp-brasil","tag-gp-de-sao-paulo","tag-gp-do-brasil","tag-gp-interlagos","tag-lando-norris","tag-max-verstappen","tag-mclaren","tag-mexico","tag-norris-f1","tag-sao-paulo","tag-verstappen-f1","42wp_author-gabriel-curty","42wp_author-pedro-henrique-marum","42wp_author-warm-up"],"_links":{"self":[{"href":"https:\/\/grandepremio.com\/br\/wp-json\/wp\/v2\/posts\/55567","targetHints":{"allow":["GET"]}}],"collection":[{"href":"https:\/\/grandepremio.com\/br\/wp-json\/wp\/v2\/posts"}],"about":[{"href":"https:\/\/grandepremio.com\/br\/wp-json\/wp\/v2\/types\/post"}],"replies":[{"embeddable":true,"href":"https:\/\/grandepremio.com\/br\/wp-json\/wp\/v2\/comments?post=55567"}],"version-history":[{"count":0,"href":"https:\/\/grandepremio.com\/br\/wp-json\/wp\/v2\/posts\/55567\/revisions"}],"wp:featuredmedia":[{"embeddable":true,"href":"https:\/\/grandepremio.com\/br\/wp-json\/wp\/v2\/media\/1000889292"}],"wp:attachment":[{"href":"https:\/\/grandepremio.com\/br\/wp-json\/wp\/v2\/media?parent=55567"}],"wp:term":[{"taxonomy":"category","embeddable":true,"href":"https:\/\/grandepremio.com\/br\/wp-json\/wp\/v2\/categories?post=55567"},{"taxonomy":"post_tag","embeddable":true,"href":"https:\/\/grandepremio.com\/br\/wp-json\/wp\/v2\/tags?post=55567"},{"taxonomy":"42wp_author","embeddable":true,"href":"https:\/\/grandepremio.com\/br\/wp-json\/wp\/v2\/42wp_author?post=55567"}],"curies":[{"name":"wp","href":"https:\/\/api.w.org\/{rel}","templated":true}]}}