{"id":55625,"date":"2024-10-31T14:40:31","date_gmt":"2024-10-31T17:40:31","guid":{"rendered":"https:\/\/grandepremio.com\/br\/noticias\/lando-norris-nao-respeita-ato-max-verstappen-mexico-fundo-sabe-fez-formula-1\/"},"modified":"2024-10-31T19:00:28","modified_gmt":"2024-10-31T22:00:28","slug":"lando-norris-nao-respeita-ato-max-verstappen-mexico-fundo-sabe-fez-formula-1","status":"publish","type":"post","link":"https:\/\/grandepremio.com\/br\/f1\/lando-norris-nao-respeita-ato-max-verstappen-mexico-fundo-sabe-fez-formula-1\/","title":{"rendered":"Norris &#8220;n\u00e3o respeita&#8221; ato de Verstappen no M\u00e9xico e diz que &#8220;no fundo, sabe o que fez&#8221;"},"content":{"rendered":"\n<p class=\"wp-block-paragraph\">A <strong><a href=\"https:\/\/www.grandepremio.com\/br\/f1\/\">F\u00f3rmula 1<\/a><\/strong> ainda reverbera <strong><a href=\"https:\/\/www.grandepremio.com\/br\/video\/f1\/max-verstappen-lando-norris-se-tocam-saem-pista-nova-disputa-posicao-gp-cidade-mexico\/\">o entrevero envolvendo<\/a><\/strong> <strong>Lando Norris<\/strong> e <strong>Max Verstappen<\/strong> no <strong><a href=\"https:\/\/www.grandepremio.com\/br\/f1\/noticias\/carlos-sainz-vence-autoridade-ferrari-formula-1-mexico-lando-norris-max-verstappen-enrosco\/\">GP da Cidade do M\u00e9xico<\/a><\/strong> do \u00faltimo fim de semana, pelo qual o tricampe\u00e3o mundial recebeu duas puni\u00e7\u00f5es diferentes de 10s cada. Norris afirmou que os dois n\u00e3o conversaram desde ent\u00e3o, mas que Verstappen sabe que errou. Nem que seja bem no fundo.<\/p>\n\n\n\n<p class=\"wp-block-paragraph\">O piloto da <strong>McLaren<\/strong> falou \u00e0 imprensa presente em Interlagos, inclusive o <strong>GRANDE PR\u00caMIO<\/strong>, na tarde desta quinta-feira (31). Questionado sobre se puxou uma conversa com o rival pelo campeonato para esclarecer a situa\u00e7\u00e3o, negou.<\/p>\n\n\n\n<p class=\"wp-block-paragraph\">&#8220;Tenho nada a dizer. Respeito o Max e tudo o que ele j\u00e1 fez. N\u00e3o respeito o que fez semana passada, mas respeito como pessoa e por tudo o que alcan\u00e7ou. N\u00e3o depende de mim falar com ele. N\u00e3o sou mentor dele. Ele faz o que bem entender, sabe o que fez de errado. Bem no fundo, ele sabe&#8221;, disse.<\/p>\n\n\n\n<p class=\"wp-block-paragraph\">Com rela\u00e7\u00e3o \u00e0s duas decis\u00f5es dos comiss\u00e1rios da prova mexicana, aprovou. Ademais, defendeu a decis\u00e3o de n\u00e3o atacar novamente ap\u00f3s a confus\u00e3o pr\u00e9via na corrida. Norris terminou sendo segundo colocado, atr\u00e1s de <strong>Carlos Sainz<\/strong>.<\/p>\n\n\n\n<figure class=\"wp-block-image size-large\"><img decoding=\"async\" src=\"https:\/\/www.grandepremio.com\/br\/wp-content\/uploads\/2024\/10\/Verstappen-Norris-Mexico-1200x620.png\" alt=\"\" class=\"wp-image-887410\"\/><figcaption class=\"wp-element-caption\">O duelo entre Norris e Verstappen na Cidade do M\u00e9xico (Foto: Reprodu\u00e7\u00e3o\/F1 TV)<\/figcaption><\/figure>\n\n\n\n<p class=\"wp-block-paragraph\">&#8220;Os comiss\u00e1rios fizeram um bom trabalho. 99% das pessoas que assistem concordam. Estamos felizes com isso, fiquei fora de confus\u00e3o e fiz meu trabalho&#8221;, afirmou.<\/p>\n\n\n\n<p class=\"wp-block-paragraph\">&#8220;Todo fim de semana \u00e9 um fim de semana diferente, ent\u00e3o espero uma batalha mais limpa do que tivemos. Isso n\u00e3o depende de mim, n\u00e3o fa\u00e7o as regras, nem as puni\u00e7\u00f5es, s\u00f3 piloto. Os comiss\u00e1rios que decidem e fizeram um bom trabalho&#8221;<\/p>\n\n\n\n<p class=\"wp-block-paragraph\">&#8220;Penso que n\u00e3o. Acho que algo que fiz bem na minha carreira foi ficar longe de confus\u00e3o e devolver o carro inteiro. Sempre tive a mentalidade de correr de forma limpa e justa, e \u00e0s vezes acontecem coisas como no fim de semana passado dos dois lados, atacando e defendendo. Acho que tomei boas decis\u00f5es, j\u00e1 paguei o pre\u00e7o por n\u00e3o ser agressivo o suficiente&#8221;, continuou.<\/p>\n\n\n\n<p class=\"wp-block-paragraph\">&#8220;O resto n\u00e3o depende de mim, mas sei devolver o carro em um peda\u00e7o. As pessoas n\u00e3o entendem que \u00e0s vezes voc\u00ea precisa evitar um acidente e n\u00e3o enxergam isso na TV e coisas assim, mas no carro voc\u00ea evita isso. Acontece mais do que as pessoas acham, mas \u00e9 um desafio. Neste fim de semana, chegamos cheio de expectativas e esperamos uma corrida limpa&#8221;, seguiu.<\/p>\n\n\n\n<p class=\"wp-block-paragraph\">A&nbsp;<strong><a href=\"https:\/\/www.grandepremio.com\/br\/f1\/\" target=\"_blank\" rel=\"noreferrer noopener\"><\/a><a href=\"https:\/\/www.grandepremio.com\/br\/f1\/\" target=\"_blank\" rel=\"noreferrer noopener\">F\u00f3rmula 1<\/a><\/strong>&nbsp;segue neste fim de semana, entre os dias 1 e 3 de novembro, com o&nbsp;<strong>GP de&nbsp;<a href=\"https:\/\/www.grandepremio.com\/br\/circuito\/sao-paulo\/\" target=\"_blank\" rel=\"noreferrer noopener\"><\/a><a href=\"https:\/\/www.grandepremio.com\/br\/circuito\/sao-paulo\/\" target=\"_blank\" rel=\"noreferrer noopener\"><\/a><a href=\"https:\/\/www.grandepremio.com\/br\/circuito\/sao-paulo\/\" target=\"_blank\" rel=\"noreferrer noopener\"><\/a><a href=\"https:\/\/www.grandepremio.com\/br\/circuito\/sao-paulo\/\" target=\"_blank\" rel=\"noreferrer noopener\"><\/a><a href=\"https:\/\/www.grandepremio.com\/br\/circuito\/sao-paulo\/\" target=\"_blank\" rel=\"noreferrer noopener\"><\/a><a href=\"https:\/\/www.grandepremio.com\/br\/circuito\/sao-paulo\/\" target=\"_blank\" rel=\"noreferrer noopener\"><\/a><a href=\"https:\/\/www.grandepremio.com\/br\/circuito\/sao-paulo\/\" target=\"_blank\" rel=\"noreferrer noopener\"><\/a><a href=\"https:\/\/www.grandepremio.com\/br\/circuito\/sao-paulo\/\" target=\"_blank\" rel=\"noreferrer noopener\"><\/a><a href=\"https:\/\/www.grandepremio.com\/br\/circuito\/sao-paulo\/\" target=\"_blank\" rel=\"noreferrer noopener\"><\/a><a href=\"https:\/\/www.grandepremio.com\/br\/circuito\/sao-paulo\/\" target=\"_blank\" rel=\"noreferrer noopener\"><\/a><a href=\"https:\/\/www.grandepremio.com\/br\/circuito\/sao-paulo\/\" target=\"_blank\" rel=\"noreferrer noopener\"><\/a><a href=\"https:\/\/www.grandepremio.com\/br\/circuito\/sao-paulo\/\" target=\"_blank\" rel=\"noreferrer noopener\"><\/a><a href=\"https:\/\/www.grandepremio.com\/br\/circuito\/sao-paulo\/\" target=\"_blank\" rel=\"noreferrer noopener\"><\/a><a href=\"https:\/\/www.grandepremio.com\/br\/circuito\/sao-paulo\/\" target=\"_blank\" rel=\"noreferrer noopener\"><\/a><a href=\"https:\/\/www.grandepremio.com\/br\/circuito\/sao-paulo\/\" target=\"_blank\" rel=\"noreferrer noopener\"><\/a><a href=\"https:\/\/www.grandepremio.com\/br\/circuito\/sao-paulo\/\" target=\"_blank\" rel=\"noreferrer noopener\"><\/a><a href=\"https:\/\/www.grandepremio.com\/br\/circuito\/sao-paulo\/\" target=\"_blank\" rel=\"noreferrer noopener\"><\/a><a href=\"https:\/\/www.grandepremio.com\/br\/circuito\/sao-paulo\/\" target=\"_blank\" rel=\"noreferrer noopener\"><\/a><a href=\"https:\/\/www.grandepremio.com\/br\/circuito\/sao-paulo\/\" target=\"_blank\" rel=\"noreferrer noopener\"><\/a><a href=\"https:\/\/www.grandepremio.com\/br\/circuito\/sao-paulo\/\" target=\"_blank\" rel=\"noreferrer noopener\"><\/a><a href=\"https:\/\/www.grandepremio.com\/br\/circuito\/sao-paulo\/\" target=\"_blank\" rel=\"noreferrer noopener\"><\/a><a href=\"https:\/\/www.grandepremio.com\/br\/circuito\/sao-paulo\/\" target=\"_blank\" rel=\"noreferrer noopener\">S\u00e3o Paulo<\/a><\/strong>, etapa brasileira do calend\u00e1rio. O&nbsp;<strong>GRANDE PR\u00caMIO<\/strong>&nbsp;cobre \u2018in loco\u2019 com os rep\u00f3rteres&nbsp;<strong>Evelyn Guimar\u00e3es, Gabriel Carvalho, Gabriel Curty, Luana Marino&nbsp;<\/strong>e&nbsp;<strong>Pedro Henrique Marum<\/strong>, al\u00e9m do fot\u00f3grafo&nbsp;<strong>Rodrigo Berton.<\/strong><\/p>\n\n\n\n<p class=\"wp-block-paragraph\"><strong>\u25b6\ufe0f&nbsp;Inscreva-se nos dois canais do GRANDE PR\u00caMIO no YouTube:&nbsp;<a href=\"https:\/\/www.youtube.com\/channel\/UC9OlHEgxoaY6QY6nWPoiqQg?sub_confirmation=1\" target=\"_blank\" rel=\"noreferrer noopener\">GP<\/a>&nbsp;|&nbsp;<a href=\"https:\/\/www.youtube.com\/channel\/UC9csiS6q_C3C0FYhyr1rnFA?sub_confirmation=1\" target=\"_blank\" rel=\"noreferrer noopener\">GP2<\/a><\/strong><br><strong>\u25b6\ufe0f&nbsp;LEIA TAMB\u00c9M<\/strong>:&nbsp;<strong><a href=\"https:\/\/www.grandepremio.com\/br\/f1\/noticias\/tentativa-arrancadas-lando-norris-ferrari-o-que-esta-jogo-gp-sao-paulo\/\">Tentativa de arrancadas de Norris e da Ferrari: o que est\u00e1 em jogo no GP de&nbsp;<\/a><a href=\"https:\/\/www.grandepremio.com\/br\/circuito\/sao-paulo\/\" target=\"_blank\" rel=\"noreferrer noopener\"><\/a><a href=\"https:\/\/www.grandepremio.com\/br\/circuito\/sao-paulo\/\" target=\"_blank\" rel=\"noreferrer noopener\"><\/a><a href=\"https:\/\/www.grandepremio.com\/br\/circuito\/sao-paulo\/\" target=\"_blank\" rel=\"noreferrer noopener\">S\u00e3o Paulo<\/a><\/strong><\/p>\n\n\n\n<figure class=\"wp-block-video\"><video class=\"video-js vjs-big-play-centered\" data-gp-vjs=\"1\" controls poster=\"https:\/\/www.grandepremio.com\/br\/cdn-cgi\/image\/width=1200,height=675,fit=contain,gravity=0.5x0.5,quality=75,format=webp\/wp-content\/uploads\/2024\/10\/Verstappen-Norris-Mexico-poster.jpeg\" src=\"https:\/\/www.grandepremio.com\/br\/wp-content\/uploads\/2024\/10\/Verstappen-Norris-Mexico.mp4\"><\/video><figcaption class=\"wp-element-caption\">Max Verstappen e Lando Norris se enfrentaram novamente (V\u00eddeo: Reprodu\u00e7\u00e3o\/F1)<\/figcaption><\/figure>\n\n\n\n<figure class=\"wp-block-embed is-type-video is-provider-youtube wp-block-embed-youtube wp-embed-aspect-16-9 wp-has-aspect-ratio\"><div class=\"wp-block-embed__wrapper\">\n<iframe loading=\"lazy\" title=\"DISPUTA pelo T\u00cdTULO e VERSTAPPEN PRESSIONADO? O que esperar do GP de S\u00c3O PAULO de F1 | TTGP #159\" width=\"500\" height=\"281\" src=\"https:\/\/www.youtube.com\/embed\/YyyxC1CiPF4?feature=oembed\" frameborder=\"0\" allow=\"accelerometer; autoplay; clipboard-write; encrypted-media; gyroscope; picture-in-picture; web-share\" referrerpolicy=\"strict-origin-when-cross-origin\" allowfullscreen><\/iframe>\n<\/div><figcaption class=\"wp-element-caption\">DISPUTA pelo T\u00cdTULO e VERSTAPPEN PRESSIONADO? O que esperar do GP de S\u00c3O PAULO de F1 | TTGP #159<\/figcaption><\/figure>\n","protected":false},"excerpt":{"rendered":"<p>Lando Norris reitero o respeito por Max Verstappen, mas n\u00e3o pelo que fez no duelo entre os dois no GP da Cidade do M\u00e9xico<\/p>\n","protected":false},"author":0,"featured_media":1000889195,"comment_status":"closed","ping_status":"closed","sticky":false,"template":"","format":"standard","meta":{"42wp_featured_image_caption":"","42wp_featured_image_credits":"","42wp_featured_video":"","42wp_featured_image_hidden":false,"42wp_authors_list":[],"footnotes":""},"categories":[2],"tags":[5660,3230,642,41439,2359,26680,502,36892,547,203,90,17551,30806,2380,27383],"42wp_author":[47119,47117,47120,47158],"class_list":["post-55625","post","type-post","status-publish","format-standard","has-post-thumbnail","hentry","category-f1","tag-classificacao","tag-f1-2024","tag-f1-ao-vivo","tag-fim-de-semana-brasil","tag-gp-brasil","tag-gp-de-sao-paulo","tag-gp-do-brasil","tag-gp-interlagos","tag-lando-norris","tag-max-verstappen","tag-mclaren","tag-mexico","tag-norris-f1","tag-sao-paulo","tag-verstappen-f1","42wp_author-gabriel-carvalho","42wp_author-gabriel-curty","42wp_author-pedro-henrique-marum","42wp_author-warm-up"],"_links":{"self":[{"href":"https:\/\/grandepremio.com\/br\/wp-json\/wp\/v2\/posts\/55625","targetHints":{"allow":["GET"]}}],"collection":[{"href":"https:\/\/grandepremio.com\/br\/wp-json\/wp\/v2\/posts"}],"about":[{"href":"https:\/\/grandepremio.com\/br\/wp-json\/wp\/v2\/types\/post"}],"replies":[{"embeddable":true,"href":"https:\/\/grandepremio.com\/br\/wp-json\/wp\/v2\/comments?post=55625"}],"version-history":[{"count":0,"href":"https:\/\/grandepremio.com\/br\/wp-json\/wp\/v2\/posts\/55625\/revisions"}],"wp:featuredmedia":[{"embeddable":true,"href":"https:\/\/grandepremio.com\/br\/wp-json\/wp\/v2\/media\/1000889195"}],"wp:attachment":[{"href":"https:\/\/grandepremio.com\/br\/wp-json\/wp\/v2\/media?parent=55625"}],"wp:term":[{"taxonomy":"category","embeddable":true,"href":"https:\/\/grandepremio.com\/br\/wp-json\/wp\/v2\/categories?post=55625"},{"taxonomy":"post_tag","embeddable":true,"href":"https:\/\/grandepremio.com\/br\/wp-json\/wp\/v2\/tags?post=55625"},{"taxonomy":"42wp_author","embeddable":true,"href":"https:\/\/grandepremio.com\/br\/wp-json\/wp\/v2\/42wp_author?post=55625"}],"curies":[{"name":"wp","href":"https:\/\/api.w.org\/{rel}","templated":true}]}}