{"id":55638,"date":"2024-10-31T13:50:38","date_gmt":"2024-10-31T16:50:38","guid":{"rendered":"https:\/\/grandepremio.com\/br\/noticias\/lewis-hamilton-f1-terra-de-ninguem-pede-mudancas-apos-manobras-max-verstappen\/"},"modified":"2024-10-31T15:57:43","modified_gmt":"2024-10-31T18:57:43","slug":"lewis-hamilton-f1-terra-de-ninguem-pede-mudancas-apos-manobras-max-verstappen","status":"publish","type":"post","link":"https:\/\/grandepremio.com\/br\/f1\/lewis-hamilton-f1-terra-de-ninguem-pede-mudancas-apos-manobras-max-verstappen\/","title":{"rendered":"Hamilton diz que F1 \u00e9 &#8220;terra de ningu\u00e9m&#8221; e pede mudan\u00e7as ap\u00f3s manobras de Verstappen"},"content":{"rendered":"\n<p class=\"wp-block-paragraph\"><strong>Lewis Hamilton<\/strong> criticou a postura da <strong>FIA (Federa\u00e7\u00e3o Internacional de Automobilismo)<\/strong> ao lidar com as manobras utilizadas por<strong> Max Verstappen<\/strong> na <strong>F\u00f3rmula 1<\/strong>. O tricampe\u00e3o mundial tem sido alvo de cr\u00edticas ap\u00f3s ser considerado duro demais nas disputas com <strong>Lando Norris<\/strong>, sobretudo no <strong>GP da Cidade do M\u00e9xico<\/strong>, no \u00faltimo fim de semana, quando foi punido em <strong>20s<\/strong> ap\u00f3s realizar duas manobras para cima do piloto da <strong>McLaren<\/strong>. Durante entre vista coletiva nesta quinta-feira (31) em <strong>Interlagos<\/strong>, com presen\u00e7a do <strong>GRANDE PR\u00caMIO<\/strong>, o heptacampe\u00e3o pediu mudan\u00e7as nas regras para a pr\u00f3xima temporada.<\/p>\n\n\n\n<p class=\"wp-block-paragraph\">&#8220;Somos reis em termos de desempenho e tem sido um pouco terra de ningu\u00e9m. N\u00e3o estamos recebendo muita coisa. As regras ainda s\u00e3o as mesmas de 2021&#8221;, declarou. &#8220;Ent\u00e3o, o que vimos em 2021 com Max ainda est\u00e1 acontecendo hoje e continuar\u00e1 at\u00e9 que eles fa\u00e7am uma mudan\u00e7a&#8221;, completou o piloto.<\/p>\n\n\n\n<p class=\"wp-block-paragraph\">Hamilton refor\u00e7ou que as \u00e1reas de escape das pistas do calend\u00e1rio tamb\u00e9m permitem que os pilotos joguem advers\u00e1rios para fora com puni\u00e7\u00e3o mais branda. &#8220;As \u00e1reas de escape tamb\u00e9m n\u00e3o ajudam. Se fossem grama ou brita, eles n\u00e3o fariam isso por todo o caminho. Portanto, talvez seja interessante ter isso. Espero que eles fa\u00e7am algumas mudan\u00e7as para o pr\u00f3ximo ano&#8221;, afirmou o <strong>#44<\/strong>.<\/p>\n\n\n\n<p class=\"wp-block-paragraph\">Sobre a disputa entre Verstappen e Norris, o piloto da Mercedes disse que \u00e9 bom levar emo\u00e7\u00e3o aos f\u00e3s, mas alertou para que isso seja feito de maneira justa e respons\u00e1vel na pista.<\/p>\n\n\n\n<figure class=\"wp-block-image size-large\"><img decoding=\"async\" src=\"https:\/\/www.grandepremio.com\/br\/wp-content\/uploads\/2024\/10\/cidade-do-mexico-2024-f1-classificacao-mercedes-lewis-hamilton-01-1200x800.jpg\" alt=\"\" class=\"wp-image-886755\"\/><figcaption class=\"wp-element-caption\">Lewis Hamilton (Foto: Mercedes)<\/figcaption><\/figure>\n\n\n\n<p class=\"wp-block-paragraph\">&#8220;Acho que tem sido realmente emocionante para o esporte nos \u00faltimos anos. N\u00e3o \u00e9 necess\u00e1rio ser t\u00e3o emocionante, obviamente. De qualquer forma, isso \u00e0s vezes acontece. Mas acho que tem sido muito bom para os f\u00e3s ver que isso pode chegar ao limite at\u00e9 o final do ano&#8221;, disse.<\/p>\n\n\n\n<p class=\"wp-block-paragraph\">&#8220;Ainda h\u00e1 possibilidade de termos mais novidades. Todos n\u00f3s conhecemos os pontos fortes de Lando e Max e n\u00e3o podemos dizer muitos pontos fracos. Lando est\u00e1 realmente \u00e0 altura da situa\u00e7\u00e3o e realmente lidera o time. Eu n\u00e3o passei muito tempo olhando a disputa entre eles, como correram ou posicionaram os carros. Obviamente, todos sabem o que aconteceu na \u00faltima corrida ou nas duas \u00faltimas corridas, mas todos ter\u00e3o opini\u00f5es sobre isso. Mas no final das contas, eles sabem o que est\u00e3o fazendo&#8221;, refor\u00e7ou o futuro piloto da Ferrari.<\/p>\n\n\n\n<p class=\"wp-block-paragraph\">&#8220;Estou muito animado para ver o que vai acontecer nas pr\u00f3ximas corridas. S\u00f3 espero poder pelo menos ter uma boa vis\u00e3o do meu assento para observar tudo \u00e0 frente&#8221;, concluiu Hamilton.<\/p>\n\n\n\n<p class=\"wp-block-paragraph\">A&nbsp;<strong><a href=\"https:\/\/www.grandepremio.com\/br\/f1\/\" target=\"_blank\" rel=\"noreferrer noopener\"><\/a><a href=\"https:\/\/www.grandepremio.com\/br\/f1\/\" target=\"_blank\" rel=\"noreferrer noopener\">F\u00f3rmula 1<\/a><\/strong>&nbsp;segue neste fim de semana, entre os dias 1 e 3 de novembro, com o&nbsp;<strong>GP de&nbsp;<a href=\"https:\/\/www.grandepremio.com\/br\/circuito\/sao-paulo\/\" target=\"_blank\" rel=\"noreferrer noopener\"><\/a><a href=\"https:\/\/www.grandepremio.com\/br\/circuito\/sao-paulo\/\" target=\"_blank\" rel=\"noreferrer noopener\"><\/a><a href=\"https:\/\/www.grandepremio.com\/br\/circuito\/sao-paulo\/\" target=\"_blank\" rel=\"noreferrer noopener\"><\/a><a href=\"https:\/\/www.grandepremio.com\/br\/circuito\/sao-paulo\/\" target=\"_blank\" rel=\"noreferrer noopener\"><\/a><a href=\"https:\/\/www.grandepremio.com\/br\/circuito\/sao-paulo\/\" target=\"_blank\" rel=\"noreferrer noopener\"><\/a><a href=\"https:\/\/www.grandepremio.com\/br\/circuito\/sao-paulo\/\" target=\"_blank\" rel=\"noreferrer noopener\"><\/a><a href=\"https:\/\/www.grandepremio.com\/br\/circuito\/sao-paulo\/\" target=\"_blank\" rel=\"noreferrer noopener\"><\/a><a href=\"https:\/\/www.grandepremio.com\/br\/circuito\/sao-paulo\/\" target=\"_blank\" rel=\"noreferrer noopener\"><\/a><a href=\"https:\/\/www.grandepremio.com\/br\/circuito\/sao-paulo\/\" target=\"_blank\" rel=\"noreferrer noopener\"><\/a><a href=\"https:\/\/www.grandepremio.com\/br\/circuito\/sao-paulo\/\" target=\"_blank\" rel=\"noreferrer noopener\"><\/a><a href=\"https:\/\/www.grandepremio.com\/br\/circuito\/sao-paulo\/\" target=\"_blank\" rel=\"noreferrer noopener\"><\/a><a href=\"https:\/\/www.grandepremio.com\/br\/circuito\/sao-paulo\/\" target=\"_blank\" rel=\"noreferrer noopener\"><\/a><a href=\"https:\/\/www.grandepremio.com\/br\/circuito\/sao-paulo\/\" target=\"_blank\" rel=\"noreferrer noopener\"><\/a><a href=\"https:\/\/www.grandepremio.com\/br\/circuito\/sao-paulo\/\" target=\"_blank\" rel=\"noreferrer noopener\"><\/a><a href=\"https:\/\/www.grandepremio.com\/br\/circuito\/sao-paulo\/\" target=\"_blank\" rel=\"noreferrer noopener\"><\/a><a href=\"https:\/\/www.grandepremio.com\/br\/circuito\/sao-paulo\/\" target=\"_blank\" rel=\"noreferrer noopener\"><\/a><a href=\"https:\/\/www.grandepremio.com\/br\/circuito\/sao-paulo\/\" target=\"_blank\" rel=\"noreferrer noopener\"><\/a><a href=\"https:\/\/www.grandepremio.com\/br\/circuito\/sao-paulo\/\" target=\"_blank\" rel=\"noreferrer noopener\"><\/a><a href=\"https:\/\/www.grandepremio.com\/br\/circuito\/sao-paulo\/\" target=\"_blank\" rel=\"noreferrer noopener\"><\/a><a href=\"https:\/\/www.grandepremio.com\/br\/circuito\/sao-paulo\/\" target=\"_blank\" rel=\"noreferrer noopener\">S\u00e3o Paulo<\/a><\/strong>, etapa brasileira do calend\u00e1rio. O&nbsp;<strong>GRANDE PR\u00caMIO<\/strong>&nbsp;cobre \u2018in loco\u2019 com os rep\u00f3rteres&nbsp;<strong>Evelyn Guimar\u00e3es, Gabriel Carvalho, Gabriel Curty, Luana Marino&nbsp;<\/strong>e&nbsp;<strong>Pedro Henrique Marum<\/strong>, al\u00e9m do fot\u00f3grafo&nbsp;<strong>Rodrigo Berton.<\/strong><\/p>\n\n\n\n<p class=\"wp-block-paragraph\"><strong>\u25b6\ufe0f&nbsp;Inscreva-se nos dois canais do GRANDE PR\u00caMIO no YouTube:&nbsp;<a href=\"https:\/\/www.youtube.com\/channel\/UC9OlHEgxoaY6QY6nWPoiqQg?sub_confirmation=1\" target=\"_blank\" rel=\"noreferrer noopener\">GP<\/a>&nbsp;|&nbsp;<a href=\"https:\/\/www.youtube.com\/channel\/UC9csiS6q_C3C0FYhyr1rnFA?sub_confirmation=1\" target=\"_blank\" rel=\"noreferrer noopener\">GP2<\/a><\/strong><br><strong>\u25b6\ufe0f&nbsp;LEIA TAMB\u00c9M<\/strong>:&nbsp;<strong><a href=\"https:\/\/www.grandepremio.com\/br\/f1\/noticias\/tentativa-arrancadas-lando-norris-ferrari-o-que-esta-jogo-gp-sao-paulo\/\">Tentativa de arrancadas de Norris e da Ferrari: o que est\u00e1 em jogo no GP de&nbsp;<\/a><a href=\"https:\/\/www.grandepremio.com\/br\/circuito\/sao-paulo\/\" target=\"_blank\" rel=\"noreferrer noopener\">S\u00e3o Paulo<\/a><\/strong><\/p>\n\n\n\n<figure class=\"wp-block-embed is-type-video is-provider-youtube wp-block-embed-youtube wp-embed-aspect-16-9 wp-has-aspect-ratio\"><div class=\"wp-block-embed__wrapper\">\n<iframe loading=\"lazy\" title=\"DISPUTA pelo T\u00cdTULO e VERSTAPPEN PRESSIONADO? O que esperar do GP de S\u00c3O PAULO de F1 | TTGP #159\" width=\"500\" height=\"281\" src=\"https:\/\/www.youtube.com\/embed\/YyyxC1CiPF4?feature=oembed\" frameborder=\"0\" allow=\"accelerometer; autoplay; clipboard-write; encrypted-media; gyroscope; picture-in-picture; web-share\" referrerpolicy=\"strict-origin-when-cross-origin\" allowfullscreen><\/iframe>\n<\/div><\/figure>\n","protected":false},"excerpt":{"rendered":"<p>Durante entrevista coletiva nesta quinta-feira (31) em Interlagos, com presen\u00e7a do GRANDE PR\u00caMIO, Lewis Hamilton pediu mudan\u00e7as nas regras para a pr\u00f3xima temporada, mas disse que a disputa entre Max Verstappen e Lando Norris tem sido &#8220;emocionante&#8221;<\/p>\n","protected":false},"author":0,"featured_media":1000889178,"comment_status":"closed","ping_status":"closed","sticky":false,"template":"","format":"standard","meta":{"42wp_featured_image_caption":"","42wp_featured_image_credits":"","42wp_featured_video":"","42wp_featured_image_hidden":false,"42wp_authors_list":[],"footnotes":""},"categories":[2],"tags":[26271,5273,147,3230,180,30909,26680,1491,28285,30840,124,547,87,203,90,35129,204,33301],"42wp_author":[47115,47119,47161,47158],"class_list":["post-55638","post","type-post","status-publish","format-standard","has-post-thumbnail","hentry","category-f1","tag-calendario-f1","tag-classificacao-f1","tag-f1","tag-f1-2024","tag-formula-1","tag-formula-1-2024","tag-gp-de-sao-paulo","tag-grande-premio","tag-grandepremio","tag-horarios-f1","tag-interlagos","tag-lando-norris","tag-lewis-hamilton","tag-max-verstappen","tag-mclaren","tag-onde-assistir-f1","tag-red-bull","tag-temporada-2024-f1","42wp_author-evelyn-guimaraes","42wp_author-gabriel-carvalho","42wp_author-kaio-esteves","42wp_author-warm-up"],"_links":{"self":[{"href":"https:\/\/grandepremio.com\/br\/wp-json\/wp\/v2\/posts\/55638","targetHints":{"allow":["GET"]}}],"collection":[{"href":"https:\/\/grandepremio.com\/br\/wp-json\/wp\/v2\/posts"}],"about":[{"href":"https:\/\/grandepremio.com\/br\/wp-json\/wp\/v2\/types\/post"}],"replies":[{"embeddable":true,"href":"https:\/\/grandepremio.com\/br\/wp-json\/wp\/v2\/comments?post=55638"}],"version-history":[{"count":0,"href":"https:\/\/grandepremio.com\/br\/wp-json\/wp\/v2\/posts\/55638\/revisions"}],"wp:featuredmedia":[{"embeddable":true,"href":"https:\/\/grandepremio.com\/br\/wp-json\/wp\/v2\/media\/1000889178"}],"wp:attachment":[{"href":"https:\/\/grandepremio.com\/br\/wp-json\/wp\/v2\/media?parent=55638"}],"wp:term":[{"taxonomy":"category","embeddable":true,"href":"https:\/\/grandepremio.com\/br\/wp-json\/wp\/v2\/categories?post=55638"},{"taxonomy":"post_tag","embeddable":true,"href":"https:\/\/grandepremio.com\/br\/wp-json\/wp\/v2\/tags?post=55638"},{"taxonomy":"42wp_author","embeddable":true,"href":"https:\/\/grandepremio.com\/br\/wp-json\/wp\/v2\/42wp_author?post=55638"}],"curies":[{"name":"wp","href":"https:\/\/api.w.org\/{rel}","templated":true}]}}