{"id":55868,"date":"2024-10-30T05:00:00","date_gmt":"2024-10-30T08:00:00","guid":{"rendered":"https:\/\/grandepremio.com\/br\/noticias\/retrospectiva-2024-jaguar-finalmente-conquista-titulo-formula-e-sabor-amargo\/"},"modified":"2024-10-29T18:45:46","modified_gmt":"2024-10-29T21:45:46","slug":"retrospectiva-2024-jaguar-finalmente-conquista-titulo-formula-e-sabor-amargo","status":"publish","type":"post","link":"https:\/\/grandepremio.com\/br\/formula-e\/retrospectiva-2024-jaguar-finalmente-conquista-titulo-formula-e-sabor-amargo\/","title":{"rendered":"Retrospectiva 2024: Jaguar enfim conquista t\u00edtulo da F\u00f3rmula E. Mas sabor \u00e9 amargo"},"content":{"rendered":"\n<p class=\"wp-block-paragraph\">A hist\u00f3ria do t\u00edtulo da <strong>Jaguar<\/strong> no <strong>Mundial de Equipes<\/strong> em 2024 \u00e9 a hist\u00f3ria de um amor finalmente correspondido. Mas n\u00e3o um amor apaixonado, com cenas de +18, de um filme rom\u00e2ntico \u00e0 Netflix. Ou mesmo um amor \u00f3bvio atrav\u00e9s das lentes do tel\u00e3o como uma aconchegante com\u00e9dia rom\u00e2ntica cl\u00e1ssica. \u00c9 quase um amor de trag\u00e9dia grega, costurado na dor e conquistado no amargor das derrotas que chegaram juntas.<\/p>\n\n\n\n<p class=\"wp-block-paragraph\">H\u00e1 quase uma d\u00e9cada, a Jaguar bateu o martelo que voltaria a figurar numa categoria internacional com sua cl\u00e1ssica marca felina. Foi um longo hiato, de 10 anos, desde o fim das opera\u00e7\u00f5es na <strong><a href=\"https:\/\/www.grandepremio.com\/br\/f1\/\">F\u00f3rmula 1<\/a><\/strong> ap\u00f3s a venda para a <strong>Red Bull<\/strong>. A <strong><a href=\"https:\/\/www.grandepremio.com\/br\/formula-e\/\">F\u00f3rmula E<\/a><\/strong>, entendia a f\u00e1brica &#8211; agora parte de um conglomerado indiano -, era a plataforma perfeita para competir e desenvolver sustentabilidade.<\/p>\n\n\n\n<p class=\"wp-block-paragraph\">E foi assim que a estreia se deu, na temporada 2016\/17. Nos anos seguintes, a liga\u00e7\u00e3o com a F\u00f3rmula E cresceu. Juntas, marca e categoria criaram o primeiro campeonato-sat\u00e9lite, o <strong><a href=\"https:\/\/www.grandepremio.com\/br\/formula-e\/noticias\/campeao-do-jaguar-etrophy-jimenez-testa-carro-da-formula-e-em-valencia\/\">eTrophy<\/a><\/strong>, que teve vida curta mas serviu para solidificar o status de confian\u00e7a que a Jaguar tinha pelo caminho escolhido.<\/p>\n\n\n\n<p class=\"wp-block-paragraph\">Demorou dois anos para o primeiro p\u00f3dio e tr\u00eas at\u00e9 a primeira vit\u00f3ria, ambos os feitos conquistados por <strong>Mitch Evans<\/strong>, o piloto que esteve l\u00e1 desde o dia #1. Mas a Jaguar demorou a conseguir efetivamente brigar. Foi em 2021 que as coisas mudaram de vez, com o vice-campeonato de Equipes. No ano seguinte, ficou com a quarta coloca\u00e7\u00e3o; em 2023, novamente um vice. Este \u00faltimo com requintes de crueldade, uma vez que a campe\u00e3 foi a <strong>Envision<\/strong>, justamente equipe cliente que usava motores felinos.<\/p>\n\n\n\n<figure class=\"wp-block-image size-full\"><img decoding=\"async\" src=\"https:\/\/www.grandepremio.com\/br\/wp-content\/uploads\/2024\/05\/MZ2_9947.jpg\" alt=\"\" class=\"wp-image-819026\"\/><figcaption class=\"wp-element-caption\">Campe\u00e3 do Mundial de Equipes, Jaguar viveu grande decep\u00e7\u00e3o (Foto: F\u00f3rmula E)<\/figcaption><\/figure>\n\n\n\n<p class=\"wp-block-paragraph\"><strong>\u25b6\ufe0f Inscreva-se nos dois canais do\u00a0GRANDE PR\u00caMIO\u00a0no YouTube:\u00a0<a href=\"https:\/\/www.youtube.com\/channel\/UC9OlHEgxoaY6QY6nWPoiqQg?sub_confirmation=1\">GP<\/a>\u00a0|\u00a0<a href=\"https:\/\/www.youtube.com\/channel\/UC9csiS6q_C3C0FYhyr1rnFA?sub_confirmation=1\">GP2<\/a><\/strong><br><strong>\u25b6\ufe0f<\/strong> <strong>LEIA TAMB\u00c9M: <a href=\"https:\/\/www.grandepremio.com\/br\/formula-e\/noticias\/retrospectiva-2024-formula-e-brigaca-encara-rebeliao-corridas-pelotao\/\">Retrospectiva 2024: F\u00f3rmula E tem \u2018briga\u00e7a\u2019, mas v\u00ea rebeli\u00e3o por corridas de pelot\u00e3o<\/a><\/strong><\/p>\n\n\n\n<p class=\"wp-block-paragraph\">Quando viria o t\u00edtulo de uma f\u00e1brica que tanto se doou? Que se comprometeu a permanecer na categoria nas eras Gen2, Gen3 e Gen4 <strong><a href=\"https:\/\/www.grandepremio.com\/br\/formula-e\/noticias\/jaguar-renova-parceria-formula-e-confirma-presenca-era-gen4-2026\/\">assim que poss\u00edvel<\/a><\/strong>? Um dia teria de chegar. Para isso, a Jaguar investiu em pilotos. Ao lado de Evans, contratou o campe\u00e3o <strong>Nelsinho Piquet<\/strong> e o dono de diversas vit\u00f3rias pela categoria <strong>Sam Bird<\/strong>. Tiros n&#8217;\u00e1gua, ambos.<\/p>\n\n\n\n<p class=\"wp-block-paragraph\">Para a temporada 2024, apostou numa dupla de origem neozelandesa. <strong>Nick Cassidy<\/strong> chegou para ser dupla do velho amigo Evans. Os dois da mesma idade e criados na mesma cidade, conhecem um ao outro a vida inteira. Cassidy veio de fora, mas era piloto da Envision e, com isso, j\u00e1 era amplo conhecedor do pacote da Jaguar.<\/p>\n\n\n\n<p class=\"wp-block-paragraph\">Desde o come\u00e7o do campeonato, Cassidy brilhou. Nas tr\u00eas primeiras provas, uma vit\u00f3ria e outras duas poles, enquanto Evans ainda patinava. Mas os dois eram velozes ao longo de todo o ano. Evans aumentou a passada na segunda metade da temporada e mostrou que brigava pelo t\u00edtulo. Claro, se ambos estavam atr\u00e1s do t\u00edtulo de Pilotos, o Mundial de Equipes estava em boas condi\u00e7\u00f5es. O duelo, nos dois casos, era contra a Porsche, rival desde o princ\u00edpio da era Gen3.<\/p>\n\n\n\n<figure class=\"wp-block-image size-large\"><img decoding=\"async\" src=\"https:\/\/www.grandepremio.com\/br\/wp-content\/uploads\/2024\/05\/EPS1011_144419DSC_5880-2048x2048-1-1200x800.jpg\" alt=\"\" class=\"wp-image-819017\"\/><figcaption class=\"wp-element-caption\">Evans e Cassidy brigaram pelo t\u00edtulo at\u00e9 \u00faltima corrida (Foto: F\u00f3rmula E)<\/figcaption><\/figure>\n\n\n\n<p class=\"wp-block-paragraph\">Ap\u00f3s 12 das 16 provas, Cassidy liderava o campeonato e tinha oito p\u00f3dios e duas vit\u00f3rias; Evans, duas vit\u00f3rias e tr\u00eas p\u00f3dios. A situa\u00e7\u00e3o estava positiva. No Mundial de Equipes, a vantagem para a Porsche chegava a 73 tentos. &#8220;A equipe tem feito um trabalho incr\u00edvel. Vem sendo muito bom, e estou muito orgulhoso por pilotar pela Jaguar\u201d, <a href=\"https:\/\/www.grandepremio.com\/br\/formula-e\/noticias\/nick-cassidy-vibra-grande-fim-de-semana-berlim-ve-trabalho-incrivel-jaguar\/\"><strong>falou Cassidy<\/strong><\/a>. <\/p>\n\n\n\n<p class=\"wp-block-paragraph\">Eis que, na pen\u00faltima rodada dupla do ano, em Portland, a situa\u00e7\u00e3o mudou drasticamente no Mundial de Pilotos. Cassidy estava a uma volta de vencer a primeira das duas provas e colocar duas m\u00e3os no caneco, quando errou sozinho, <strong><a href=\"https:\/\/www.grandepremio.com\/br\/formula-e\/noticias\/nick-cassidy-admite-erro-enorme-custou-vitorias-pontos-corrida-1-portland\/\">saiu da pista e ficou sem pontos<\/a><\/strong>. \u201cExecutei 25 voltas perfeitas e fiquei muito feliz com minha corrida. E, ent\u00e3o, cometi um erro enorme\u201d, admitiu Cassidy. No dia seguinte, tamb\u00e9m n\u00e3o pontuou. Evans aproveitou para encostar, mas os dois e <strong>Pascal Wehrlein<\/strong> chegavam na decis\u00e3o em Londres praticamente juntos.<\/p>\n\n\n\n<p class=\"wp-block-paragraph\">Na capital inglesa, foi o alem\u00e3o Wehrlein quem deu o bote. Com uma vit\u00f3ria e um segundo lugar, levou o caneco de maneira dram\u00e1tica, seguido por Evans &#8211; que tamb\u00e9m conquistou dois p\u00f3dios, mas ficou seis pontos atr\u00e1s. Cassidy desmantelou e viu o campeonato terminar com uma pancada de <strong>Ant\u00f3nio F\u00e9lix da Costa<\/strong>, outro da <strong>Porsche<\/strong>, no dia derradeiro. Para tornar ainda mais dolorido, Nick largou na pole para a \u00faltima corrida, mas perdeu posi\u00e7\u00f5es para os rivais na briga do campeonato ao se livrar das duas ativa\u00e7\u00f5es do Modo Ataque r\u00e1pido demais, por erro estrat\u00e9gico da Jaguar.<\/p>\n\n\n\n<p class=\"wp-block-paragraph\">O <strong>Mundial de Equipes<\/strong> foi abarcado, o <strong>primeiro t\u00edtulo Mundial FIA da Jaguar desde 1991<\/strong>, mas num dia em que at\u00e9 comemorar dava ares de injusto. Cassidy e Evans amargaram derrota que, em dado momento, parecia quase imposs\u00edvel &#8211; especialmente para Nick.<\/p>\n\n\n\n<figure class=\"wp-block-image size-full\"><img decoding=\"async\" src=\"https:\/\/www.grandepremio.com\/br\/wp-content\/uploads\/2024\/07\/JAMES-BARCLAY.jpg\" alt=\"\" class=\"wp-image-844629\"\/><figcaption class=\"wp-element-caption\">James Barclay lamentou perda do Mundial de Pilotos (Foto: Jaguar)<\/figcaption><\/figure>\n\n\n\n<p class=\"wp-block-paragraph\">\u201cPrimeiramente, \u00e9 o primeiro mundial da Jaguar desde 1991, mas eu n\u00e3o vou mentir, \u00e9 dolorido no momento\u201d, <strong><a href=\"https:\/\/www.grandepremio.com\/br\/formula-e\/noticias\/jaguar-celebra-titulo-mundial-equipes-lamenta-nick-cassidy-mitch-evans-doi\/\">comentou o chefe James Barclay em Londres<\/a><\/strong>. \u201c\u00c9 muito dif\u00edcil explicar a sensa\u00e7\u00e3o. Dif\u00edcil process\u00e1-la. Estamos h\u00e1 oito anos neste campeonato e nos colocamos em uma situa\u00e7\u00e3o incr\u00edvel para poder vencer e vencemos. Colocamos tamb\u00e9m os dois pilotos em posi\u00e7\u00e3o para ganhar o campeonato e n\u00e3o conseguimos. Vai demorar um pouquinho at\u00e9 isso parar de doer\u201d, completou.<\/p>\n\n\n\n<p class=\"wp-block-paragraph\">A Jaguar conseguiu o t\u00edtulo que buscou durante a \u00faltima d\u00e9cada com devo\u00e7\u00e3o \u00edmpar, mas sem o doce sabor do sucesso que esperava sentir.<\/p>\n\n\n\n<p class=\"wp-block-paragraph\">A\u00a0<a href=\"https:\/\/www.grandepremio.com\/br\/formula-e\/\" target=\"_blank\" rel=\"noreferrer noopener\"><\/a><a href=\"https:\/\/www.grandepremio.com\/br\/formula-e\/\" target=\"_blank\" rel=\"noreferrer noopener\">F\u00f3rmula E<\/a>\u00a0retorna com atividades de pista somente entre os dias\u00a0<strong>4 e 7 de novembro<\/strong>, com os\u00a0testes coletivos<strong>\u00a0<\/strong>de pr\u00e9-temporada na pista de\u00a0<strong>Val\u00eancia<\/strong>, na<strong>\u00a0<a href=\"https:\/\/es.grandepremio.com\/\" target=\"_blank\" rel=\"noreferrer noopener\">Espanha<\/a><\/strong>. A temporada 2024\/25 come\u00e7a aqui no Brasil, com o\u00a0<strong>eP de\u00a0<a href=\"https:\/\/www.grandepremio.com\/br\/circuito\/sao-paulo\/\" target=\"_blank\" rel=\"noreferrer noopener\"><\/a><a href=\"https:\/\/www.grandepremio.com\/br\/circuito\/sao-paulo\/\" target=\"_blank\" rel=\"noreferrer noopener\"><\/a><a href=\"https:\/\/www.grandepremio.com\/br\/circuito\/sao-paulo\/\" target=\"_blank\" rel=\"noreferrer noopener\"><\/a><a href=\"https:\/\/www.grandepremio.com\/br\/circuito\/sao-paulo\/\" target=\"_blank\" rel=\"noreferrer noopener\"><\/a><a href=\"https:\/\/www.grandepremio.com\/br\/circuito\/sao-paulo\/\" target=\"_blank\" rel=\"noreferrer noopener\"><\/a><a href=\"https:\/\/www.grandepremio.com\/br\/circuito\/sao-paulo\/\" target=\"_blank\" rel=\"noreferrer noopener\"><\/a><a href=\"https:\/\/www.grandepremio.com\/br\/circuito\/sao-paulo\/\" target=\"_blank\" rel=\"noreferrer noopener\"><\/a><a href=\"https:\/\/www.grandepremio.com\/br\/circuito\/sao-paulo\/\" target=\"_blank\" rel=\"noreferrer noopener\"><\/a><a href=\"https:\/\/www.grandepremio.com\/br\/circuito\/sao-paulo\/\" target=\"_blank\" rel=\"noreferrer noopener\"><\/a><a href=\"https:\/\/www.grandepremio.com\/br\/circuito\/sao-paulo\/\" target=\"_blank\" rel=\"noreferrer noopener\"><\/a><a href=\"https:\/\/www.grandepremio.com\/br\/circuito\/sao-paulo\/\" target=\"_blank\" rel=\"noreferrer noopener\"><\/a><a href=\"https:\/\/www.grandepremio.com\/br\/circuito\/sao-paulo\/\" target=\"_blank\" rel=\"noreferrer noopener\"><\/a><a href=\"https:\/\/www.grandepremio.com\/br\/circuito\/sao-paulo\/\" target=\"_blank\" rel=\"noreferrer noopener\"><\/a><a href=\"https:\/\/www.grandepremio.com\/br\/circuito\/sao-paulo\/\" target=\"_blank\" rel=\"noreferrer noopener\"><\/a><a href=\"https:\/\/www.grandepremio.com\/br\/circuito\/sao-paulo\/\" target=\"_blank\" rel=\"noreferrer noopener\"><\/a><a href=\"https:\/\/www.grandepremio.com\/br\/circuito\/sao-paulo\/\" target=\"_blank\" rel=\"noreferrer noopener\"><\/a><a href=\"https:\/\/www.grandepremio.com\/br\/circuito\/sao-paulo\/\" target=\"_blank\" rel=\"noreferrer noopener\"><\/a><a href=\"https:\/\/www.grandepremio.com\/br\/circuito\/sao-paulo\/\" target=\"_blank\" rel=\"noreferrer noopener\"><\/a><a href=\"https:\/\/www.grandepremio.com\/br\/circuito\/sao-paulo\/\" target=\"_blank\" rel=\"noreferrer noopener\"><\/a><a href=\"https:\/\/www.grandepremio.com\/br\/circuito\/sao-paulo\/\" target=\"_blank\" rel=\"noreferrer noopener\"><\/a><a href=\"https:\/\/www.grandepremio.com\/br\/circuito\/sao-paulo\/\" target=\"_blank\" rel=\"noreferrer noopener\"><\/a><a href=\"https:\/\/www.grandepremio.com\/br\/circuito\/sao-paulo\/\" target=\"_blank\" rel=\"noreferrer noopener\"><\/a><a href=\"https:\/\/www.grandepremio.com\/br\/circuito\/sao-paulo\/\" target=\"_blank\" rel=\"noreferrer noopener\"><\/a><a href=\"https:\/\/www.grandepremio.com\/br\/circuito\/sao-paulo\/\" target=\"_blank\" rel=\"noreferrer noopener\"><\/a><a href=\"https:\/\/www.grandepremio.com\/br\/circuito\/sao-paulo\/\" target=\"_blank\" rel=\"noreferrer noopener\"><\/a><a href=\"https:\/\/www.grandepremio.com\/br\/circuito\/sao-paulo\/\" target=\"_blank\" rel=\"noreferrer noopener\"><\/a><a href=\"https:\/\/www.grandepremio.com\/br\/circuito\/sao-paulo\/\" target=\"_blank\" rel=\"noreferrer noopener\"><\/a><a href=\"https:\/\/www.grandepremio.com\/br\/circuito\/sao-paulo\/\" target=\"_blank\" rel=\"noreferrer noopener\"><\/a><a href=\"https:\/\/www.grandepremio.com\/br\/circuito\/sao-paulo\/\" target=\"_blank\" rel=\"noreferrer noopener\"><\/a><a href=\"https:\/\/www.grandepremio.com\/br\/circuito\/sao-paulo\/\" target=\"_blank\" rel=\"noreferrer noopener\"><\/a><a href=\"https:\/\/www.grandepremio.com\/br\/circuito\/sao-paulo\/\" target=\"_blank\" rel=\"noreferrer noopener\"><\/a><a href=\"https:\/\/www.grandepremio.com\/br\/circuito\/sao-paulo\/\" target=\"_blank\" rel=\"noreferrer noopener\">S\u00e3o Paulo<\/a>, marcado para o fim de semana do dia 7 de dezembro<\/strong>.<\/p>\n\n\n\n<figure class=\"wp-block-embed is-type-video is-provider-youtube wp-block-embed-youtube wp-embed-aspect-16-9 wp-has-aspect-ratio\"><div class=\"wp-block-embed__wrapper\">\n<iframe loading=\"lazy\" title=\"A FIA PUNE! POR QUE NISSAN e JAGUAR QUEBRARAM TETO de GASTOS da F\u00d3RMULA E? | GP \u00e0s 10\" width=\"500\" height=\"281\" src=\"https:\/\/www.youtube.com\/embed\/uvjuTbbu_zc?feature=oembed\" frameborder=\"0\" allow=\"accelerometer; autoplay; clipboard-write; encrypted-media; gyroscope; picture-in-picture; web-share\" referrerpolicy=\"strict-origin-when-cross-origin\" allowfullscreen><\/iframe>\n<\/div><figcaption class=\"wp-element-caption\">A FIA PUNE! POR QUE NISSAN e JAGUAR QUEBRARAM TETO de GASTOS da F\u00d3RMULA E? | GP \u00e0s 10<\/figcaption><\/figure>\n","protected":false},"excerpt":{"rendered":"<p>Demorou boa parte de uma d\u00e9cada, mas a Jaguar chegou ao t\u00edtulo pelo qual se comprometeu em 2016. Era dif\u00edcil imaginar um cen\u00e1rio mais amargo, contudo <\/p>\n","protected":false},"author":0,"featured_media":1000834118,"comment_status":"closed","ping_status":"closed","sticky":false,"template":"","format":"standard","meta":{"42wp_featured_image_caption":"","42wp_featured_image_credits":"","42wp_featured_video":"","42wp_featured_image_hidden":false,"42wp_authors_list":[],"footnotes":""},"categories":[19],"tags":[34133,37542,37543,37743,37744,5660,26410,37762,35967,34647,37545,33841,37745,910,909,2128],"42wp_author":[47120],"class_list":["post-55868","post","type-post","status-publish","format-standard","has-post-thumbnail","hentry","category-formula-e","tag-assistir-formula-e-ao-vivo","tag-assistir-formula-e-gratis","tag-assistir-formula-e-online","tag-calendario-formula-e-2024","tag-calendario-formula-e-2024-horarios","tag-classificacao","tag-classificacao-da-formula-e","tag-classificacao-formula-e-2024","tag-formula-e-2024","tag-formula-e-ao-vivo","tag-formula-e-live","tag-formula-e-no-grande-premio","tag-formula-e-tv-2024","tag-jaguar","tag-mitch-evans","tag-nick-cassidy","42wp_author-pedro-henrique-marum"],"_links":{"self":[{"href":"https:\/\/grandepremio.com\/br\/wp-json\/wp\/v2\/posts\/55868","targetHints":{"allow":["GET"]}}],"collection":[{"href":"https:\/\/grandepremio.com\/br\/wp-json\/wp\/v2\/posts"}],"about":[{"href":"https:\/\/grandepremio.com\/br\/wp-json\/wp\/v2\/types\/post"}],"replies":[{"embeddable":true,"href":"https:\/\/grandepremio.com\/br\/wp-json\/wp\/v2\/comments?post=55868"}],"version-history":[{"count":0,"href":"https:\/\/grandepremio.com\/br\/wp-json\/wp\/v2\/posts\/55868\/revisions"}],"wp:featuredmedia":[{"embeddable":true,"href":"https:\/\/grandepremio.com\/br\/wp-json\/wp\/v2\/media\/1000834118"}],"wp:attachment":[{"href":"https:\/\/grandepremio.com\/br\/wp-json\/wp\/v2\/media?parent=55868"}],"wp:term":[{"taxonomy":"category","embeddable":true,"href":"https:\/\/grandepremio.com\/br\/wp-json\/wp\/v2\/categories?post=55868"},{"taxonomy":"post_tag","embeddable":true,"href":"https:\/\/grandepremio.com\/br\/wp-json\/wp\/v2\/tags?post=55868"},{"taxonomy":"42wp_author","embeddable":true,"href":"https:\/\/grandepremio.com\/br\/wp-json\/wp\/v2\/42wp_author?post=55868"}],"curies":[{"name":"wp","href":"https:\/\/api.w.org\/{rel}","templated":true}]}}