{"id":55932,"date":"2024-10-29T13:31:17","date_gmt":"2024-10-29T16:31:17","guid":{"rendered":"https:\/\/grandepremio.com\/br\/noticias\/pai-sergio-perez-ultima-corrida-mexico-suscita-duvida-sequencia-f1\/"},"modified":"2024-10-29T18:34:00","modified_gmt":"2024-10-29T21:34:00","slug":"pai-sergio-perez-ultima-corrida-mexico-suscita-duvida-sequencia-f1","status":"publish","type":"post","link":"https:\/\/grandepremio.com\/br\/f1\/pai-sergio-perez-ultima-corrida-mexico-suscita-duvida-sequencia-f1\/","title":{"rendered":"Pai de P\u00e9rez fala em &#8220;\u00faltima corrida no M\u00e9xico&#8221; e suscita d\u00favida sobre sequ\u00eancia na F1"},"content":{"rendered":"\n<figure class=\"wp-block-embed is-type-video is-provider-youtube wp-block-embed-youtube wp-embed-aspect-16-9 wp-has-aspect-ratio\"><div class=\"wp-block-embed__wrapper\">\n<iframe loading=\"lazy\" title=\"BOMBA! PAI de P\u00c9REZ CHOCA e fala em \u00daLTIMA CORRIDA na #F1: \u00c9 O FIM?\" width=\"500\" height=\"281\" src=\"https:\/\/www.youtube.com\/embed\/fjpLc6aEMbk?feature=oembed\" frameborder=\"0\" allow=\"accelerometer; autoplay; clipboard-write; encrypted-media; gyroscope; picture-in-picture; web-share\" referrerpolicy=\"strict-origin-when-cross-origin\" allowfullscreen><\/iframe>\n<\/div><\/figure>\n\n\n\n<p class=\"wp-block-paragraph\"><strong>Antonio P\u00e9rez Garibay<\/strong>, pai de <strong>Sergio P\u00e9rez<\/strong>, fez uma publica\u00e7\u00e3o em seu perfil na rede social que fomentou a d\u00favida quanto \u00e0 perman\u00eancia do mexicano junto da <strong>Red Bull<\/strong>. Ap\u00f3s uma exibi\u00e7\u00e3o desastrosa no<strong> GP da Cidade do M\u00e9xico<\/strong>, <strong>Garibay <\/strong>mostrou apoio ao filho ao falar sobre a &#8220;\u00faltima corrida&#8221; em seu pa\u00eds, mas disse que o melhor ainda est\u00e1 por vir.<\/p>\n\n\n\n<p class=\"wp-block-paragraph\"><strong>P\u00e9rez <\/strong>apresentou um dos piores desempenhos de sua carreira no \u00faltimo fim de semana. Depois de ser eliminado no Q1 e largar apenas de 18\u00ba, &#8216;Checo&#8217; teve uma tentativa frustrada de fazer uma prova de recupera\u00e7\u00e3o correndo em casa. Ao tentar ultrapassar <strong>Liam Lawson<\/strong>, acabou preso atr\u00e1s do piloto da <strong>RB <\/strong>e ainda se envolveu em um acidente com o neozeland\u00eas, que comprometeu o restante de sua corrida. No fim, o titular da <strong>Red Bull<\/strong> cruzou a linha de chegada em 17\u00ba.<\/p>\n\n\n\n<p class=\"wp-block-paragraph\">O desempenho ruim de <strong>P\u00e9rez<\/strong> em 2024 fez a <strong>Red Bull<\/strong> cair para o terceiro lugar no <strong>Mundial de Construtores<\/strong>. E ap\u00f3s o evento no <strong>Aut\u00f3dromo Hermanos Rodr\u00edguez<\/strong>, o chefe <strong>Christian Horner<\/strong> voltou a cobrar o piloto e disse que &#8220;decis\u00f5es dif\u00edceis precisam ser tomadas&#8221; ao ser questionado se o mexicano seguiria com o time at\u00e9 o fim de 2024. Al\u00e9m disso, alguns rumores indicaram que a etapa em <strong>Interlagos, <\/strong>no pr\u00f3ximo fim de semana,<strong> <\/strong>poderia ser a \u00faltima do piloto junto dos austr\u00edacos.<\/p>\n\n\n\n<p class=\"wp-block-paragraph\">Em meio a toda essa confus\u00e3o, <strong>Antonio <\/strong>saiu em defesa do filho e disse que ele deve se orgulhar de tudo o que alcan\u00e7ou na carreira. Al\u00e9m disso, lembrou que &#8220;a \u00faltima corrida no M\u00e9xico&#8221; n\u00e3o foi a pior de sua trajet\u00f3ria no automobilismo.<\/p>\n\n\n\n<figure class=\"wp-block-image size-full\"><img decoding=\"async\" src=\"https:\/\/www.grandepremio.com\/br\/wp-content\/uploads\/2024\/10\/SI202409210070-1.jpg\" alt=\"\" class=\"wp-image-887743\"\/><figcaption class=\"wp-element-caption\">Sergio P\u00e9rez teve um p\u00e9ssimo desempenho no GP da Cidade do M\u00e9xico (Foto: Red Bull Content Pool)<\/figcaption><\/figure>\n\n\n\n<p class=\"wp-block-paragraph\">&#8220;Sua primeira corrida de <strong>F\u00f3rmula 1<\/strong>, na <strong>Austr\u00e1lia<\/strong>, em 2011, e sua \u00faltima, no <strong>GP da Cidade do M\u00e9xico<\/strong> de 2024. Seu orgulho m\u00e1ximo \u00e0 bandeira mais bela do mundo [M\u00e9xico], sempre juntos at\u00e9 o fim. Obrigado, Checo. Hoje, voc\u00ea \u00e9 o mexicano mais famoso do planeta. Deve estar muito orgulhoso do que conquistou&#8221;, disse o pai de P\u00e9rez.<\/p>\n\n\n\n<p class=\"wp-block-paragraph\">&#8220;Sempre se lembre que a pior corrida da sua vida foi no M\u00e9xico, quando tinha 12 anos e te expulsaram do kartismo do seu pa\u00eds em 2002. Olhe bem o que voc\u00ea conquistou, e o melhor ainda est\u00e1 por vir. Te amo, filho. Nos vemos no pr\u00f3ximo ano&#8221;, finalizou.<\/p>\n\n\n\n<p class=\"wp-block-paragraph\">A&nbsp;<strong><a href=\"https:\/\/www.grandepremio.com\/br\/f1\/\" target=\"_blank\" rel=\"noreferrer noopener\"><\/a><a href=\"https:\/\/www.grandepremio.com\/br\/f1\/\" target=\"_blank\" rel=\"noreferrer noopener\">F\u00f3rmula 1<\/a><\/strong>&nbsp;retorna j\u00e1 neste fim de semana, entre os dias 1 e 3 de novembro, com o&nbsp;<strong>GP de&nbsp;<a href=\"https:\/\/www.grandepremio.com\/br\/circuito\/sao-paulo\/\" target=\"_blank\" rel=\"noreferrer noopener\"><\/a><a href=\"https:\/\/www.grandepremio.com\/br\/circuito\/sao-paulo\/\" target=\"_blank\" rel=\"noreferrer noopener\"><\/a><a href=\"https:\/\/www.grandepremio.com\/br\/circuito\/sao-paulo\/\" target=\"_blank\" rel=\"noreferrer noopener\"><\/a><a href=\"https:\/\/www.grandepremio.com\/br\/circuito\/sao-paulo\/\" target=\"_blank\" rel=\"noreferrer noopener\"><\/a><a href=\"https:\/\/www.grandepremio.com\/br\/circuito\/sao-paulo\/\" target=\"_blank\" rel=\"noreferrer noopener\"><\/a><a href=\"https:\/\/www.grandepremio.com\/br\/circuito\/sao-paulo\/\" target=\"_blank\" rel=\"noreferrer noopener\"><\/a><a href=\"https:\/\/www.grandepremio.com\/br\/circuito\/sao-paulo\/\" target=\"_blank\" rel=\"noreferrer noopener\"><\/a><a href=\"https:\/\/www.grandepremio.com\/br\/circuito\/sao-paulo\/\" target=\"_blank\" rel=\"noreferrer noopener\"><\/a><a href=\"https:\/\/www.grandepremio.com\/br\/circuito\/sao-paulo\/\" target=\"_blank\" rel=\"noreferrer noopener\"><\/a><a href=\"https:\/\/www.grandepremio.com\/br\/circuito\/sao-paulo\/\" target=\"_blank\" rel=\"noreferrer noopener\"><\/a><a href=\"https:\/\/www.grandepremio.com\/br\/circuito\/sao-paulo\/\" target=\"_blank\" rel=\"noreferrer noopener\"><\/a><a href=\"https:\/\/www.grandepremio.com\/br\/circuito\/sao-paulo\/\" target=\"_blank\" rel=\"noreferrer noopener\">S\u00e3o Paulo<\/a><\/strong>, etapa brasileira do calend\u00e1rio. O&nbsp;<strong>GRANDE PR\u00caMIO<\/strong>&nbsp;cobre \u2018in loco\u2019 e com grande equipe.<\/p>\n\n\n\n<p class=\"wp-block-paragraph\"><strong><img decoding=\"async\" src=\"https:\/\/a.slack-edge.com\/production-standard-emoji-assets\/14.0\/google-medium\/25b6-fe0f.png\" alt=\":seta_para_frente:\">&nbsp;Inscreva-se nos dois canais do GRANDE PR\u00caMIO no YouTube:&nbsp;<a href=\"https:\/\/www.youtube.com\/channel\/UC9OlHEgxoaY6QY6nWPoiqQg?sub_confirmation=1\" target=\"_blank\" rel=\"noreferrer noopener\">GP<\/a>&nbsp;|&nbsp;<a href=\"https:\/\/www.youtube.com\/channel\/UC9csiS6q_C3C0FYhyr1rnFA?sub_confirmation=1\" target=\"_blank\" rel=\"noreferrer noopener\">GP2<\/a><\/strong><br><strong><img decoding=\"async\" src=\"https:\/\/a.slack-edge.com\/production-standard-emoji-assets\/14.0\/google-medium\/25b6-fe0f.png\" alt=\":seta_para_frente:\">&nbsp;LEIA TAMB\u00c9M<\/strong>:&nbsp;<strong><a href=\"https:\/\/www.grandepremio.com\/br\/f1\/noticias\/opiniao-gp-max-verstappen-extrapola-pressao-mas-preciso-reconhecer-quando-perde\/\">Opini\u00e3o GP: Verstappen extrapola sob press\u00e3o. Mas \u00e9 preciso reconhecer quando perde<\/a><\/strong><\/p>\n\n\n\n<figure class=\"wp-block-embed is-type-video is-provider-youtube wp-block-embed-youtube wp-embed-aspect-16-9 wp-has-aspect-ratio\"><div class=\"wp-block-embed__wrapper\">\n<iframe loading=\"lazy\" title=\"Verstappen VIRA MOLEQUE e DESRESPEITA RIVAIS ao ser amea\u00e7ado na F1 | GP \u00e0s 10\" width=\"500\" height=\"281\" src=\"https:\/\/www.youtube.com\/embed\/Jph9E1cOZU8?feature=oembed\" frameborder=\"0\" allow=\"accelerometer; autoplay; clipboard-write; encrypted-media; gyroscope; picture-in-picture; web-share\" referrerpolicy=\"strict-origin-when-cross-origin\" allowfullscreen><\/iframe>\n<\/div><\/figure>\n","protected":false},"excerpt":{"rendered":"<p>Antonio P\u00e9rez saiu em defesa do filho e o apoiou atrav\u00e9s das redes sociais ap\u00f3s a terr\u00edvel performance no GP da Cidade do M\u00e9xico, realizado no \u00faltimo domingo (27)<\/p>\n","protected":false},"author":0,"featured_media":1000633576,"comment_status":"closed","ping_status":"closed","sticky":false,"template":"","format":"standard","meta":{"42wp_featured_image_caption":"","42wp_featured_image_credits":"","42wp_featured_video":"","42wp_featured_image_hidden":false,"42wp_authors_list":[],"footnotes":""},"categories":[2],"tags":[147,3230,1491,28285,27382,38981,39978,28012,204,3132],"42wp_author":[47149],"class_list":["post-55932","post","type-post","status-publish","format-standard","has-post-thumbnail","hentry","category-f1","tag-f1","tag-f1-2024","tag-grande-premio","tag-grandepremio","tag-perez","tag-perez-f1","tag-perez-formula-1","tag-perez-na-red-bull","tag-red-bull","tag-sergio-perez","42wp_author-bernardo-castro"],"_links":{"self":[{"href":"https:\/\/grandepremio.com\/br\/wp-json\/wp\/v2\/posts\/55932","targetHints":{"allow":["GET"]}}],"collection":[{"href":"https:\/\/grandepremio.com\/br\/wp-json\/wp\/v2\/posts"}],"about":[{"href":"https:\/\/grandepremio.com\/br\/wp-json\/wp\/v2\/types\/post"}],"replies":[{"embeddable":true,"href":"https:\/\/grandepremio.com\/br\/wp-json\/wp\/v2\/comments?post=55932"}],"version-history":[{"count":0,"href":"https:\/\/grandepremio.com\/br\/wp-json\/wp\/v2\/posts\/55932\/revisions"}],"wp:featuredmedia":[{"embeddable":true,"href":"https:\/\/grandepremio.com\/br\/wp-json\/wp\/v2\/media\/1000633576"}],"wp:attachment":[{"href":"https:\/\/grandepremio.com\/br\/wp-json\/wp\/v2\/media?parent=55932"}],"wp:term":[{"taxonomy":"category","embeddable":true,"href":"https:\/\/grandepremio.com\/br\/wp-json\/wp\/v2\/categories?post=55932"},{"taxonomy":"post_tag","embeddable":true,"href":"https:\/\/grandepremio.com\/br\/wp-json\/wp\/v2\/tags?post=55932"},{"taxonomy":"42wp_author","embeddable":true,"href":"https:\/\/grandepremio.com\/br\/wp-json\/wp\/v2\/42wp_author?post=55932"}],"curies":[{"name":"wp","href":"https:\/\/api.w.org\/{rel}","templated":true}]}}