{"id":55950,"date":"2024-10-29T10:44:29","date_gmt":"2024-10-29T13:44:29","guid":{"rendered":"https:\/\/grandepremio.com\/br\/noticias\/red-bull-batalha-sergio-perez-liam-lawson-mexico-prova-rb-independente\/"},"modified":"2024-10-29T10:49:06","modified_gmt":"2024-10-29T13:49:06","slug":"red-bull-batalha-sergio-perez-liam-lawson-mexico-prova-rb-independente","status":"publish","type":"post","link":"https:\/\/grandepremio.com\/br\/f1\/red-bull-batalha-sergio-perez-liam-lawson-mexico-prova-rb-independente\/","title":{"rendered":"Red Bull diz que batalha de P\u00e9rez e Lawson no M\u00e9xico \u201cprova que RB \u00e9 independente\u201d"},"content":{"rendered":"\n<p class=\"wp-block-paragraph\">Depois de <strong>Daniel Ricciardo<\/strong>, que estava fora do top-10, fazer a volta mais r\u00e1pida no <strong>GP de Singapura<\/strong> e tirar o ponto extra de <strong>Lando Norris<\/strong>, as equipes come\u00e7aram a debater sobre o quanto a <strong>Red Bull<\/strong> influenciava nas opera\u00e7\u00f5es da <strong>RB <\/strong>durante as corridas da <strong>F\u00f3rmula 1<\/strong>. Por\u00e9m, de acordo com <strong>Christian Horner<\/strong>, chefe da esquadra austr\u00edaca, a batalha entre <strong>Liam Lawson<\/strong> e<strong> Sergio P\u00e9rez <\/strong>no <strong>GP da Cidade do M\u00e9xico<\/strong> provou que os energ\u00e9ticos n\u00e3o t\u00eam tanto poder assim sobre a irm\u00e3 menor.<\/p>\n\n\n\n<p class=\"wp-block-paragraph\"><strong>Lando Norris<\/strong> est\u00e1 na briga pelo t\u00edtulo contra<strong> Max Verstappen<\/strong>, mas a <strong>McLaren <\/strong>acredita que a <strong>RB <\/strong>\u2014 equipe que tem fortes la\u00e7os com a <strong>Red Bull \u2014 influenciou na disputa. Isso porque durante o GP de Singapura<\/strong>, o piloto brit\u00e2nico liderava e estava levando para casa o ponto extra da volta mais r\u00e1pida, mas viu <strong>Ricciardo <\/strong>ser chamado para os boxes para cal\u00e7ar pneus macios nos \u00faltimos giros. Dessa forma, o australiano fez a volta mais r\u00e1pida, mas n\u00e3o foi recompensado com o ponto, uma vez que estava fora do top-10.<\/p>\n\n\n\n<p class=\"wp-block-paragraph\">Na \u00e9poca, as equipes \u2014 principalmente a <strong>McLaren <\/strong>\u2014 debateram sobre como a <strong>Red Bull<\/strong> poderia utilizar outro time para interferir na briga pelo t\u00edtulo. Por\u00e9m, na vis\u00e3o de <strong>Christian Horner<\/strong>, o que aconteceu entre <strong>P\u00e9rez <\/strong>e <strong>Lawson <\/strong>no <strong>M\u00e9xico <\/strong>mostra que os rivais estavam errados.<\/p>\n\n\n\n<p class=\"wp-block-paragraph\"><strong>P\u00e9rez <\/strong>e <strong>Lawson <\/strong>come\u00e7aram uma briga na volta 18 valendo a d\u00e9cima posi\u00e7\u00e3o. A batalha foi dura e contou com um toque entre os dois, teve o titular da <strong>RB <\/strong><a href=\"https:\/\/www.grandepremio.com\/br\/video\/f1\/liam-lawson-se-irrita-sergio-perez-mostra-dedo-meio-apos-ultrapassagem-gp-cidade-mexico\/\">mostrando o dedo do meio<\/a> e at\u00e9 uma <a href=\"https:\/\/www.grandepremio.com\/br\/video\/f1\/sergio-perez-liam-lawson-discutem-fila-pesagem-fim-gp-cidade-mexico\/\">discuss\u00e3o fora do carro, na sala de pesagem<\/a>, logo ap\u00f3s a prova.<\/p>\n\n\n\n<figure class=\"wp-block-video\"><video class=\"video-js vjs-big-play-centered\" data-gp-vjs=\"1\" controls src=\"https:\/\/www.grandepremio.com\/br\/wp-content\/uploads\/2024\/10\/Perez-Lawson-Mexico.mp4\"><\/video><figcaption class=\"wp-element-caption\">Pega entre Liam Lawson e Sergio P\u00e9rez no GP da Cidade do M\u00e9xico (V\u00eddeo: reprodu\u00e7\u00e3o\/F1 TV)<\/figcaption><\/figure>\n\n\n\n<p class=\"wp-block-paragraph\">&#8220;Isso mostra que as duas equipes competem entre si e, embora tenham a mesma propriedade, s\u00e3o independentes na forma como correm&#8221;, disse o chefe da <strong>Red Bull<\/strong>.<\/p>\n\n\n\n<p class=\"wp-block-paragraph\">&#8220;Liam pediu desculpas a Checo pelo incidente. Obviamente, haver\u00e1 li\u00e7\u00f5es a serem aprendidas, mas certamente ser\u00e1 frustrante para Checo compensar os danos e perder pontos valiosos&#8221;, finalizou <strong>Horner<\/strong>.<\/p>\n\n\n\n<p class=\"wp-block-paragraph\">A&nbsp;<strong><a href=\"https:\/\/www.grandepremio.com\/br\/f1\/\" target=\"_blank\" rel=\"noreferrer noopener\"><\/a><a href=\"https:\/\/www.grandepremio.com\/br\/f1\/\" target=\"_blank\" rel=\"noreferrer noopener\">F\u00f3rmula 1<\/a><\/strong>&nbsp;retorna j\u00e1 neste fim de semana, entre os dias 1 e 3 de novembro, com o&nbsp;<strong>GP de&nbsp;<a href=\"https:\/\/www.grandepremio.com\/br\/circuito\/sao-paulo\/\" target=\"_blank\" rel=\"noreferrer noopener\"><\/a><a href=\"https:\/\/www.grandepremio.com\/br\/circuito\/sao-paulo\/\" target=\"_blank\" rel=\"noreferrer noopener\"><\/a><a href=\"https:\/\/www.grandepremio.com\/br\/circuito\/sao-paulo\/\" target=\"_blank\" rel=\"noreferrer noopener\"><\/a><a href=\"https:\/\/www.grandepremio.com\/br\/circuito\/sao-paulo\/\" target=\"_blank\" rel=\"noreferrer noopener\"><\/a><a href=\"https:\/\/www.grandepremio.com\/br\/circuito\/sao-paulo\/\" target=\"_blank\" rel=\"noreferrer noopener\"><\/a><a href=\"https:\/\/www.grandepremio.com\/br\/circuito\/sao-paulo\/\" target=\"_blank\" rel=\"noreferrer noopener\"><\/a><a href=\"https:\/\/www.grandepremio.com\/br\/circuito\/sao-paulo\/\" target=\"_blank\" rel=\"noreferrer noopener\"><\/a><a href=\"https:\/\/www.grandepremio.com\/br\/circuito\/sao-paulo\/\" target=\"_blank\" rel=\"noreferrer noopener\"><\/a><a href=\"https:\/\/www.grandepremio.com\/br\/circuito\/sao-paulo\/\" target=\"_blank\" rel=\"noreferrer noopener\"><\/a><a href=\"https:\/\/www.grandepremio.com\/br\/circuito\/sao-paulo\/\" target=\"_blank\" rel=\"noreferrer noopener\"><\/a><a href=\"https:\/\/www.grandepremio.com\/br\/circuito\/sao-paulo\/\" target=\"_blank\" rel=\"noreferrer noopener\">S\u00e3o Paulo<\/a><\/strong>, etapa brasileira do calend\u00e1rio. O&nbsp;<strong>GRANDE PR\u00caMIO<\/strong>&nbsp;cobre \u2018in loco\u2019 e com grande equipe.<\/p>\n\n\n\n<p class=\"wp-block-paragraph\"><strong><img decoding=\"async\" src=\"https:\/\/a.slack-edge.com\/production-standard-emoji-assets\/14.0\/google-medium\/25b6-fe0f.png\" alt=\":seta_para_frente:\">&nbsp;Inscreva-se nos dois canais do GRANDE PR\u00caMIO no YouTube:&nbsp;<a href=\"https:\/\/www.youtube.com\/channel\/UC9OlHEgxoaY6QY6nWPoiqQg?sub_confirmation=1\" target=\"_blank\" rel=\"noreferrer noopener\">GP<\/a>&nbsp;|&nbsp;<a href=\"https:\/\/www.youtube.com\/channel\/UC9csiS6q_C3C0FYhyr1rnFA?sub_confirmation=1\" target=\"_blank\" rel=\"noreferrer noopener\">GP2<\/a><\/strong><br><strong><img decoding=\"async\" src=\"https:\/\/a.slack-edge.com\/production-standard-emoji-assets\/14.0\/google-medium\/25b6-fe0f.png\" alt=\":seta_para_frente:\">&nbsp;LEIA TAMB\u00c9M<\/strong>:&nbsp;<strong><a href=\"https:\/\/www.grandepremio.com\/br\/f1\/noticias\/opiniao-gp-max-verstappen-extrapola-pressao-mas-preciso-reconhecer-quando-perde\/\">Opini\u00e3o GP: Verstappen extrapola sob press\u00e3o. Mas \u00e9 preciso reconhecer quando perde<\/a><\/strong><\/p>\n\n\n\n<figure class=\"wp-block-embed is-type-video is-provider-youtube wp-block-embed-youtube wp-embed-aspect-16-9 wp-has-aspect-ratio\"><div class=\"wp-block-embed__wrapper\">\n<iframe loading=\"lazy\" title=\"Verstappen VIRA MOLEQUE e DESRESPEITA RIVAIS ao ser amea\u00e7ado na F1 | GP \u00e0s 10\" width=\"500\" height=\"281\" src=\"https:\/\/www.youtube.com\/embed\/Jph9E1cOZU8?feature=oembed\" frameborder=\"0\" allow=\"accelerometer; autoplay; clipboard-write; encrypted-media; gyroscope; picture-in-picture; web-share\" referrerpolicy=\"strict-origin-when-cross-origin\" allowfullscreen><\/iframe>\n<\/div><\/figure>\n","protected":false},"excerpt":{"rendered":"<p>De acordo com Christian Horner, chefe da Red Bull, a intensa disputa entre Liam Lawson e Sergio P\u00e9rez mostra que a RB \u00e9 uma equipe independente na F1<\/p>\n","protected":false},"author":0,"featured_media":1000887691,"comment_status":"closed","ping_status":"closed","sticky":false,"template":"","format":"standard","meta":{"42wp_featured_image_caption":"","42wp_featured_image_credits":"","42wp_featured_video":"","42wp_featured_image_hidden":false,"42wp_authors_list":[],"footnotes":""},"categories":[2],"tags":[655,29827,1491,28285,13887,34830,595,27382,28012,39061,204,3132],"42wp_author":[47149],"class_list":["post-55950","post","type-post","status-publish","format-standard","has-post-thumbnail","hentry","category-f1","tag-christian-horner","tag-gp-da-cidade-do-mexico","tag-grande-premio","tag-grandepremio","tag-horner","tag-lawson","tag-liam-lawson","tag-perez","tag-perez-na-red-bull","tag-rb-2","tag-red-bull","tag-sergio-perez","42wp_author-bernardo-castro"],"_links":{"self":[{"href":"https:\/\/grandepremio.com\/br\/wp-json\/wp\/v2\/posts\/55950","targetHints":{"allow":["GET"]}}],"collection":[{"href":"https:\/\/grandepremio.com\/br\/wp-json\/wp\/v2\/posts"}],"about":[{"href":"https:\/\/grandepremio.com\/br\/wp-json\/wp\/v2\/types\/post"}],"replies":[{"embeddable":true,"href":"https:\/\/grandepremio.com\/br\/wp-json\/wp\/v2\/comments?post=55950"}],"version-history":[{"count":0,"href":"https:\/\/grandepremio.com\/br\/wp-json\/wp\/v2\/posts\/55950\/revisions"}],"wp:featuredmedia":[{"embeddable":true,"href":"https:\/\/grandepremio.com\/br\/wp-json\/wp\/v2\/media\/1000887691"}],"wp:attachment":[{"href":"https:\/\/grandepremio.com\/br\/wp-json\/wp\/v2\/media?parent=55950"}],"wp:term":[{"taxonomy":"category","embeddable":true,"href":"https:\/\/grandepremio.com\/br\/wp-json\/wp\/v2\/categories?post=55950"},{"taxonomy":"post_tag","embeddable":true,"href":"https:\/\/grandepremio.com\/br\/wp-json\/wp\/v2\/tags?post=55950"},{"taxonomy":"42wp_author","embeddable":true,"href":"https:\/\/grandepremio.com\/br\/wp-json\/wp\/v2\/42wp_author?post=55950"}],"curies":[{"name":"wp","href":"https:\/\/api.w.org\/{rel}","templated":true}]}}