{"id":56195,"date":"2024-10-27T21:07:09","date_gmt":"2024-10-28T00:07:09","guid":{"rendered":"https:\/\/grandepremio.com\/br\/noticias\/sergio-perez-lamenta-resultado-mexico-culpa-liam-lawson-danificou-nossas-corridas\/"},"modified":"2024-10-27T23:25:09","modified_gmt":"2024-10-28T02:25:09","slug":"sergio-perez-lamenta-resultado-mexico-culpa-liam-lawson-danificou-nossas-corridas","status":"publish","type":"post","link":"https:\/\/grandepremio.com\/br\/f1\/sergio-perez-lamenta-resultado-mexico-culpa-liam-lawson-danificou-nossas-corridas\/","title":{"rendered":"P\u00e9rez lamenta resultado no M\u00e9xico e culpa Lawson: &#8220;Danificou nossas corridas&#8221;"},"content":{"rendered":"\n<figure class=\"wp-block-video\"><video class=\"video-js vjs-big-play-centered\" data-gp-vjs=\"1\" controls src=\"https:\/\/www.grandepremio.com\/br\/wp-content\/uploads\/2024\/10\/Perez-Lawson-Mexico.mp4\"><\/video><figcaption class=\"wp-element-caption\">Pega entre Liam Lawson e Sergio P\u00e9rez no GP da Cidade do M\u00e9xico (V\u00eddeo: reprodu\u00e7\u00e3o\/F1 TV)<\/figcaption><\/figure>\n\n\n\n<p class=\"wp-block-paragraph\">Ap\u00f3s bater e abandonar o <strong><a href=\"https:\/\/www.grandepremio.com\/br\/f1\/noticias\/carlos-sainz-vence-autoridade-ferrari-formula-1-mexico-lando-norris-max-verstappen-enrosco\/\">GP da Cidade do M\u00e9xico<\/a><\/strong> na primeira volta em 2023, <strong>Sergio P\u00e9rez<\/strong> viveu uma corrida de casa ainda mais miser\u00e1vel neste domingo (27). Foi o \u00faltimo colocado ap\u00f3s novo enrosco, desta feita com <strong>Liam Lawson<\/strong>, e saiu apontando o dedo.<\/p>\n\n\n\n<p class=\"wp-block-paragraph\">P\u00e9rez tentou ultrapassar Lawson na primeira parte da corrida mexicana e viu o piloto da <strong>RB<\/strong> defender com dureza. Os dois chegaram a se tocar, e P\u00e9rez continuou atr\u00e1s. Da\u00ed em diante, foi apenas ultrapassado e fez um pit-stop a mais que o restante do pelot\u00e3o. Al\u00e9m disso, antes do entrevero, foi punido com 5s por alinhar fora do colchete na largada. <\/p>\n\n\n\n<p class=\"wp-block-paragraph\">Para ele, muito claramente, a situa\u00e7\u00e3o foi causada por Lawson, que luta para chamar a aten\u00e7\u00e3o da Red Bull e ficar com a vaga do mexicano no ano que vem. <\/p>\n\n\n\n<p class=\"wp-block-paragraph\">&#8220;Come\u00e7ou muito bem. Antes da puni\u00e7\u00e3o, eu estava do lado errado do colchete&#8221;, tentou se explicar.<\/p>\n\n\n\n<figure class=\"wp-block-image size-large\"><img decoding=\"async\" src=\"https:\/\/www.grandepremio.com\/br\/wp-content\/uploads\/2024\/10\/Perez-Largada-Mexico-1200x621.png\" alt=\"\" class=\"wp-image-887415\"\/><figcaption class=\"wp-element-caption\">A puni\u00e7\u00e3o de P\u00e9rez (Foto: Reprodu\u00e7\u00e3o\/DAZN)<\/figcaption><\/figure>\n\n\n\n<p class=\"wp-block-paragraph\">&#8220;Depois, o incidente com Lawson foi uma pena. Ele danificou nossas duas corridas e ainda tive danos no assoalho e na lateral do carro&#8221;, contou.<\/p>\n\n\n\n<p class=\"wp-block-paragraph\">&#8220;A curva era minha, e ele saiu da pista completamente. Eu nem sabia que ele estava ali. Foi uma pena&#8221;, finalizou.<\/p>\n\n\n\n<p class=\"wp-block-paragraph\">Depois da corrida, na pesagem dos pilotos, <strong><a href=\"https:\/\/www.grandepremio.com\/br\/video\/f1\/sergio-perez-liam-lawson-discutem-fila-pesagem-fim-gp-cidade-mexico\/\">os dois foram vistos discutindo<\/a><\/strong>.<\/p>\n\n\n\n<p class=\"wp-block-paragraph\">A\u00a0<strong><a href=\"https:\/\/www.grandepremio.com\/br\/f1\/\" target=\"_blank\" rel=\"noreferrer noopener\"><\/a><a href=\"https:\/\/www.grandepremio.com\/br\/f1\/\" target=\"_blank\" rel=\"noreferrer noopener\">F\u00f3rmula 1<\/a><\/strong>\u00a0retorna j\u00e1 no pr\u00f3ximo fim de semana, entre os dias 1 e 3 de novembro, com o\u00a0<strong>GP de\u00a0<a href=\"https:\/\/www.grandepremio.com\/br\/circuito\/sao-paulo\/\" target=\"_blank\" rel=\"noreferrer noopener\"><\/a><a href=\"https:\/\/www.grandepremio.com\/br\/circuito\/sao-paulo\/\" target=\"_blank\" rel=\"noreferrer noopener\"><\/a><a href=\"https:\/\/www.grandepremio.com\/br\/circuito\/sao-paulo\/\" target=\"_blank\" rel=\"noreferrer noopener\">S\u00e3o Paulo<\/a><\/strong>, etapa brasileira do calend\u00e1rio. O\u00a0<strong>GRANDE PR\u00caMIO<\/strong>\u00a0cobre \u2018in loco\u2019 e com grande equipe.<\/p>\n\n\n\n<p class=\"wp-block-paragraph\"><strong>\u25b6\ufe0f\u00a0Inscreva-se nos dois canais do GRANDE PR\u00caMIO no YouTube:\u00a0<a href=\"https:\/\/www.youtube.com\/channel\/UC9OlHEgxoaY6QY6nWPoiqQg?sub_confirmation=1\" target=\"_blank\" rel=\"noreferrer noopener\">GP<\/a>\u00a0|\u00a0<a href=\"https:\/\/www.youtube.com\/channel\/UC9csiS6q_C3C0FYhyr1rnFA?sub_confirmation=1\" target=\"_blank\" rel=\"noreferrer noopener\">GP2<\/a><\/strong><\/p>\n\n\n\n<figure class=\"wp-block-embed is-type-video is-provider-youtube wp-block-embed-youtube wp-embed-aspect-16-9 wp-has-aspect-ratio\"><div class=\"wp-block-embed__wrapper\">\n<iframe loading=\"lazy\" title=\"SAINZ VENCE, NORRIS 2\u00ba, VERSTAPPEN PUNIDO em 20 SEGUNDOS (6\u00ba)!: tudo sobre a F1 no M\u00c9XICO | Briefing\" width=\"500\" height=\"281\" src=\"https:\/\/www.youtube.com\/embed\/jveuYhI5jeg?feature=oembed\" frameborder=\"0\" allow=\"accelerometer; autoplay; clipboard-write; encrypted-media; gyroscope; picture-in-picture; web-share\" referrerpolicy=\"strict-origin-when-cross-origin\" allowfullscreen><\/iframe>\n<\/div><figcaption class=\"wp-element-caption\">GP DA CIDADE DO M\u00c9XICO F1 2024 AO VIVO: tudo sobre a CORRIDA | Briefing<\/figcaption><\/figure>\n","protected":false},"excerpt":{"rendered":"<p>Sergio P\u00e9rez viveu uma corrida completamente opaca no GP da Cidade do M\u00e9xico e saiu apontando dedos para Liam Lawson<\/p>\n","protected":false},"author":0,"featured_media":1000887437,"comment_status":"closed","ping_status":"closed","sticky":false,"template":"","format":"standard","meta":{"42wp_featured_image_caption":"","42wp_featured_image_credits":"","42wp_featured_video":"","42wp_featured_image_hidden":false,"42wp_authors_list":[],"footnotes":""},"categories":[2],"tags":[2764,5660,3230,642,41416,29827,41417,29874,595,204,3132],"42wp_author":[47120],"class_list":["post-56195","post","type-post","status-publish","format-standard","has-post-thumbnail","hentry","category-f1","tag-cidade-do-mexico","tag-classificacao","tag-f1-2024","tag-f1-ao-vivo","tag-fim-de-semana-mexico","tag-gp-da-cidade-do-mexico","tag-gp-hermanos-rodriguez","tag-gp-mexico","tag-liam-lawson","tag-red-bull","tag-sergio-perez","42wp_author-pedro-henrique-marum"],"_links":{"self":[{"href":"https:\/\/grandepremio.com\/br\/wp-json\/wp\/v2\/posts\/56195","targetHints":{"allow":["GET"]}}],"collection":[{"href":"https:\/\/grandepremio.com\/br\/wp-json\/wp\/v2\/posts"}],"about":[{"href":"https:\/\/grandepremio.com\/br\/wp-json\/wp\/v2\/types\/post"}],"replies":[{"embeddable":true,"href":"https:\/\/grandepremio.com\/br\/wp-json\/wp\/v2\/comments?post=56195"}],"version-history":[{"count":0,"href":"https:\/\/grandepremio.com\/br\/wp-json\/wp\/v2\/posts\/56195\/revisions"}],"wp:featuredmedia":[{"embeddable":true,"href":"https:\/\/grandepremio.com\/br\/wp-json\/wp\/v2\/media\/1000887437"}],"wp:attachment":[{"href":"https:\/\/grandepremio.com\/br\/wp-json\/wp\/v2\/media?parent=56195"}],"wp:term":[{"taxonomy":"category","embeddable":true,"href":"https:\/\/grandepremio.com\/br\/wp-json\/wp\/v2\/categories?post=56195"},{"taxonomy":"post_tag","embeddable":true,"href":"https:\/\/grandepremio.com\/br\/wp-json\/wp\/v2\/tags?post=56195"},{"taxonomy":"42wp_author","embeddable":true,"href":"https:\/\/grandepremio.com\/br\/wp-json\/wp\/v2\/42wp_author?post=56195"}],"curies":[{"name":"wp","href":"https:\/\/api.w.org\/{rel}","templated":true}]}}