{"id":56400,"date":"2024-10-26T20:41:14","date_gmt":"2024-10-26T23:41:14","guid":{"rendered":"https:\/\/grandepremio.com\/br\/noticias\/lewis-hamilton-perdido-piora-mercedes-descarta-retomada-2023-mexico-sem-chances-formula-1\/"},"modified":"2024-10-26T21:26:06","modified_gmt":"2024-10-27T00:26:06","slug":"lewis-hamilton-perdido-piora-mercedes-descarta-retomada-2023-mexico-sem-chances-formula-1","status":"publish","type":"post","link":"https:\/\/grandepremio.com\/br\/f1\/lewis-hamilton-perdido-piora-mercedes-descarta-retomada-2023-mexico-sem-chances-formula-1\/","title":{"rendered":"Hamilton se diz perdido com piora e descarta retomada \u00e0 2023 no M\u00e9xico: &#8220;Sem chances&#8221;"},"content":{"rendered":"\n<p class=\"wp-block-paragraph\">O s\u00e1bado (26) da <strong><a href=\"https:\/\/www.grandepremio.com\/br\/f1\/noticias\/carlos-sainz-mostra-forca-ferrari-conquista-pole-gp-da-cidade-do-mexico-formula-1\/\">classifica\u00e7\u00e3o do GP da Cidade do M\u00e9xico<\/a><\/strong> terminou em mais um dos dias de decep\u00e7\u00e3o para a <strong>Mercedes<\/strong> nos \u00faltimos meses. <strong>George Russell<\/strong> e <strong>Lewis Hamilton<\/strong> foram, respectivamente, quinto e sexto colocados, e o heptacampe\u00e3o simplesmente desconhece como \u00e9 poss\u00edvel o carro ter piorado entre \u00faltimo treino e forma\u00e7\u00e3o de grid mesmo sem a equipe mexer.<\/p>\n\n\n\n<p class=\"wp-block-paragraph\">De acordo com Hamilton, o carro estava em boas condi\u00e7\u00f5es no treino derradeiro e, mesmo assim, n\u00e3o foi poss\u00edvel competir contra <strong>McLaren<\/strong>, <strong>Red Bull<\/strong> e, sobretudo, <strong>Ferrari<\/strong>.<\/p>\n\n\n\n<p class=\"wp-block-paragraph\">&#8220;O carro estava bom no TL3 e n\u00e3o mudamos nada para a classifica\u00e7\u00e3o, mas simplesmente virou de ponta cabe\u00e7a&#8221;, disse em meio a risadas de incredulidade.<\/p>\n\n\n\n<p class=\"wp-block-paragraph\">&#8220;Definitivamente frustrante, mas foram assim todas as classifica\u00e7\u00f5es que tive esse ano&#8221;, continuou.<\/p>\n\n\n\n<figure class=\"wp-block-image size-large\"><img decoding=\"async\" src=\"https:\/\/www.grandepremio.com\/br\/wp-content\/uploads\/2024\/10\/cidade-do-mexico-2024-f1-classificacao-mercedes-lewis-hamilton-afp-03-1200x800.jpg\" alt=\"\" class=\"wp-image-886807\"\/><figcaption class=\"wp-element-caption\">Lewis Hamilton descartou uma recupera\u00e7\u00e3o a l\u00e1 2023 no M\u00e9xico (Foto: AFP) <\/figcaption><\/figure>\n\n\n\n<p class=\"wp-block-paragraph\">Questionado sobre se \u00e9 poss\u00edvel uma recupera\u00e7\u00e3o como aquela do ano passado na Cidade do M\u00e9xico, quando largou na mesma sexta posi\u00e7\u00e3o e terminou no segundo lugar, foi taxativo.<\/p>\n\n\n\n<p class=\"wp-block-paragraph\">&#8220;Sem chance de fazermos isso neste fim de semana com o carro que temos, mas talvez George esteja mais confort\u00e1vel usando o pacote antigo. Vamos ver. Teremos uma boa compara\u00e7\u00e3o de qual pacote \u00e9 melhor para as pr\u00f3ximas corridas&#8221;, finalizou.<\/p>\n\n\n\n<p class=\"wp-block-paragraph\">O&nbsp;<strong>GRANDE PR\u00caMIO<\/strong>&nbsp;acompanha&nbsp;<a href=\"https:\/\/www.grandepremio.com\/br\/ao-vivo\/f1\/\"><strong>AO VIVO e EM&nbsp;<\/strong><\/a><a href=\"https:\/\/www.grandepremio.com\/br\/ao-vivo\/\"><\/a><strong><a href=\"https:\/\/www.grandepremio.com\/br\/ao-vivo\/\" target=\"_blank\" rel=\"noreferrer noopener\">TEMPO REAL<\/a><\/strong>&nbsp;todas as atividades do&nbsp;<strong>GP da Cidade do&nbsp;<a href=\"https:\/\/es.grandepremio.com\/\" target=\"_blank\" rel=\"noreferrer noopener\">M\u00e9xico<\/a>,&nbsp;<\/strong>no&nbsp;<strong>Aut\u00f3dromo&nbsp;<a href=\"https:\/\/www.grandepremio.com\/br\/circuito\/hermanos-rodriguez\/\" target=\"_blank\" rel=\"noreferrer noopener\">Hermanos Rodr\u00edguez<\/a><\/strong>, e transmite classifica\u00e7\u00e3o e corrida em segunda tela, em parceria com a Voz do Esporte, na&nbsp;<a href=\"https:\/\/www.youtube.com\/c\/GrandePremioTV\/streams\"><strong>GPTV, o canal do GP no Youtube<\/strong><\/a>. Depois das atividades de cada dia, debate tudo o que aconteceu no Briefing. No&nbsp;domingo<strong>, a largada<\/strong>&nbsp;est\u00e1 marcada para as 17h (de Bras\u00edlia, GMT-3).<\/p>\n\n\n\n<p class=\"wp-block-paragraph\">\u25b6\ufe0f&nbsp;<strong>Inscreva-se nos dois canais do GRANDE PR\u00caMIO no YouTube:&nbsp;<a href=\"https:\/\/www.youtube.com\/channel\/UC9OlHEgxoaY6QY6nWPoiqQg?sub_confirmation=1\" target=\"_blank\" rel=\"noreferrer noopener\">GP<\/a>&nbsp;|&nbsp;<a href=\"https:\/\/www.youtube.com\/channel\/UC9csiS6q_C3C0FYhyr1rnFA?sub_confirmation=1\" target=\"_blank\" rel=\"noreferrer noopener\">GP2<\/a><\/strong><br>\u25b6\ufe0f&nbsp;<strong>LEIA TAMB\u00c9M<\/strong>:&nbsp;<strong><a href=\"https:\/\/www.grandepremio.com\/br\/f1\/noticias\/reuniao-fia-debate-direto-lando-norris-max-verstappen-polemica-gp-eua\/\">Reuni\u00e3o da FIA tem \u201cdebate direto\u201d entre Norris e Verstappen por pol\u00eamica nos EUA<\/a><\/strong><\/p>\n\n\n\n<figure class=\"wp-block-embed is-type-video is-provider-youtube wp-block-embed-youtube wp-embed-aspect-16-9 wp-has-aspect-ratio\"><div class=\"wp-block-embed__wrapper\">\n<iframe loading=\"lazy\" title=\"SAINZ POLE, VERSTAPPEN 2\u00ba, NORRIS 3\u00ba e P\u00c9REZ POR QU\u00ca? | a CLASSIFICA\u00c7\u00c3O da F1 no M\u00e9xico | Briefing\" width=\"500\" height=\"281\" src=\"https:\/\/www.youtube.com\/embed\/XMB3E-yzylM?feature=oembed\" frameborder=\"0\" allow=\"accelerometer; autoplay; clipboard-write; encrypted-media; gyroscope; picture-in-picture; web-share\" referrerpolicy=\"strict-origin-when-cross-origin\" allowfullscreen><\/iframe>\n<\/div><figcaption class=\"wp-element-caption\">GP DA CIDADE DO M\u00c9XICO F1 2024 AO VIVO: tudo sobre a CLASSIFICA\u00c7\u00c3O | Briefing<\/figcaption><\/figure>\n","protected":false},"excerpt":{"rendered":"<p>Lewis Hamilton ficou sem entender como carro da Mercedes piorou tanto de condi\u00e7\u00f5es entre \u00faltimo treino livre e classifica\u00e7\u00e3o, na qual terminou com sexto lugar<\/p>\n","protected":false},"author":0,"featured_media":1000886806,"comment_status":"closed","ping_status":"closed","sticky":false,"template":"","format":"standard","meta":{"42wp_featured_image_caption":"","42wp_featured_image_credits":"","42wp_featured_video":"","42wp_featured_image_hidden":false,"42wp_authors_list":[],"footnotes":""},"categories":[2],"tags":[2764,5660,3230,642,41416,29827,41417,29874,33596,87,82,535],"42wp_author":[47120],"class_list":["post-56400","post","type-post","status-publish","format-standard","has-post-thumbnail","hentry","category-f1","tag-cidade-do-mexico","tag-classificacao","tag-f1-2024","tag-f1-ao-vivo","tag-fim-de-semana-mexico","tag-gp-da-cidade-do-mexico","tag-gp-hermanos-rodriguez","tag-gp-mexico","tag-hamilton-mercedes","tag-lewis-hamilton","tag-mercedes","tag-mercedes-f1","42wp_author-pedro-henrique-marum"],"_links":{"self":[{"href":"https:\/\/grandepremio.com\/br\/wp-json\/wp\/v2\/posts\/56400","targetHints":{"allow":["GET"]}}],"collection":[{"href":"https:\/\/grandepremio.com\/br\/wp-json\/wp\/v2\/posts"}],"about":[{"href":"https:\/\/grandepremio.com\/br\/wp-json\/wp\/v2\/types\/post"}],"replies":[{"embeddable":true,"href":"https:\/\/grandepremio.com\/br\/wp-json\/wp\/v2\/comments?post=56400"}],"version-history":[{"count":0,"href":"https:\/\/grandepremio.com\/br\/wp-json\/wp\/v2\/posts\/56400\/revisions"}],"wp:featuredmedia":[{"embeddable":true,"href":"https:\/\/grandepremio.com\/br\/wp-json\/wp\/v2\/media\/1000886806"}],"wp:attachment":[{"href":"https:\/\/grandepremio.com\/br\/wp-json\/wp\/v2\/media?parent=56400"}],"wp:term":[{"taxonomy":"category","embeddable":true,"href":"https:\/\/grandepremio.com\/br\/wp-json\/wp\/v2\/categories?post=56400"},{"taxonomy":"post_tag","embeddable":true,"href":"https:\/\/grandepremio.com\/br\/wp-json\/wp\/v2\/tags?post=56400"},{"taxonomy":"42wp_author","embeddable":true,"href":"https:\/\/grandepremio.com\/br\/wp-json\/wp\/v2\/42wp_author?post=56400"}],"curies":[{"name":"wp","href":"https:\/\/api.w.org\/{rel}","templated":true}]}}