{"id":56645,"date":"2024-10-25T23:10:21","date_gmt":"2024-10-26T02:10:21","guid":{"rendered":"https:\/\/grandepremio.com\/br\/noticias\/mercedes-recorre-chassi-reserva-george-russell-apos-batida-tl2-gp-mexico\/"},"modified":"2024-10-25T23:11:27","modified_gmt":"2024-10-26T02:11:27","slug":"mercedes-recorre-chassi-reserva-george-russell-apos-batida-tl2-gp-mexico","status":"publish","type":"post","link":"https:\/\/grandepremio.com\/br\/f1\/mercedes-recorre-chassi-reserva-george-russell-apos-batida-tl2-gp-mexico\/","title":{"rendered":"Mercedes recorre a chassi reserva para Russell ap\u00f3s batida no TL2 no M\u00e9xico"},"content":{"rendered":"\n<p class=\"wp-block-paragraph\">Os mec\u00e2nicos da <strong>Mercedes <\/strong>v\u00e3o fazer hora extra na garagem depois do <a href=\"https:\/\/www.grandepremio.com\/br\/f1\/noticias\/george-russell-roda-curva-8-bate-forte-causa-paralisacao-tl2-cidade-mexico\/\">forte acidente<\/a> que <strong>George Russell<\/strong> sofreu no in\u00edcio do <strong>TL2 <\/strong><a href=\"https:\/\/www.grandepremio.com\/br\/f1\/noticias\/carlos-sainz-lidera-tl2-interminavel-cidade-do-mexico-formula-1-george-russell-bate-max-verstappen-abandona\/\">nesta sexta-feira (26)<\/a>, na <strong>Cidade do M\u00e9xico<\/strong>. O carro <strong>#63<\/strong> perdeu o controle ainda nos primeiros 15 minutos da sess\u00e3o e colidiu lateralmente com a barreira de prote\u00e7\u00e3o, provocando danos significativos ao <strong>W15 <\/strong>do brit\u00e2nico.<\/p>\n\n\n\n<p class=\"wp-block-paragraph\">Segundo informa\u00e7\u00f5es do jornalista Tobi Gr\u00fcner, da revista alem\u00e3 <em>Auto Motor und Sport<\/em>, a equipe prateada vai precisar recorrer ao chassi reserva do carro de Russell para o decorrer deste fim de semana.\u00a0No entanto, pelo lado positivo, tanto a unidade de pot\u00eancia quanto a caixa de c\u00e2mbio n\u00e3o sofreram danos significativos e n\u00e3o precisam de reposi\u00e7\u00e3o, ainda de acordo com Gr\u00fcner.\u00a0<\/p>\n\n\n\n<p class=\"wp-block-paragraph\">Russell, que liderou o <strong>TL1<\/strong>, perdeu o controle do <strong>W15 <\/strong>ao passar por cima da zebra na curva 8 e chocou-se contra o muro com 1h17m restantes na sess\u00e3o. A for\u00e7a do impacto, calculado em 30G, fez a barreira de prote\u00e7\u00e3o se deslocar.<\/p>\n\n\n\n<p class=\"wp-block-paragraph\">Da mesma forma como o acidente envolvendo <strong>Alexander Albon<\/strong> no TL1, <a href=\"https:\/\/www.grandepremio.com\/br\/f1\/noticias\/george-russell-centro-medico-batida-30g-tl2-gp-cidade-mexico\/\">Russell tamb\u00e9m foi direto para o centro m\u00e9dico<\/a> do <strong>Aut\u00f3dromo Hermanos Rodr\u00edguez<\/strong>, mas j\u00e1 foi liberado e est\u00e1 bem.\u00a0<\/p>\n\n\n\n<figure class=\"wp-block-image size-large\"><img decoding=\"async\" src=\"https:\/\/www.grandepremio.com\/br\/wp-content\/uploads\/2024\/10\/image-4-1-1200x675.png\" alt=\"\" class=\"wp-image-885896\"\/><figcaption class=\"wp-element-caption\">George Russell bateu forte no TL2 (Foto: Reprodu\u00e7\u00e3o\/F1)<\/figcaption><\/figure>\n\n\n\n<p class=\"wp-block-paragraph\">Ap\u00f3s o TL2, em conversa com a imprensa, Russell explicou que repetiu o que vinha fazendo at\u00e9 ent\u00e3o, mas<a href=\"https:\/\/www.grandepremio.com\/br\/f1\/noticias\/george-russell-procura-explicacoes-para-acidente-tl2-mexico-nao-sei-que-aconteceu\/\"> \u201calgo n\u00e3o deu certo\u201d<\/a>. Segundo o brit\u00e2nico da Mercedes, \u201co carro come\u00e7ou a saltar, e antes de ter a chance de controlar, j\u00e1 estava rodando\u201d.<\/p>\n\n\n\n<p class=\"wp-block-paragraph\">O <strong>GRANDE PR\u00caMIO<\/strong> acompanha <a href=\"https:\/\/www.grandepremio.com\/br\/ao-vivo\/f1\/\"><strong>AO VIVO e EM <\/strong><\/a><a href=\"https:\/\/www.grandepremio.com\/br\/ao-vivo\/\"><strong>TEMPO REAL<\/strong><\/a> todas as atividades do <strong>GP da Cidade do <\/strong><a href=\"https:\/\/es.grandepremio.com\/\"><strong>M\u00e9xico<\/strong><\/a><strong>, <\/strong>no <strong>Aut\u00f3dromo Hermanos Rodr\u00edguez<\/strong>, e transmite classifica\u00e7\u00e3o e corrida em segunda tela, em parceria com a Voz do Esporte, na <a href=\"https:\/\/www.youtube.com\/c\/GrandePremioTV\/streams\"><strong>GPTV, o canal do GP no Youtube<\/strong><\/a>. Depois das atividades de cada dia, debate tudo o que aconteceu no Briefing. No s\u00e1bado (26), <strong>o treino livre 3 <\/strong>ser\u00e1 \u00e0s 14h30, ao passo que a <strong>classifica\u00e7\u00e3o<\/strong> acontece \u00e0s 18h. No domingo (27)<strong>, a largada<\/strong> est\u00e1 marcada para as 17h.<\/p>\n\n\n\n<p class=\"wp-block-paragraph\"><strong><img decoding=\"async\" src=\"https:\/\/a.slack-edge.com\/production-standard-emoji-assets\/14.0\/google-medium\/25b6-fe0f.png\" alt=\":seta_para_frente:\">&nbsp;Inscreva-se nos dois canais do GRANDE PR\u00caMIO no YouTube:&nbsp;<a href=\"https:\/\/www.youtube.com\/channel\/UC9OlHEgxoaY6QY6nWPoiqQg?sub_confirmation=1\" target=\"_blank\" rel=\"noreferrer noopener\">GP<\/a>&nbsp;|&nbsp;<a href=\"https:\/\/www.youtube.com\/channel\/UC9csiS6q_C3C0FYhyr1rnFA?sub_confirmation=1\" target=\"_blank\" rel=\"noreferrer noopener\">GP2<\/a><\/strong><br><strong><img decoding=\"async\" src=\"https:\/\/a.slack-edge.com\/production-standard-emoji-assets\/14.0\/google-medium\/25b6-fe0f.png\" alt=\":seta_para_frente:\">&nbsp;LEIA TAMB\u00c9M<\/strong>:&nbsp;<strong><a href=\"https:\/\/www.grandepremio.com\/br\/f1\/noticias\/felipe-drugovich-admite-ter-opcoes-mesa-diz-ser-cedo-para-definir-futuro\/\">Drugovich admite ter \u201cop\u00e7\u00f5es na mesa\u201d, mas diz ser \u201ccedo\u201d para definir futuro<\/a><\/strong><\/p>\n\n\n\n<figure class=\"wp-block-embed is-type-video is-provider-youtube wp-block-embed-youtube wp-embed-aspect-16-9 wp-has-aspect-ratio\"><div class=\"wp-block-embed__wrapper\">\n<iframe loading=\"lazy\" title=\"SAINZ 1\u00ba, LECLERC 4\u00ba, NORRIS 5\u00ba, VERSTAPPEN MAL, DRUGOVICH ANDA: TREINOS DA F1 no M\u00c9XICO | Briefing\" width=\"500\" height=\"281\" src=\"https:\/\/www.youtube.com\/embed\/nxLEWDULkIU?feature=oembed\" frameborder=\"0\" allow=\"accelerometer; autoplay; clipboard-write; encrypted-media; gyroscope; picture-in-picture; web-share\" referrerpolicy=\"strict-origin-when-cross-origin\" allowfullscreen><\/iframe>\n<\/div><\/figure>\n","protected":false},"excerpt":{"rendered":"<p>Ap\u00f3s forte acidente no TL2, George Russell vai precisar correr com o chassi reserva durante o restante do fim de semana. Unidade de pot\u00eancia e caixa de c\u00e2mbio n\u00e3o foram afetadas<\/p>\n","protected":false},"author":0,"featured_media":1000885909,"comment_status":"closed","ping_status":"closed","sticky":false,"template":"","format":"standard","meta":{"42wp_featured_image_caption":"","42wp_featured_image_credits":"","42wp_featured_video":"","42wp_featured_image_hidden":false,"42wp_authors_list":[],"footnotes":""},"categories":[2],"tags":[487,5660,969,147,3230,642,160,180,30909,800,29827,1491,30103,28285,82],"42wp_author":[47162],"class_list":["post-56645","post","type-post","status-publish","format-standard","has-post-thumbnail","hentry","category-f1","tag-acidente","tag-classificacao","tag-corrida","tag-f1","tag-f1-2024","tag-f1-ao-vivo","tag-f1-tv","tag-formula-1","tag-formula-1-2024","tag-george-russell","tag-gp-da-cidade-do-mexico","tag-grande-premio","tag-grande-premio-f1","tag-grandepremio","tag-mercedes","42wp_author-giovani-danjo"],"_links":{"self":[{"href":"https:\/\/grandepremio.com\/br\/wp-json\/wp\/v2\/posts\/56645","targetHints":{"allow":["GET"]}}],"collection":[{"href":"https:\/\/grandepremio.com\/br\/wp-json\/wp\/v2\/posts"}],"about":[{"href":"https:\/\/grandepremio.com\/br\/wp-json\/wp\/v2\/types\/post"}],"replies":[{"embeddable":true,"href":"https:\/\/grandepremio.com\/br\/wp-json\/wp\/v2\/comments?post=56645"}],"version-history":[{"count":0,"href":"https:\/\/grandepremio.com\/br\/wp-json\/wp\/v2\/posts\/56645\/revisions"}],"wp:featuredmedia":[{"embeddable":true,"href":"https:\/\/grandepremio.com\/br\/wp-json\/wp\/v2\/media\/1000885909"}],"wp:attachment":[{"href":"https:\/\/grandepremio.com\/br\/wp-json\/wp\/v2\/media?parent=56645"}],"wp:term":[{"taxonomy":"category","embeddable":true,"href":"https:\/\/grandepremio.com\/br\/wp-json\/wp\/v2\/categories?post=56645"},{"taxonomy":"post_tag","embeddable":true,"href":"https:\/\/grandepremio.com\/br\/wp-json\/wp\/v2\/tags?post=56645"},{"taxonomy":"42wp_author","embeddable":true,"href":"https:\/\/grandepremio.com\/br\/wp-json\/wp\/v2\/42wp_author?post=56645"}],"curies":[{"name":"wp","href":"https:\/\/api.w.org\/{rel}","templated":true}]}}