{"id":57223,"date":"2024-10-22T13:11:04","date_gmt":"2024-10-22T16:11:04","guid":{"rendered":"https:\/\/grandepremio.com\/br\/noticias\/alexander-albon-revela-problema-equilibrio-williams-lamenta-gp-dos-estados-unidos-so-circulei\/"},"modified":"2024-10-22T18:03:23","modified_gmt":"2024-10-22T21:03:23","slug":"alexander-albon-revela-problema-equilibrio-williams-lamenta-gp-dos-estados-unidos-so-circulei","status":"publish","type":"post","link":"https:\/\/grandepremio.com\/br\/f1\/alexander-albon-revela-problema-equilibrio-williams-lamenta-gp-dos-estados-unidos-so-circulei\/","title":{"rendered":"Albon revela problema de equil\u00edbrio na Williams e lamenta GP dos EUA: &#8220;S\u00f3 circulei&#8221;"},"content":{"rendered":"\n<p class=\"wp-block-paragraph\">O <strong><a href=\"https:\/\/www.grandepremio.com\/br\/f1\/noticias\/charles-leclerc-rouba-cena-vence-gp-estados-unidos-lando-norris-bate-max-verstappen-3o\/\">GP dos Estados Unidos<\/a><\/strong> do \u00faltimo fim de semana foi de oportunidades perdidas para <strong>Alexander Albon<\/strong>. Com a <strong>Williams<\/strong> em condi\u00e7\u00f5es para brigar por pontos, algo que <strong>Franco Colapinto<\/strong> conseguiu fazer, Albon largou muito atr\u00e1s e jamais se aproximou do top-10. Segundo ele, um dia em que poderia facilmente abandonar a prova antes da hora.<\/p>\n\n\n\n<p class=\"wp-block-paragraph\">De acordo com o piloto, o carro sofreu danos s\u00e9rios <strong><a href=\"https:\/\/www.grandepremio.com\/br\/f1\/noticias\/williams-lamenta-batida-alexander-albon-exalta-otimo-ritmo-parada-unica-franco-colapinto\/\">ap\u00f3s o toque em<\/a> Esteban Ocon<\/strong> ainda na largada. Albon ficou com ritmo deficit\u00e1rio e tentou apenas ajudar Colapinto como dava. No fim das contas, contou que os problemas de equil\u00edbrio com os quais est\u00e1 de digladiando desde a retomada do recesso de meio de temporada continuam.<\/p>\n\n\n\n<p class=\"wp-block-paragraph\">&#8220;Senti que fiquei meio preso na largada, sem ter para onde ir e, a\u00ed, tivemos danos no carro. Achei que \u00edamos abandonar &#8211; \u00e9 o tipo da corrida em que voc\u00ea n\u00e3o se incomodaria de abandonar -, mas tentamos jogar um jogo mais longo e ver se pod\u00edamos ajudar Franco e atrasar alguns dos carros atr\u00e1s dele. A sensa\u00e7\u00e3o foi que s\u00f3 fiquei circulando.<\/p>\n\n\n\n<p class=\"wp-block-paragraph\"><strong>\u25b6\ufe0f\u00a0Inscreva-se nos dois canais do GRANDE PR\u00caMIO no YouTube:\u00a0<a href=\"https:\/\/www.youtube.com\/channel\/UC9OlHEgxoaY6QY6nWPoiqQg?sub_confirmation=1\" target=\"_blank\" rel=\"noreferrer noopener\">GP<\/a>\u00a0|\u00a0<a href=\"https:\/\/www.youtube.com\/channel\/UC9csiS6q_C3C0FYhyr1rnFA?sub_confirmation=1\" target=\"_blank\" rel=\"noreferrer noopener\">GP2<\/a><\/strong><\/p>\n\n\n\n<figure class=\"wp-block-image size-large\"><img decoding=\"async\" src=\"https:\/\/www.grandepremio.com\/br\/wp-content\/uploads\/2024\/10\/estados-unidos-2024-f1-treino-livre-williams-alexander-albon-afp-01-1200x800.jpg\" alt=\"\" class=\"wp-image-882138\"\/><figcaption class=\"wp-element-caption\">Alexander Albon ficou na 16\u00aa coloca\u00e7\u00e3o em Austin (Foto: AFP) <\/figcaption><\/figure>\n\n\n\n<p class=\"wp-block-paragraph\">&#8220;As \u00faltimas corridas foram bastante complicadas. Temos uma quest\u00e3o de equil\u00edbrio no carro que n\u00e3o tivemos durante o resto do ano e n\u00e3o sabemos explicar ou solucionar ainda&#8221;, falou.<\/p>\n\n\n\n<p class=\"wp-block-paragraph\">&#8220;Achamos que ap\u00f3s Singapura entender\u00edamos, j\u00e1 que seriam tr\u00eas semanas de hiato, mas ainda n\u00e3o aconteceu&#8221;, finalizou.<\/p>\n\n\n\n<p class=\"wp-block-paragraph\">A&nbsp;<a href=\"https:\/\/www.grandepremio.com\/br\/f1\/\" target=\"_blank\" rel=\"noreferrer noopener\"><\/a><a href=\"https:\/\/www.grandepremio.com\/br\/f1\/\" target=\"_blank\" rel=\"noreferrer noopener\">F\u00f3rmula 1<\/a>&nbsp;volta de<strong>&nbsp;25 a 27 de outubro&nbsp;<\/strong>com o&nbsp;<strong>GP da Cidade do&nbsp;<a href=\"https:\/\/es.grandepremio.com\/\" target=\"_blank\" rel=\"noreferrer noopener\">M\u00e9xico<\/a><\/strong>, no&nbsp;<strong>Aut\u00f3dromo&nbsp;<a href=\"https:\/\/www.grandepremio.com\/br\/circuito\/hermanos-rodriguez\/\" target=\"_blank\" rel=\"noreferrer noopener\"><\/a><a href=\"https:\/\/www.grandepremio.com\/br\/circuito\/hermanos-rodriguez\/\" target=\"_blank\" rel=\"noreferrer noopener\"><\/a><a href=\"https:\/\/www.grandepremio.com\/br\/circuito\/hermanos-rodriguez\/\" target=\"_blank\" rel=\"noreferrer noopener\"><\/a><a href=\"https:\/\/www.grandepremio.com\/br\/circuito\/hermanos-rodriguez\/\" target=\"_blank\" rel=\"noreferrer noopener\"><\/a><a href=\"https:\/\/www.grandepremio.com\/br\/circuito\/hermanos-rodriguez\/\" target=\"_blank\" rel=\"noreferrer noopener\">Hermanos Rodr\u00edguez<\/a><\/strong>.<\/p>\n\n\n\n<figure class=\"wp-block-embed is-type-video is-provider-youtube wp-block-embed-youtube wp-embed-aspect-16-9 wp-has-aspect-ratio\"><div class=\"wp-block-embed__wrapper\">\n<iframe loading=\"lazy\" title=\"F1 FICA NA BAND? PUNI\u00c7\u00c3O DE NORRIS FOI JUSTA? LECLERC RUMO AO T\u00cdTULO? | Paddock GP #394\" width=\"500\" height=\"281\" src=\"https:\/\/www.youtube.com\/embed\/pyzfPjepWPI?feature=oembed\" frameborder=\"0\" allow=\"accelerometer; autoplay; clipboard-write; encrypted-media; gyroscope; picture-in-picture; web-share\" referrerpolicy=\"strict-origin-when-cross-origin\" allowfullscreen><\/iframe>\n<\/div><figcaption class=\"wp-element-caption\">F1 FICA NA BAND? PUNI\u00c7\u00c3O DE NORRIS FOI JUSTA? LECLERC RUMO AO T\u00cdTULO? | Paddock GP #394<\/figcaption><\/figure>\n","protected":false},"excerpt":{"rendered":"<p>Alexander Albon saiu pessimista do GP dos Estados Unidos e contou que sofreu danos no carro logo na largada. Al\u00e9m disso, tem se visto \u00e0s voltas de quest\u00f5es de equil\u00edbrio<\/p>\n","protected":false},"author":0,"featured_media":1000882982,"comment_status":"closed","ping_status":"closed","sticky":false,"template":"","format":"standard","meta":{"42wp_featured_image_caption":"","42wp_featured_image_credits":"","42wp_featured_video":"","42wp_featured_image_hidden":false,"42wp_authors_list":[],"footnotes":""},"categories":[2],"tags":[654,5660,896,3230,642,24977,215,25011],"42wp_author":[47120],"class_list":["post-57223","post","type-post","status-publish","format-standard","has-post-thumbnail","hentry","category-f1","tag-alexander-albon","tag-classificacao","tag-estados-unidos","tag-f1-2024","tag-f1-ao-vivo","tag-gp-dos-estados-unidos","tag-williams","tag-williams-f1","42wp_author-pedro-henrique-marum"],"_links":{"self":[{"href":"https:\/\/grandepremio.com\/br\/wp-json\/wp\/v2\/posts\/57223","targetHints":{"allow":["GET"]}}],"collection":[{"href":"https:\/\/grandepremio.com\/br\/wp-json\/wp\/v2\/posts"}],"about":[{"href":"https:\/\/grandepremio.com\/br\/wp-json\/wp\/v2\/types\/post"}],"replies":[{"embeddable":true,"href":"https:\/\/grandepremio.com\/br\/wp-json\/wp\/v2\/comments?post=57223"}],"version-history":[{"count":0,"href":"https:\/\/grandepremio.com\/br\/wp-json\/wp\/v2\/posts\/57223\/revisions"}],"wp:featuredmedia":[{"embeddable":true,"href":"https:\/\/grandepremio.com\/br\/wp-json\/wp\/v2\/media\/1000882982"}],"wp:attachment":[{"href":"https:\/\/grandepremio.com\/br\/wp-json\/wp\/v2\/media?parent=57223"}],"wp:term":[{"taxonomy":"category","embeddable":true,"href":"https:\/\/grandepremio.com\/br\/wp-json\/wp\/v2\/categories?post=57223"},{"taxonomy":"post_tag","embeddable":true,"href":"https:\/\/grandepremio.com\/br\/wp-json\/wp\/v2\/tags?post=57223"},{"taxonomy":"42wp_author","embeddable":true,"href":"https:\/\/grandepremio.com\/br\/wp-json\/wp\/v2\/42wp_author?post=57223"}],"curies":[{"name":"wp","href":"https:\/\/api.w.org\/{rel}","templated":true}]}}