{"id":57285,"date":"2024-10-22T08:26:02","date_gmt":"2024-10-22T11:26:02","guid":{"rendered":"https:\/\/grandepremio.com\/br\/noticias\/mclaren-rejeita-mudanca-lando-norris-nao-precisa-ser-mais-agressivo-max-verstappen\/"},"modified":"2024-10-22T14:26:00","modified_gmt":"2024-10-22T17:26:00","slug":"mclaren-rejeita-mudanca-lando-norris-nao-precisa-ser-mais-agressivo-max-verstappen","status":"publish","type":"post","link":"https:\/\/grandepremio.com\/br\/f1\/mclaren-rejeita-mudanca-lando-norris-nao-precisa-ser-mais-agressivo-max-verstappen\/","title":{"rendered":"McLaren rejeita mudan\u00e7a e diz que Norris \u201cn\u00e3o precisa ser mais agressivo\u201d com Verstappen"},"content":{"rendered":"\n<p class=\"wp-block-paragraph\"><strong>Lando Norris<\/strong> leva as disputas de posi\u00e7\u00e3o nas corridas de forma mais conservadora e, apesar de j\u00e1 ter sofrido um bocado com <strong>Max Verstappen<\/strong> em 2024, <strong>Andrea Stella<\/strong>, chefe da <strong>McLaren<\/strong>, acredita que n\u00e3o h\u00e1 a necessidade de seu piloto adotar um comportamento mais agressivo. Na vis\u00e3o do dirigente, apenas alguns detalhes t\u00e9cnicos precisam ser revistos.<\/p>\n\n\n\n<p class=\"wp-block-paragraph\">Ainda que a vantagem de <strong>Verstappen <\/strong>sobre <strong>Norris <\/strong>seja de 57 pontos, o titular da <strong>McLaren<\/strong> tem chances matem\u00e1ticas de ser campe\u00e3o e vive uma fase melhor que o piloto da<strong> Red Bull<\/strong> \u2014 ainda que tenha sofrido um rev\u00e9s no <strong>GP dos Estados Unidos<\/strong>.<\/p>\n\n\n\n<p class=\"wp-block-paragraph\">Pela segunda vez na temporada, <strong>Norris <\/strong>se deu mal em uma corrida por causa da postura agressiva de Verstappen nas defesas de posi\u00e7\u00e3o. A primeira oportunidade em que eles se encontraram foi no <strong>GP da \u00c1ustria<\/strong>, quando disputaram o primeiro lugar. Na ocasi\u00e3o, os pilotos se tocaram depois que o titular da <strong>McLaren <\/strong>tentou uma ultrapassagem. O #4 acabou levando a pior e teve de abandonar a corrida.<\/p>\n\n\n\n<p class=\"wp-block-paragraph\">Agora, no <strong>GP dos Estados Unidos<\/strong>, <strong>Norris<\/strong> voltou a levar a pior. Com pneus em melhores condi\u00e7\u00f5es que <strong>Verstappen<\/strong>, o #4 partiu para o ataque em uma briga que valia o terceiro lugar. Mas Lando s\u00f3 efetuou a ultrapassagem quando foi jogado para fora da pista na curva 12. Os comiss\u00e1rios julgaram o lance como irregular e puniram o brit\u00e2nico com 5s. Com isso, ele acabou perdendo o p\u00f3dio.<\/p>\n\n\n\n<figure class=\"wp-block-video\"><video class=\"video-js vjs-big-play-centered\" data-gp-vjs=\"1\" controls poster=\"https:\/\/www.grandepremio.com\/br\/cdn-cgi\/image\/width=1200,height=675,fit=contain,gravity=0.5x0.5,quality=75,format=webp\/wp-content\/uploads\/2024\/10\/Norris-Verstappen-Estados-Unidos-poster.jpeg\" src=\"https:\/\/www.grandepremio.com\/br\/wp-content\/uploads\/2024\/10\/Norris-Verstappen-Estados-Unidos.mp4\"><\/video><figcaption class=\"wp-element-caption\">Norris ultrapassa Verstappen em manobra pol\u00eamica nos Estados Unidos (V\u00eddeo: reprodu\u00e7\u00e3o\/F1)<\/figcaption><\/figure>\n\n\n\n<p class=\"wp-block-paragraph\">J\u00e1 n\u00e3o \u00e9 segredo que <strong>Max <\/strong>\u00e9 um dos pilotos mais agressivos do grid. E para muitos, a \u00fanica forma de bat\u00ea-lo \u00e9 sendo igualmente aguerrido. Por\u00e9m, na vis\u00e3o do chefe da <strong>McLaren<\/strong>, as coisas n\u00e3o precisam ser dessa forma.<\/p>\n\n\n\n<p class=\"wp-block-paragraph\">&#8220;N\u00e3o diria que <strong>Lando <\/strong>precisa ser mais agressivo. Sempre que voc\u00ea tem esse tipo de duelo na pista, voc\u00ea aprende um pouco. Mas n\u00e3o acho necess\u00e1rio mudar a maneira como ele faz esse tipo de ultrapassagem ou manobras de defesa&#8221;, disse <strong>Stella<\/strong>.&nbsp;<\/p>\n\n\n\n<p class=\"wp-block-paragraph\">&#8220;H\u00e1 alguns detalhes t\u00e9cnicos que possivelmente podem ser revistos. Mas neste caso, se n\u00e3o fosse esta volta, poderia ter sido a pr\u00f3xima e <strong>Lando <\/strong>teria tido sucesso. Ent\u00e3o n\u00e3o acho que voc\u00ea precise mudar, se tornar agressivo correndo o risco de n\u00e3o terminar a corrida&#8221;, finalizou o chefe da <strong>McLaren<\/strong>.<\/p>\n\n\n\n<p class=\"wp-block-paragraph\">A&nbsp;<a href=\"https:\/\/www.grandepremio.com\/br\/f1\/\" target=\"_blank\" rel=\"noreferrer noopener\">F\u00f3rmula 1<\/a>&nbsp;volta de<strong>&nbsp;25 a 27 de outubro&nbsp;<\/strong>com o&nbsp;<strong>GP da Cidade do&nbsp;<a href=\"https:\/\/es.grandepremio.com\/\" target=\"_blank\" rel=\"noreferrer noopener\">M\u00e9xico<\/a><\/strong>, no&nbsp;<strong>Aut\u00f3dromo&nbsp;<a href=\"https:\/\/www.grandepremio.com\/br\/circuito\/hermanos-rodriguez\/\" target=\"_blank\" rel=\"noreferrer noopener\">Hermanos Rodr\u00edguez<\/a><\/strong>.<\/p>\n\n\n\n<p class=\"wp-block-paragraph\"><strong><img decoding=\"async\" src=\"https:\/\/a.slack-edge.com\/production-standard-emoji-assets\/14.0\/google-medium\/25b6-fe0f.png\" alt=\":seta_para_frente:\">&nbsp;Inscreva-se nos dois canais do GRANDE PR\u00caMIO no YouTube:&nbsp;<a href=\"https:\/\/www.youtube.com\/channel\/UC9OlHEgxoaY6QY6nWPoiqQg?sub_confirmation=1\" target=\"_blank\" rel=\"noreferrer noopener\">GP<\/a>&nbsp;|&nbsp;<a href=\"https:\/\/www.youtube.com\/channel\/UC9csiS6q_C3C0FYhyr1rnFA?sub_confirmation=1\" target=\"_blank\" rel=\"noreferrer noopener\">GP2<\/a><\/strong><br><strong><img decoding=\"async\" src=\"https:\/\/a.slack-edge.com\/production-standard-emoji-assets\/14.0\/google-medium\/25b6-fe0f.png\" alt=\":seta_para_frente:\">&nbsp;LEIA TAMB\u00c9M<\/strong>:&nbsp;<strong><a href=\"https:\/\/www.grandepremio.com\/br\/f1\/noticias\/sauber-coloca-novembro-data-definicao-segunda-vaga-f1-2025\/\">Sauber coloca novembro como data de defini\u00e7\u00e3o para segunda vaga na F1 2025<\/a><\/strong><\/p>\n\n\n\n<figure class=\"wp-block-embed is-type-video is-provider-youtube wp-block-embed-youtube wp-embed-aspect-16-9 wp-has-aspect-ratio\"><div class=\"wp-block-embed__wrapper\">\n<iframe loading=\"lazy\" title=\"F1 FICA NA BAND? PUNI\u00c7\u00c3O DE NORRIS FOI JUSTA? LECLERC RUMO AO T\u00cdTULO? | Paddock GP #394\" width=\"500\" height=\"281\" src=\"https:\/\/www.youtube.com\/embed\/pyzfPjepWPI?feature=oembed\" frameborder=\"0\" allow=\"accelerometer; autoplay; clipboard-write; encrypted-media; gyroscope; picture-in-picture; web-share\" referrerpolicy=\"strict-origin-when-cross-origin\" allowfullscreen><\/iframe>\n<\/div><\/figure>\n","protected":false},"excerpt":{"rendered":"<p>Andrea Stella, chefe da McLaren, acredita que Lando Norris n\u00e3o precisa ser t\u00e3o aguerrido quanto Max Verstappen para superar o tricampe\u00e3o na F1<\/p>\n","protected":false},"author":0,"featured_media":1000795099,"comment_status":"closed","ping_status":"closed","sticky":false,"template":"","format":"standard","meta":{"42wp_featured_image_caption":"","42wp_featured_image_credits":"","42wp_featured_video":"","42wp_featured_image_hidden":false,"42wp_authors_list":[],"footnotes":""},"categories":[2],"tags":[7094,24977,1491,28285,547,203,90,37605,6285,204,33276,9685],"42wp_author":[47149],"class_list":["post-57285","post","type-post","status-publish","format-standard","has-post-thumbnail","hentry","category-f1","tag-andrea-stella","tag-gp-dos-estados-unidos","tag-grande-premio","tag-grandepremio","tag-lando-norris","tag-max-verstappen","tag-mclaren","tag-mclaren-formula-1","tag-norris","tag-red-bull","tag-stella","tag-verstappen","42wp_author-bernardo-castro"],"_links":{"self":[{"href":"https:\/\/grandepremio.com\/br\/wp-json\/wp\/v2\/posts\/57285","targetHints":{"allow":["GET"]}}],"collection":[{"href":"https:\/\/grandepremio.com\/br\/wp-json\/wp\/v2\/posts"}],"about":[{"href":"https:\/\/grandepremio.com\/br\/wp-json\/wp\/v2\/types\/post"}],"replies":[{"embeddable":true,"href":"https:\/\/grandepremio.com\/br\/wp-json\/wp\/v2\/comments?post=57285"}],"version-history":[{"count":0,"href":"https:\/\/grandepremio.com\/br\/wp-json\/wp\/v2\/posts\/57285\/revisions"}],"wp:featuredmedia":[{"embeddable":true,"href":"https:\/\/grandepremio.com\/br\/wp-json\/wp\/v2\/media\/1000795099"}],"wp:attachment":[{"href":"https:\/\/grandepremio.com\/br\/wp-json\/wp\/v2\/media?parent=57285"}],"wp:term":[{"taxonomy":"category","embeddable":true,"href":"https:\/\/grandepremio.com\/br\/wp-json\/wp\/v2\/categories?post=57285"},{"taxonomy":"post_tag","embeddable":true,"href":"https:\/\/grandepremio.com\/br\/wp-json\/wp\/v2\/tags?post=57285"},{"taxonomy":"42wp_author","embeddable":true,"href":"https:\/\/grandepremio.com\/br\/wp-json\/wp\/v2\/42wp_author?post=57285"}],"curies":[{"name":"wp","href":"https:\/\/api.w.org\/{rel}","templated":true}]}}