{"id":57358,"date":"2024-10-21T10:03:55","date_gmt":"2024-10-21T13:03:55","guid":{"rendered":"https:\/\/grandepremio.com\/br\/noticias\/mclaren-insiste-max-verstappen-jogou-lando-norris-fora-eua-quantas-vezes-fez-isso\/"},"modified":"2024-10-21T15:52:36","modified_gmt":"2024-10-21T18:52:36","slug":"mclaren-insiste-max-verstappen-jogou-lando-norris-fora-eua-quantas-vezes-fez-isso","status":"publish","type":"post","link":"https:\/\/grandepremio.com\/br\/f1\/mclaren-insiste-max-verstappen-jogou-lando-norris-fora-eua-quantas-vezes-fez-isso\/","title":{"rendered":"McLaren insiste que Verstappen &#8220;jogou Norris para fora&#8221; nos EUA: &#8220;Quantas vezes j\u00e1 fez isso?&#8221;"},"content":{"rendered":"\n<p class=\"wp-block-paragraph\">A <strong>McLaren <\/strong>n\u00e3o est\u00e1 nada satisfeita com a decis\u00e3o da FIA e com manobra que <strong>Max Verstappen<\/strong> utilizou <a href=\"https:\/\/www.grandepremio.com\/br\/f1\/noticias\/charles-leclerc-rouba-cena-vence-gp-estados-unidos-lando-norris-bate-max-verstappen-3o\/\">para se defender de <strong>Lando Norris<\/strong> no <strong>GP dos Estados Unidos<\/strong><\/a>. Al\u00e9m de dizer que o tricampe\u00e3o jogou o piloto do carro #4 para fora da pista, o chefe<strong> Andrea Stella<\/strong> lembrou que o #1 j\u00e1 fez esse movimento in\u00fameras vezes para tentar defender a posi\u00e7\u00e3o \u2014 e na maioria delas saiu impune.<\/p>\n\n\n\n<p class=\"wp-block-paragraph\"><strong>Verstappen&nbsp;<\/strong>e&nbsp;<strong>Norris&nbsp;<\/strong>travaram uma nova disputa durante o&nbsp;<strong>GP dos Estados Unidos<\/strong>,&nbsp;<a href=\"https:\/\/www.grandepremio.com\/br\/f1\/noticias\/charles-leclerc-rouba-cena-vence-gp-estados-unidos-lando-norris-bate-max-verstappen-3o\/\">que aconteceu no \u00faltimo domingo (21)<\/a>. Nas voltas finais, o titular da&nbsp;<strong>McLaren&nbsp;<\/strong>estava com pneus duros mais novos e partiu para cima do #1 na tentativa de conquistar o terceiro lugar.&nbsp;<strong>Max<\/strong>, no entanto, jogou duro e se manteve \u00e0 frente do rival por algumas voltas.<\/p>\n\n\n\n<p class=\"wp-block-paragraph\">Por\u00e9m, a briga atingiu o auge na volta 52, quando&nbsp;<strong>Norris&nbsp;<\/strong>tentou uma ultrapassagem por fora na curva 12, mas Verstappen espalhou e os dois carros foram para fora da pista.&nbsp;<strong>Lando&nbsp;<\/strong>ainda assim superou&nbsp;<strong>Max&nbsp;<\/strong>e se recusou a devolver a posi\u00e7\u00e3o. Os comiss\u00e1rios entenderam o lance como irregular e aplicaram uma puni\u00e7\u00e3o de 5s no tempo de prova do piloto da <strong>McLaren<\/strong>, que cruzou a linha de chegada em terceiro, mas acabou caindo para quarto.<\/p>\n\n\n\n<p class=\"wp-block-paragraph\">Mas al\u00e9m de n\u00e3o concordar com a manobra de <strong>Verstappen<\/strong>, o chefe da <strong>McLaren <\/strong>se colocou contra a decis\u00e3o dos comiss\u00e1rios. Inclusive, pensou que era o neerland\u00eas quem estava sob investiga\u00e7\u00e3o quando a <strong>FIA <\/strong>informou que notou o incidente.<\/p>\n\n\n\n<figure class=\"wp-block-video\"><video class=\"video-js vjs-big-play-centered\" data-gp-vjs=\"1\" controls src=\"https:\/\/www.grandepremio.com\/br\/wp-content\/uploads\/2024\/10\/Norris-Verstappen-Estados-Unidos.mp4\"><\/video><figcaption class=\"wp-element-caption\">Norris ultrapassa Verstappen em manobra pol\u00eamica nos Estados Unidos (V\u00eddeo: reprodu\u00e7\u00e3o\/F1)<\/figcaption><\/figure>\n\n\n\n<p class=\"wp-block-paragraph\">&#8220;Acho que estar \u00e0 frente no \u00e1pice da curva no momento da manobra de ultrapassagem n\u00e3o \u00e9 relevante. O carro que estava se defendendo foi direto para o \u00e1pice, ele vai reto e sai da pista, igual aconteceu com Lando, n\u00e3o dando a chance do nosso piloto completar a manobra. Quantas vezes Max se valeu disso para se defender assim?&#8221;, disse Stella.<\/p>\n\n\n\n<p class=\"wp-block-paragraph\">&#8220;Os dois carros sa\u00edram da pista, ent\u00e3o os dois ganharam vantagem, se \u00e9 que houve alguma. Ent\u00e3o a manobra foi no m\u00ednimo neutra. Quando vi que havia uma investiga\u00e7\u00e3o, tive quase certeza de que era porque Max jogou Lando para fora da pista. E imediatamente dissemos ao Oscar para fechar 5s em rela\u00e7\u00e3o ao Max porque a posi\u00e7\u00e3o poderia estar em jogo. Portanto, a interpreta\u00e7\u00e3o desta situa\u00e7\u00e3o entre a McLaren e os comiss\u00e1rios \u00e9 totalmente oposta&#8221;, finalizou o chefe da McLaren.<\/p>\n\n\n\n<p class=\"wp-block-paragraph\">A&nbsp;<a href=\"https:\/\/www.grandepremio.com\/br\/f1\/\" target=\"_blank\" rel=\"noreferrer noopener\">F\u00f3rmula 1<\/a>&nbsp;volta de<strong>&nbsp;25 a 27 de outubro&nbsp;<\/strong>com o&nbsp;<strong>GP da Cidade do&nbsp;<a href=\"https:\/\/es.grandepremio.com\/\" target=\"_blank\" rel=\"noreferrer noopener\">M\u00e9xico<\/a><\/strong>, no&nbsp;<strong>Aut\u00f3dromo&nbsp;<a href=\"https:\/\/www.grandepremio.com\/br\/circuito\/hermanos-rodriguez\/\" target=\"_blank\" rel=\"noreferrer noopener\">Hermanos Rodr\u00edguez<\/a><\/strong>.<\/p>\n\n\n\n<p class=\"wp-block-paragraph\"><strong><img decoding=\"async\" src=\"https:\/\/a.slack-edge.com\/production-standard-emoji-assets\/14.0\/google-medium\/25b6-fe0f.png\" alt=\":seta_para_frente:\">&nbsp;Inscreva-se nos dois canais do GRANDE PR\u00caMIO no YouTube:&nbsp;<a href=\"https:\/\/www.youtube.com\/channel\/UC9OlHEgxoaY6QY6nWPoiqQg?sub_confirmation=1\" target=\"_blank\" rel=\"noreferrer noopener\">GP<\/a>&nbsp;|&nbsp;<a href=\"https:\/\/www.youtube.com\/channel\/UC9csiS6q_C3C0FYhyr1rnFA?sub_confirmation=1\" target=\"_blank\" rel=\"noreferrer noopener\">GP2<\/a><\/strong><br><strong><img decoding=\"async\" src=\"https:\/\/a.slack-edge.com\/production-standard-emoji-assets\/14.0\/google-medium\/25b6-fe0f.png\" alt=\":seta_para_frente:\">&nbsp;LEIA TAMB\u00c9M<\/strong>:&nbsp;<strong><a href=\"https:\/\/www.grandepremio.com\/br\/f1\/noticias\/sauber-coloca-novembro-data-definicao-segunda-vaga-f1-2025\/\">Sauber coloca novembro como data de defini\u00e7\u00e3o para segunda vaga na F1 2025<\/a><\/strong><\/p>\n\n\n\n<figure class=\"wp-block-embed is-type-video is-provider-youtube wp-block-embed-youtube wp-embed-aspect-16-9 wp-has-aspect-ratio\"><div class=\"wp-block-embed__wrapper\">\n<iframe loading=\"lazy\" title=\"LECLERC VENCE EM 1-2 DA FERRARI, NORRIS \u00c9 PUNIDO E TERMINA ATR\u00c1S DE VERSTAPPEN nos EUA | Briefing\" width=\"500\" height=\"281\" src=\"https:\/\/www.youtube.com\/embed\/DhQ0j7Q9Yn0?feature=oembed\" frameborder=\"0\" allow=\"accelerometer; autoplay; clipboard-write; encrypted-media; gyroscope; picture-in-picture; web-share\" referrerpolicy=\"strict-origin-when-cross-origin\" allowfullscreen><\/iframe>\n<\/div><\/figure>\n","protected":false},"excerpt":{"rendered":"<p>Andrea Stella, chefe da McLaren, ainda pensou que era Max Verstappen que estava sendo investigado quando os comiss\u00e1rios notaram o incidente<\/p>\n","protected":false},"author":0,"featured_media":1000883619,"comment_status":"closed","ping_status":"closed","sticky":false,"template":"","format":"standard","meta":{"42wp_featured_image_caption":"","42wp_featured_image_credits":"","42wp_featured_video":"","42wp_featured_image_hidden":false,"42wp_authors_list":[],"footnotes":""},"categories":[2],"tags":[7094,24977,1491,28285,547,203,90,4928,37605,6285,33276,9685],"42wp_author":[47149],"class_list":["post-57358","post","type-post","status-publish","format-standard","has-post-thumbnail","hentry","category-f1","tag-andrea-stella","tag-gp-dos-estados-unidos","tag-grande-premio","tag-grandepremio","tag-lando-norris","tag-max-verstappen","tag-mclaren","tag-mclaren-f1","tag-mclaren-formula-1","tag-norris","tag-stella","tag-verstappen","42wp_author-bernardo-castro"],"_links":{"self":[{"href":"https:\/\/grandepremio.com\/br\/wp-json\/wp\/v2\/posts\/57358","targetHints":{"allow":["GET"]}}],"collection":[{"href":"https:\/\/grandepremio.com\/br\/wp-json\/wp\/v2\/posts"}],"about":[{"href":"https:\/\/grandepremio.com\/br\/wp-json\/wp\/v2\/types\/post"}],"replies":[{"embeddable":true,"href":"https:\/\/grandepremio.com\/br\/wp-json\/wp\/v2\/comments?post=57358"}],"version-history":[{"count":0,"href":"https:\/\/grandepremio.com\/br\/wp-json\/wp\/v2\/posts\/57358\/revisions"}],"wp:featuredmedia":[{"embeddable":true,"href":"https:\/\/grandepremio.com\/br\/wp-json\/wp\/v2\/media\/1000883619"}],"wp:attachment":[{"href":"https:\/\/grandepremio.com\/br\/wp-json\/wp\/v2\/media?parent=57358"}],"wp:term":[{"taxonomy":"category","embeddable":true,"href":"https:\/\/grandepremio.com\/br\/wp-json\/wp\/v2\/categories?post=57358"},{"taxonomy":"post_tag","embeddable":true,"href":"https:\/\/grandepremio.com\/br\/wp-json\/wp\/v2\/tags?post=57358"},{"taxonomy":"42wp_author","embeddable":true,"href":"https:\/\/grandepremio.com\/br\/wp-json\/wp\/v2\/42wp_author?post=57358"}],"curies":[{"name":"wp","href":"https:\/\/api.w.org\/{rel}","templated":true}]}}