{"id":57855,"date":"2024-10-18T21:07:12","date_gmt":"2024-10-19T00:07:12","guid":{"rendered":"https:\/\/grandepremio.com\/br\/noticias\/charles-leclerc-lamenta-ritmo-ferrari-macios-mercedes-ganhou-algo-nao-tinhamos\/"},"modified":"2024-10-18T22:48:37","modified_gmt":"2024-10-19T01:48:37","slug":"charles-leclerc-lamenta-ritmo-ferrari-macios-mercedes-ganhou-algo-nao-tinhamos","status":"publish","type":"post","link":"https:\/\/grandepremio.com\/br\/f1\/charles-leclerc-lamenta-ritmo-ferrari-macios-mercedes-ganhou-algo-nao-tinhamos\/","title":{"rendered":"Leclerc lamenta ritmo da Ferrari com macios: &#8220;Mercedes ganhou algo que n\u00e3o t\u00ednhamos&#8221;"},"content":{"rendered":"\n<p class=\"wp-block-paragraph\"><strong>Charles Leclerc <\/strong>at\u00e9 sonhou, mas vai largar a corrida sprint do <strong>GP dos Estados Unidos <\/strong>da terceira posi\u00e7\u00e3o. O monegasco da <strong>Ferrari <\/strong>ficou atr\u00e1s de <strong>Max Verstappen <\/strong>e <strong>George Russell <\/strong>na sess\u00e3o realizada no in\u00edcio da noite desta sexta-feira (18), com o tempo de 1min33s059, apesar do desempenho promissor no \u00fanico treino livre.<\/p>\n\n\n\n<p class=\"wp-block-paragraph\">Em entrevista ao site da <strong>F\u00f3rmula 1<\/strong>, Leclerc apontou que a <strong>Mercedes <\/strong>cresceu muito com o uso dos pneus macios, e isso justifica o bom desempenho de Russell, que ficou apenas 0s012 atr\u00e1s do pole Verstappen, da <strong>Red Bull<\/strong>. Charles sente que a Ferrari n\u00e3o conseguiu encontrar o mesmo que a rival.<\/p>\n\n\n\n<p class=\"wp-block-paragraph\">&#8220;Por algum motivo, nos macios, a Mercedes ganhou algo que n\u00e3o t\u00ednhamos. Mas parecemos bem com os m\u00e9dios parecemos bem. Nos macios, n\u00e3o t\u00ednhamos o ritmo para brigar pela pole. A volta foi meio bagun\u00e7ada, mas n\u00e3o teve nada estranho. Acontece, tivemos quilometragem limitada e acontece mais ainda. Temos trabalho a fazer para recuperar e terceiro n\u00e3o \u00e9 t\u00e3o ruim. Vamos focar no amanh\u00e3 e recuperar posi\u00e7\u00f5es&#8221;, declarou.<\/p>\n\n\n\n<p class=\"wp-block-paragraph\"><strong><img decoding=\"async\" src=\"https:\/\/a.slack-edge.com\/production-standard-emoji-assets\/14.0\/google-medium\/25b6-fe0f.png\" alt=\":seta_para_frente:\">&nbsp;Inscreva-se nos dois canais do GRANDE PR\u00caMIO no YouTube:&nbsp;<a href=\"https:\/\/www.youtube.com\/channel\/UC9OlHEgxoaY6QY6nWPoiqQg?sub_confirmation=1\" target=\"_blank\" rel=\"noreferrer noopener\">GP<\/a>&nbsp;|&nbsp;<a href=\"https:\/\/www.youtube.com\/channel\/UC9csiS6q_C3C0FYhyr1rnFA?sub_confirmation=1\" target=\"_blank\" rel=\"noreferrer noopener\">GP2<\/a><\/strong><br><strong><img decoding=\"async\" src=\"https:\/\/a.slack-edge.com\/production-standard-emoji-assets\/14.0\/google-medium\/25b6-fe0f.png\" alt=\":seta_para_frente:\">&nbsp;LEIA TAMB\u00c9M:&nbsp;<a href=\"https:\/\/www.grandepremio.com\/br\/f1\/noticias\/red-bull-assume-artificio-muda-configuracao-assoalho-muda-carro-para-eua\/\">Red Bull assume uso de dispositivo que mexe em assoalho e muda carro no GP dos EUA<\/a><\/strong><\/p>\n\n\n\n<figure class=\"wp-block-image size-large\"><img decoding=\"async\" src=\"https:\/\/www.grandepremio.com\/br\/wp-content\/uploads\/2024\/10\/estados-unidos-2024-f1-classificacao-sprint-ferrari-charles-leclerc-04-1200x900.jpg\" alt=\"\" class=\"wp-image-882270\"\/><figcaption class=\"wp-element-caption\">Charles Leclerc (Foto: Ferrari)<\/figcaption><\/figure>\n\n\n\n<p class=\"wp-block-paragraph\">Apesar da classifica\u00e7\u00e3o abaixo do sonhado, Charles ainda manteve a esperan\u00e7a de que pode vencer a corrida sprint no s\u00e1bado. O monegasco apontou que, pela falta de quilometragem de todos os pilotos por conta do formato do fim de semana, ainda h\u00e1 perguntas n\u00e3o respondidas sobre a posi\u00e7\u00e3o dos times.<\/p>\n\n\n\n<p class=\"wp-block-paragraph\">&#8220;Max est\u00e1 muito r\u00e1pido olhando de fora. N\u00e3o temos ideia de quem vai ser r\u00e1pido em ritmo de corrida. Por agora, s\u00e3o muitas interroga\u00e7\u00f5es e eu n\u00e3o tenho as respostas ainda, mas espero que possamos vencer a corrida sprint. Seria um bom sinal para domingo&#8221;, concluiu.<\/p>\n\n\n\n<p class=\"wp-block-paragraph\">O&nbsp;<strong>GRANDE PR\u00caMIO<\/strong>&nbsp;acompanha&nbsp;<a href=\"https:\/\/www.grandepremio.com\/br\/ao-vivo\/f1\/\"><strong>AO VIVO e EM&nbsp;<\/strong><\/a><a href=\"https:\/\/www.grandepremio.com\/br\/ao-vivo\/\"><\/a><strong><a href=\"https:\/\/www.grandepremio.com\/br\/ao-vivo\/\" target=\"_blank\" rel=\"noreferrer noopener\">TEMPO REAL<\/a><\/strong>&nbsp;todas as atividades do&nbsp;<strong>GP dos Estados Unidos, em Austin<\/strong>&nbsp;e transmite sprint shootout, classifica\u00e7\u00e3o e corridas em segunda tela, em parceria com a Voz do Esporte, na&nbsp;<a href=\"https:\/\/www.youtube.com\/c\/GrandePremioTV\/streams\"><strong>GPTV, o canal do GP no Youtube<\/strong><\/a>. Depois das atividades de cada dia, debate tudo o que aconteceu no Briefing. No s\u00e1bado (19), a&nbsp;<strong>prova curta&nbsp;<\/strong>ser\u00e1 \u00e0s 15h (de Bras\u00edlia, GMT-3), com a&nbsp;<strong>classifica\u00e7\u00e3o<\/strong>&nbsp;\u00e0s 19h. No&nbsp;domingo (20)<strong>, a largada<\/strong>&nbsp;est\u00e1 marcada para as 16h.<\/p>\n\n\n\n<p class=\"wp-block-paragraph\"><\/p>\n","protected":false},"excerpt":{"rendered":"<p>Charles Leclerc manteve as esperan\u00e7as de que pode vencer a corrida sprint do GP dos Estados Unidos. Monegasco apontou que time sofreu com ritmo nos pneus macios durante o &#8216;shootout&#8217;<\/p>\n","protected":false},"author":0,"featured_media":1000882260,"comment_status":"closed","ping_status":"closed","sticky":false,"template":"","format":"standard","meta":{"42wp_featured_image_caption":"","42wp_featured_image_credits":"","42wp_featured_video":"","42wp_featured_image_hidden":false,"42wp_authors_list":[],"footnotes":""},"categories":[2],"tags":[26271,209,5273,896,147,3230,207,180,30909,1491,28285,30840,82,35129,33301],"42wp_author":[47119],"class_list":["post-57855","post","type-post","status-publish","format-standard","has-post-thumbnail","hentry","category-f1","tag-calendario-f1","tag-charles-leclerc","tag-classificacao-f1","tag-estados-unidos","tag-f1","tag-f1-2024","tag-ferrari","tag-formula-1","tag-formula-1-2024","tag-grande-premio","tag-grandepremio","tag-horarios-f1","tag-mercedes","tag-onde-assistir-f1","tag-temporada-2024-f1","42wp_author-gabriel-carvalho"],"_links":{"self":[{"href":"https:\/\/grandepremio.com\/br\/wp-json\/wp\/v2\/posts\/57855","targetHints":{"allow":["GET"]}}],"collection":[{"href":"https:\/\/grandepremio.com\/br\/wp-json\/wp\/v2\/posts"}],"about":[{"href":"https:\/\/grandepremio.com\/br\/wp-json\/wp\/v2\/types\/post"}],"replies":[{"embeddable":true,"href":"https:\/\/grandepremio.com\/br\/wp-json\/wp\/v2\/comments?post=57855"}],"version-history":[{"count":0,"href":"https:\/\/grandepremio.com\/br\/wp-json\/wp\/v2\/posts\/57855\/revisions"}],"wp:featuredmedia":[{"embeddable":true,"href":"https:\/\/grandepremio.com\/br\/wp-json\/wp\/v2\/media\/1000882260"}],"wp:attachment":[{"href":"https:\/\/grandepremio.com\/br\/wp-json\/wp\/v2\/media?parent=57855"}],"wp:term":[{"taxonomy":"category","embeddable":true,"href":"https:\/\/grandepremio.com\/br\/wp-json\/wp\/v2\/categories?post=57855"},{"taxonomy":"post_tag","embeddable":true,"href":"https:\/\/grandepremio.com\/br\/wp-json\/wp\/v2\/tags?post=57855"},{"taxonomy":"42wp_author","embeddable":true,"href":"https:\/\/grandepremio.com\/br\/wp-json\/wp\/v2\/42wp_author?post=57855"}],"curies":[{"name":"wp","href":"https:\/\/api.w.org\/{rel}","templated":true}]}}