{"id":57867,"date":"2024-10-18T20:38:00","date_gmt":"2024-10-18T23:38:00","guid":{"rendered":"https:\/\/grandepremio.com\/br\/noticias\/franco-colapinto-lamenta-rodada-classificacao-sprint-preciso-aprender-nao-exagerar\/"},"modified":"2024-10-18T22:48:18","modified_gmt":"2024-10-19T01:48:18","slug":"franco-colapinto-lamenta-rodada-classificacao-sprint-preciso-aprender-nao-exagerar","status":"publish","type":"post","link":"https:\/\/grandepremio.com\/br\/f1\/franco-colapinto-lamenta-rodada-classificacao-sprint-preciso-aprender-nao-exagerar\/","title":{"rendered":"Colapinto lamenta rodada na classifica\u00e7\u00e3o da sprint: &#8220;Preciso aprender a n\u00e3o exagerar&#8221;"},"content":{"rendered":"\n<p class=\"wp-block-paragraph\"><strong>Franco Colapinto<\/strong> surpreendeu mais uma vez. O argentino da <strong>Williams<\/strong> conseguiu levar o carro ao Q3 da classifica\u00e7\u00e3o da corrida sprint do<strong> GP dos Estados Unidos<\/strong>, realizada nesta sexta-feira (18) em Austin. Ele vai largar do 10\u00ba posto, 8 posi\u00e7\u00f5es \u00e0 frente do companheiro de equipe <strong>Alexander Albon.<\/strong><\/p>\n\n\n\n<p class=\"wp-block-paragraph\">Apesar do bom resultado, Colapinto sente que poderia ter terminado mais \u00e0 frente at\u00e9 na classifica\u00e7\u00e3o. Entre os carros do pelot\u00e3o intermedi\u00e1rio, ele largar\u00e1 atr\u00e1s de <strong>Nico H\u00fclkenberg<\/strong>, <strong>Kevin Magnussen <\/strong>[ambos da <strong>Haas<\/strong>] e de <strong>Yuki Tsunoda<\/strong>, mas erros no Q3 prejudicaram a volta.<\/p>\n\n\n\n<p class=\"wp-block-paragraph\">&#8220;O time fez um grande trabalho hoje, mas poder\u00edamos ter terminado mais \u00e0 frente. Arriscamos com uma mudan\u00e7a aerodin\u00e2mica para a SQ3, a mesma que fizemos na classifica\u00e7\u00e3o de Baku, mas n\u00e3o funcionou. Derrapei na curva 1 e errei nas curvas 3, 4, 5 e 6 por excesso de velocidade&#8221;, afirmou Colapinto em entrevista \u00e0 ESPN.<\/p>\n\n\n\n<p class=\"wp-block-paragraph\"><strong><img decoding=\"async\" src=\"https:\/\/a.slack-edge.com\/production-standard-emoji-assets\/14.0\/google-medium\/25b6-fe0f.png\" alt=\":seta_para_frente:\">&nbsp;Inscreva-se nos dois canais do GRANDE PR\u00caMIO no YouTube:&nbsp;<a href=\"https:\/\/www.youtube.com\/channel\/UC9OlHEgxoaY6QY6nWPoiqQg?sub_confirmation=1\" target=\"_blank\" rel=\"noreferrer noopener\">GP<\/a>&nbsp;|&nbsp;<a href=\"https:\/\/www.youtube.com\/channel\/UC9csiS6q_C3C0FYhyr1rnFA?sub_confirmation=1\" target=\"_blank\" rel=\"noreferrer noopener\">GP2<\/a><\/strong><br><strong><img decoding=\"async\" src=\"https:\/\/a.slack-edge.com\/production-standard-emoji-assets\/14.0\/google-medium\/25b6-fe0f.png\" alt=\":seta_para_frente:\">&nbsp;LEIA TAMB\u00c9M:&nbsp;<a href=\"https:\/\/www.grandepremio.com\/br\/f1\/noticias\/red-bull-assume-artificio-muda-configuracao-assoalho-muda-carro-para-eua\/\">Red Bull assume uso de dispositivo que mexe em assoalho e muda carro no GP dos EUA<\/a><\/strong><\/p>\n\n\n\n<figure class=\"wp-block-image size-large\"><img decoding=\"async\" src=\"https:\/\/www.grandepremio.com\/br\/wp-content\/uploads\/2024\/10\/estados-unidos-2024-f1-classificacao-sprint-williams-franco-colapinto-03-1200x675.jpg\" alt=\"\" class=\"wp-image-882272\"\/><figcaption class=\"wp-element-caption\">Franco Colapinto (Foto: Reprodu\u00e7\u00e3o\/F1)<\/figcaption><\/figure>\n\n\n\n<p class=\"wp-block-paragraph\">Franco tamb\u00e9m apontou que at\u00e9 tentou dar sequ\u00eancia nas voltas r\u00e1pidas, mas o fato de encarar pneus superaquecidos ap\u00f3s a rodada que sofreu impediram um avan\u00e7o maior. O tempo do argentino no SQ3 foi de 1min34s406.<\/p>\n\n\n\n<p class=\"wp-block-paragraph\">&#8220;Os pneus estavam superaquecidos e tentei me recuperar, mas o carro n\u00e3o resistiu. Preciso aprender a gerenciar os pneus e n\u00e3o exagerar nas curvas, entender onde est\u00e1 o limite e n\u00e3o ultrapass\u00e1-lo&#8221;, concluiu.<\/p>\n\n\n\n<p class=\"wp-block-paragraph\">O\u00a0<strong>GRANDE PR\u00caMIO<\/strong>\u00a0acompanha\u00a0<a href=\"https:\/\/www.grandepremio.com\/br\/ao-vivo\/f1\/\"><strong>AO VIVO e EM\u00a0<\/strong><\/a><a href=\"https:\/\/www.grandepremio.com\/br\/ao-vivo\/\"><\/a><strong><a href=\"https:\/\/www.grandepremio.com\/br\/ao-vivo\/\" target=\"_blank\" rel=\"noreferrer noopener\">TEMPO REAL<\/a><\/strong>\u00a0todas as atividades do\u00a0<strong>GP dos Estados Unidos, em Austin<\/strong>\u00a0e transmite sprint shootout, classifica\u00e7\u00e3o e corridas em segunda tela, em parceria com a Voz do Esporte, na\u00a0<a href=\"https:\/\/www.youtube.com\/c\/GrandePremioTV\/streams\"><strong>GPTV, o canal do GP no Youtube<\/strong><\/a>. Depois das atividades de cada dia, debate tudo o que aconteceu no Briefing. No s\u00e1bado (19), a\u00a0<strong>prova curta\u00a0<\/strong>ser\u00e1 \u00e0s 15h (de Bras\u00edlia, GMT-3), com a\u00a0<strong>classifica\u00e7\u00e3o<\/strong>\u00a0\u00e0s 19h. No\u00a0domingo (20)<strong>, a largada<\/strong>\u00a0est\u00e1 marcada para as 16h.<\/p>\n","protected":false},"excerpt":{"rendered":"<p>Franco Colapinto surpreendeu ao colocar a Williams no top-10 do grid da corrida sprint dos Estados Unidos, mas acredita que poderia ter conquistado mais sem rodada em volta r\u00e1pida<\/p>\n","protected":false},"author":0,"featured_media":1000882139,"comment_status":"closed","ping_status":"closed","sticky":false,"template":"","format":"standard","meta":{"42wp_featured_image_caption":"","42wp_featured_image_credits":"","42wp_featured_video":"","42wp_featured_image_hidden":false,"42wp_authors_list":[],"footnotes":""},"categories":[2],"tags":[41330,36835,26271,5273,896,37804,2473,147,3230,180,30909,25440,1491,28285,30840,35129,33301,215],"42wp_author":[47119],"class_list":["post-57867","post","type-post","status-publish","format-standard","has-post-thumbnail","hentry","category-f1","tag-austin-2024","tag-austin-f1","tag-calendario-f1","tag-classificacao-f1","tag-estados-unidos","tag-estados-unidos-2024","tag-estados-unidos-f1","tag-f1","tag-f1-2024","tag-formula-1","tag-formula-1-2024","tag-franco-colapinto","tag-grande-premio","tag-grandepremio","tag-horarios-f1","tag-onde-assistir-f1","tag-temporada-2024-f1","tag-williams","42wp_author-gabriel-carvalho"],"_links":{"self":[{"href":"https:\/\/grandepremio.com\/br\/wp-json\/wp\/v2\/posts\/57867","targetHints":{"allow":["GET"]}}],"collection":[{"href":"https:\/\/grandepremio.com\/br\/wp-json\/wp\/v2\/posts"}],"about":[{"href":"https:\/\/grandepremio.com\/br\/wp-json\/wp\/v2\/types\/post"}],"replies":[{"embeddable":true,"href":"https:\/\/grandepremio.com\/br\/wp-json\/wp\/v2\/comments?post=57867"}],"version-history":[{"count":0,"href":"https:\/\/grandepremio.com\/br\/wp-json\/wp\/v2\/posts\/57867\/revisions"}],"wp:featuredmedia":[{"embeddable":true,"href":"https:\/\/grandepremio.com\/br\/wp-json\/wp\/v2\/media\/1000882139"}],"wp:attachment":[{"href":"https:\/\/grandepremio.com\/br\/wp-json\/wp\/v2\/media?parent=57867"}],"wp:term":[{"taxonomy":"category","embeddable":true,"href":"https:\/\/grandepremio.com\/br\/wp-json\/wp\/v2\/categories?post=57867"},{"taxonomy":"post_tag","embeddable":true,"href":"https:\/\/grandepremio.com\/br\/wp-json\/wp\/v2\/tags?post=57867"},{"taxonomy":"42wp_author","embeddable":true,"href":"https:\/\/grandepremio.com\/br\/wp-json\/wp\/v2\/42wp_author?post=57867"}],"curies":[{"name":"wp","href":"https:\/\/api.w.org\/{rel}","templated":true}]}}