{"id":57873,"date":"2024-10-18T20:25:00","date_gmt":"2024-10-18T23:25:00","guid":{"rendered":"https:\/\/grandepremio.com\/br\/noticias\/red-bull-cutuca-paranoia-rivais-diz-dispositivo-polemico-carro-3-anos\/"},"modified":"2024-10-18T20:45:45","modified_gmt":"2024-10-18T23:45:45","slug":"red-bull-cutuca-paranoia-rivais-diz-dispositivo-polemico-carro-3-anos","status":"publish","type":"post","link":"https:\/\/grandepremio.com\/br\/f1\/red-bull-cutuca-paranoia-rivais-diz-dispositivo-polemico-carro-3-anos\/","title":{"rendered":"Red Bull cutuca &#8220;paranoia de rivais&#8221; e diz que dispositivo pol\u00eamico &#8220;est\u00e1 em carro h\u00e1 3 anos&#8221;"},"content":{"rendered":"\n<p class=\"wp-block-paragraph\">A <strong>Red Bull<\/strong> considerou a inspe\u00e7\u00e3o da <strong>Federa\u00e7\u00e3o Internacional de Automobilismo<\/strong> (<strong>FIA<\/strong>) no <strong>RB20 <\/strong>ao final do <a href=\"https:\/\/www.grandepremio.com\/br\/f1\/noticias\/carlos-sainz-bate-charles-leclerc-puxa-1-2-ferrari-unico-treino-livre-gp-eua-f1\/\"><strong>treino livre<\/strong> desta sexta-feira (18)<\/a>, em <strong>Austin<\/strong>, <strong>Estados Unidos<\/strong>, como normal, j\u00e1 que \u00e9 fun\u00e7\u00e3o da entidade &#8220;satisfazer a paranoia&#8221; no paddock. O chefe, <strong>Christian Horner<\/strong>, ainda revelou que o pol\u00eamico dispositivo que ajusta a configura\u00e7\u00e3o da parte dianteira est\u00e1 presente no carro h\u00e1 tr\u00eas anos.<\/p>\n\n\n\n<p class=\"wp-block-paragraph\">A pol\u00eamica eclodiu na quarta-feira (16), quando o site da revista inglesa Autosport noticiou que havia a suspeita de que uma das equipes do grid<a href=\"https:\/\/www.grandepremio.com\/br\/f1\/noticias\/fia-reage-acabar-truque-muda-configuracao-assoalho-parque-fechado\/\">\u00a0teria violado as regras do parque fechado\u00a0<\/a>entre a classifica\u00e7\u00e3o e a corrida. A controv\u00e9rsia seria o uso de um dispositivo capaz de ajustar o \u00e2ngulo do\u00a0<em>\u2018front bib\u2019\u00a0<\/em>ou<em>\u00a0\u2018T-Tray\u2019<\/em>\u00a0\u2014 \u2018bandeja T\u2019, em tradu\u00e7\u00e3o livre, um suporte vertical localizado na parte frontal do carro, perto da suspens\u00e3o dianteira, que cria um v\u00e3o entre o bico e o in\u00edcio do assoalho.<\/p>\n\n\n\n<p class=\"wp-block-paragraph\">Trata-se de um ajuste que provoca uma melhora significativa dos requisitos relacionados \u00e0 altura do carro em volta r\u00e1pida (com o tanque vazio) e na corrida (mais pesado por conta do combust\u00edvel), podendo ser feito por um mec\u00e2nico, mas o que levou a FIA a endurecer a fiscaliza\u00e7\u00e3o foi a possibilidade de haver um meio de isso ser feito pelo piloto dentro do cockpit.<\/p>\n\n\n\n<p class=\"wp-block-paragraph\">N\u00e3o demorou para as esquadras se manifestarem contra uma rival em especial: a Red Bull. E, para a surpresa de todos, o time de Milton Keynes confirmou a exist\u00eancia do dispositivo, mas garantiu que era um sistema \u201cinacess\u00edvel quando o carro fica totalmente montado e pronto para funcionar\u201d.<\/p>\n\n\n\n<figure class=\"wp-block-video\"><video class=\"video-js vjs-big-play-centered\" data-gp-vjs=\"1\" controls poster=\"https:\/\/www.grandepremio.com\/br\/cdn-cgi\/image\/width=1200,height=675,fit=contain,gravity=0.5x0.5,quality=75,format=webp\/wp-content\/uploads\/2024\/10\/Fiscalizacao-FIA-Red-Bull-Austin-EUA-poster-1.jpeg\" src=\"https:\/\/www.grandepremio.com\/br\/wp-content\/uploads\/2024\/10\/Fiscalizacao-FIA-Red-Bull-Austin-EUA.mp4\"><\/video><figcaption class=\"wp-element-caption\">A FIA realizou inspe\u00e7\u00e3o no carro da Red Bull ap\u00f3s o treino livre do GP dos EUA (V\u00eddeo: reprodu\u00e7\u00e3o\/Sky Sports)<\/figcaption><\/figure>\n\n\n\n<p class=\"wp-block-paragraph\">Enquanto o CEO da <strong>McLaren<\/strong>, <strong>Zak Brown<\/strong>, cobrava \u00e0 FIA uma &#8220;investiga\u00e7\u00e3o completa&#8221; para entender o que, de fato, os taurinos fizeram, Horner falou pela primeira vez sobre o assunto \u00e0 <strong>Sky Sport <\/strong><a href=\"https:\/\/www.grandepremio.com\/br\/f1\/noticias\/max-verstappen-ressurge-crava-pole-corrida-sprint-gp-estados-unidos-lando-norris-4o\/\">depois da <strong>classifica\u00e7\u00e3o sprint<\/strong><\/a>. Sobre a decis\u00e3o da federa\u00e7\u00e3o de adicionar um lacre ao sistema, classificou como fruto da &#8220;reclama\u00e7\u00e3o dos rivais&#8221; e que era &#8220;fun\u00e7\u00e3o da FIA analisar essas coisas&#8221;.<\/p>\n\n\n\n<p class=\"wp-block-paragraph\">&#8220;[O dispositivo] est\u00e1 publicamente dispon\u00edvel desde os \u00faltimos tr\u00eas anos. A FIA est\u00e1 satisfeita com ele. Acredito que talvez tenha apenas satisfeito alguma paranoia em outras partes do paddock&#8221;, alfinetou. Em seguida, ao ser indagado se via o tema como um artif\u00edcio na temporada, lembrou que &#8220;houve muito barulho sobre as asas traseiras&#8221; por conta da McLaren em <strong>Baku<\/strong>.<\/p>\n\n\n\n<p class=\"wp-block-paragraph\">&#8220;\u00c0s vezes, tentam acender uma fogueira em outro lugar\u201d, destacou o dirigente ingl\u00eas. &#8220;Podem vedar todas as articula\u00e7\u00f5es m\u00f3veis do carro, pois o parque fechado determina que n\u00e3o se pode mudar nada, \u00e9 para isso que ele existe. Cumprimos todos os regulamentos e procedimentos. Estamos mais do que satisfeitos com as discuss\u00f5es que tivemos com a FIA. E eles est\u00e3o muito satisfeitos com o que foi mostrado a eles&#8221;, encerrou Horner.<\/p>\n\n\n\n<p class=\"wp-block-paragraph\">O\u00a0<strong>GRANDE PR\u00caMIO<\/strong>\u00a0acompanha\u00a0<a href=\"https:\/\/www.grandepremio.com\/br\/ao-vivo\/f1\/\"><strong>AO VIVO e EM\u00a0<\/strong><\/a><a href=\"https:\/\/www.grandepremio.com\/br\/ao-vivo\/\"><\/a><strong><a href=\"https:\/\/www.grandepremio.com\/br\/ao-vivo\/\" target=\"_blank\" rel=\"noreferrer noopener\">TEMPO REAL<\/a><\/strong>\u00a0todas as atividades do\u00a0<strong>GP dos Estados Unidos, em Austin<\/strong>\u00a0e transmite sprint shootout, classifica\u00e7\u00e3o e corridas em segunda tela, em parceria com a Voz do Esporte, na\u00a0<a href=\"https:\/\/www.youtube.com\/c\/GrandePremioTV\/streams\"><strong>GPTV, o canal do GP no Youtube<\/strong><\/a>. Depois das atividades de cada dia, debate tudo o que aconteceu no Briefing. No s\u00e1bado (19), a\u00a0<strong>prova curta\u00a0<\/strong>ser\u00e1 \u00e0s 15h (de Bras\u00edlia, GMT-3), com a\u00a0<strong>classifica\u00e7\u00e3o<\/strong>\u00a0\u00e0s 19h. No\u00a0domingo (20)<strong>, a largada<\/strong>\u00a0est\u00e1 marcada para as 16h.<\/p>\n\n\n\n<p class=\"wp-block-paragraph\"><strong><img decoding=\"async\" src=\"https:\/\/a.slack-edge.com\/production-standard-emoji-assets\/14.0\/google-medium\/25b6-fe0f.png\" alt=\":seta_para_frente:\">&nbsp;Inscreva-se nos dois canais do GRANDE PR\u00caMIO no YouTube:&nbsp;<a href=\"https:\/\/www.youtube.com\/channel\/UC9OlHEgxoaY6QY6nWPoiqQg?sub_confirmation=1\" target=\"_blank\" rel=\"noreferrer noopener\">GP<\/a>&nbsp;|&nbsp;<a href=\"https:\/\/www.youtube.com\/channel\/UC9csiS6q_C3C0FYhyr1rnFA?sub_confirmation=1\" target=\"_blank\" rel=\"noreferrer noopener\">GP2<\/a><\/strong><br><strong><img decoding=\"async\" src=\"https:\/\/a.slack-edge.com\/production-standard-emoji-assets\/14.0\/google-medium\/25b6-fe0f.png\" alt=\":seta_para_frente:\">&nbsp;LEIA TAMB\u00c9M:&nbsp;<a href=\"https:\/\/www.grandepremio.com\/br\/f1\/noticias\/red-bull-assume-artificio-muda-configuracao-assoalho-muda-carro-para-eua\/\">Red Bull assume uso de dispositivo que mexe em assoalho e muda carro no GP dos EUA<\/a><\/strong><\/p>\n\n\n\n<figure class=\"wp-block-embed is-type-video is-provider-youtube wp-block-embed-youtube wp-embed-aspect-16-9 wp-has-aspect-ratio\"><div class=\"wp-block-embed__wrapper\">\n<iframe loading=\"lazy\" title=\"VERSTAPPEN POLE, NORRIS 4\u00ba: CLASSIFICA\u00c7\u00c3O e GRID DE LARGADA da CORRIDA SPRINT nos EUA  | Briefing\" width=\"500\" height=\"281\" src=\"https:\/\/www.youtube.com\/embed\/uo_xKXkYZ40?feature=oembed\" frameborder=\"0\" allow=\"accelerometer; autoplay; clipboard-write; encrypted-media; gyroscope; picture-in-picture; web-share\" referrerpolicy=\"strict-origin-when-cross-origin\" allowfullscreen><\/iframe>\n<\/div><\/figure>\n","protected":false},"excerpt":{"rendered":"<p>Chefe da Red Bull, Christian Horner assegurou que a equipe cumpre todos os regulamentos e procedimentos da F\u00f3rmula 1, mas admitiu que era fun\u00e7\u00e3o da FIA &#8220;analisar essas coisas&#8221; diante da &#8220;reclama\u00e7\u00e3o dos rivais&#8221;<\/p>\n","protected":false},"author":0,"featured_media":1000882091,"comment_status":"closed","ping_status":"closed","sticky":false,"template":"","format":"standard","meta":{"42wp_featured_image_caption":"","42wp_featured_image_credits":"","42wp_featured_video":"","42wp_featured_image_hidden":false,"42wp_authors_list":[],"footnotes":""},"categories":[2],"tags":[1982,26271,655,5273,896,1983,147,3230,103,180,30909,24977,2318,41331,1491,28285,30840,90,35129,204,33301,580],"42wp_author":[47147],"class_list":["post-57873","post","type-post","status-publish","format-standard","has-post-thumbnail","hentry","category-f1","tag-austin","tag-calendario-f1","tag-christian-horner","tag-classificacao-f1","tag-estados-unidos","tag-eua","tag-f1","tag-f1-2024","tag-fia","tag-formula-1","tag-formula-1-2024","tag-gp-dos-estados-unidos","tag-gp-dos-eua","tag-gp-dos-eua-f1","tag-grande-premio","tag-grandepremio","tag-horarios-f1","tag-mclaren","tag-onde-assistir-f1","tag-red-bull","tag-temporada-2024-f1","tag-zak-brown","42wp_author-luana-marino"],"_links":{"self":[{"href":"https:\/\/grandepremio.com\/br\/wp-json\/wp\/v2\/posts\/57873","targetHints":{"allow":["GET"]}}],"collection":[{"href":"https:\/\/grandepremio.com\/br\/wp-json\/wp\/v2\/posts"}],"about":[{"href":"https:\/\/grandepremio.com\/br\/wp-json\/wp\/v2\/types\/post"}],"replies":[{"embeddable":true,"href":"https:\/\/grandepremio.com\/br\/wp-json\/wp\/v2\/comments?post=57873"}],"version-history":[{"count":0,"href":"https:\/\/grandepremio.com\/br\/wp-json\/wp\/v2\/posts\/57873\/revisions"}],"wp:featuredmedia":[{"embeddable":true,"href":"https:\/\/grandepremio.com\/br\/wp-json\/wp\/v2\/media\/1000882091"}],"wp:attachment":[{"href":"https:\/\/grandepremio.com\/br\/wp-json\/wp\/v2\/media?parent=57873"}],"wp:term":[{"taxonomy":"category","embeddable":true,"href":"https:\/\/grandepremio.com\/br\/wp-json\/wp\/v2\/categories?post=57873"},{"taxonomy":"post_tag","embeddable":true,"href":"https:\/\/grandepremio.com\/br\/wp-json\/wp\/v2\/tags?post=57873"},{"taxonomy":"42wp_author","embeddable":true,"href":"https:\/\/grandepremio.com\/br\/wp-json\/wp\/v2\/42wp_author?post=57873"}],"curies":[{"name":"wp","href":"https:\/\/api.w.org\/{rel}","templated":true}]}}