{"id":57952,"date":"2024-10-18T13:37:23","date_gmt":"2024-10-18T16:37:23","guid":{"rendered":"https:\/\/grandepremio.com\/br\/noticias\/f1-encara-sexta-feira-sol-nuvens-classificacao-sprint-gp-eua\/"},"modified":"2024-10-18T18:05:43","modified_gmt":"2024-10-18T21:05:43","slug":"f1-encara-sexta-feira-sol-nuvens-classificacao-sprint-gp-eua","status":"publish","type":"post","link":"https:\/\/grandepremio.com\/br\/f1\/f1-encara-sexta-feira-sol-nuvens-classificacao-sprint-gp-eua\/","title":{"rendered":"F1 encara sexta-feira de sol entre nuvens para classifica\u00e7\u00e3o sprint do GP dos EUA"},"content":{"rendered":"\n<p class=\"wp-block-paragraph\">A<strong> F\u00f3rmula 1 <\/strong>est\u00e1 de volta \u00e0 a\u00e7\u00e3o neste fim de semana em <strong>Austin<\/strong>, que recebe o<strong> GP dos Estados Unidos<\/strong>, o primeiro da perna tripla que ainda passar\u00e1 por M\u00e9xico e Brasil. A etapa ser\u00e1 a quarta do ano com a corrida sprint, o que significa que os pilotos ter\u00e3o nesta sexta-feira (18) apenas um treino livre antes da classifica\u00e7\u00e3o da prova curta. Confira o que diz a meteorologia para os hor\u00e1rios das atividades.<\/p>\n\n\n\n<p class=\"wp-block-paragraph\">O \u00fanico treino do fim de semana est\u00e1 programado para as 12h30 locais (14h30 de Bras\u00edlia, GMT-3). A expectativa \u00e9 de tempo firme, com term\u00f4metros em 23\u00b0C e sensa\u00e7\u00e3o t\u00e9rmica de 26\u00b0C. E embora o c\u00e9u fique parcialmente nublado, com cobertura de nuvens em 45%, n\u00e3o h\u00e1 previs\u00e3o de chuva.<\/p>\n\n\n\n<p class=\"wp-block-paragraph\">No momento da sess\u00e3o, a umidade relativa do ar estar\u00e1 em 54%, enquanto os ventos sopram na dire\u00e7\u00e3o leste a 9 km\/h, com rajadas de at\u00e9 22 km\/h.<\/p>\n\n\n\n<p class=\"wp-block-paragraph\">A classifica\u00e7\u00e3o sprint, tamb\u00e9m chamada sprint shootout, ser\u00e1 \u00e0s 16h30 locais (18h30 de Bras\u00edlia). At\u00e9 l\u00e1, a temperatura sobe bastante, quase chegando aos 30\u00b0C (29\u00b0C, com sensa\u00e7\u00e3o t\u00e9rmica apenas um grau menor). O c\u00e9u segue com nuvens e sem chance de precipita\u00e7\u00e3o.<\/p>\n\n\n\n<figure class=\"wp-block-image size-large\"><img decoding=\"async\" src=\"https:\/\/www.grandepremio.com\/br\/wp-content\/uploads\/2023\/10\/GPF1-1-1024x768.jpeg\" alt=\"\" class=\"wp-image-742175\"\/><figcaption class=\"wp-element-caption\">Austin, no Texas, sedia o GP dos Estados Unidos de F1 (Foto: Haas)<\/figcaption><\/figure>\n\n\n\n<p class=\"wp-block-paragraph\">Quanto aos ventos, aumentam para 17 km\/h de velocidade m\u00e9dia a sudeste e rajadas de at\u00e9 33 km\/h. A umidade relativa do ar baixa um pouco, chegando a 42%.<\/p>\n\n\n\n<p class=\"wp-block-paragraph\">As informa\u00e7\u00f5es s\u00e3o do servi\u00e7o de meteorologia <em>AccuWeather<\/em>. O <strong>Circuito das Am\u00e9ricas <\/strong>fica na cidade de Austin, capital do estado do <strong>Texas<\/strong>, ao sul dos Estados Unidos, e j\u00e1 recebeu a F\u00f3rmula 1 em 11 oportunidades desde 2012.<\/p>\n\n\n\n<p class=\"wp-block-paragraph\">O\u00a0<strong>GRANDE PR\u00caMIO<\/strong>\u00a0acompanha\u00a0<a href=\"https:\/\/www.grandepremio.com\/br\/ao-vivo\/f1\/\"><strong>AO VIVO e EM\u00a0<\/strong><\/a><a href=\"https:\/\/www.grandepremio.com\/br\/ao-vivo\/\"><\/a><strong><a href=\"https:\/\/www.grandepremio.com\/br\/ao-vivo\/\" target=\"_blank\" rel=\"noreferrer noopener\">TEMPO REAL<\/a><\/strong>\u00a0todas as atividades do\u00a0<strong>GP dos Estados Unidos, em Austin<\/strong>\u00a0e transmite sprint shootout, classifica\u00e7\u00e3o e corridas em segunda tela, em parceria com a Voz do Esporte, na\u00a0<a href=\"https:\/\/www.youtube.com\/c\/GrandePremioTV\/streams\"><strong>GPTV, o canal do GP no Youtube<\/strong><\/a>. Depois das atividades de cada dia, debate tudo o que aconteceu no Briefing. Na sexta-feira (18), o\u00a0<strong>treino livre<\/strong>\u00a0est\u00e1 marcado para as 14h30 (de Bras\u00edlia GMT-3). Depois, \u00e0s 18h30, acontece a\u00a0<strong>classifica\u00e7\u00e3o da sprint<\/strong>. No s\u00e1bado (19), a\u00a0<strong>prova curta\u00a0<\/strong>ser\u00e1 \u00e0s 15h, com a\u00a0<strong>classifica\u00e7\u00e3o<\/strong>\u00a0\u00e0s 19h. No\u00a0domingo (20)<strong>, a largada<\/strong>\u00a0est\u00e1 marcada para as 16h.<\/p>\n\n\n\n<p class=\"wp-block-paragraph\"><strong><img decoding=\"async\" src=\"https:\/\/a.slack-edge.com\/production-standard-emoji-assets\/14.0\/google-medium\/25b6-fe0f.png\" alt=\":seta_para_frente:\">\u00a0Inscreva-se nos dois canais do GRANDE PR\u00caMIO no YouTube:\u00a0<a href=\"https:\/\/www.youtube.com\/channel\/UC9OlHEgxoaY6QY6nWPoiqQg?sub_confirmation=1\" target=\"_blank\" rel=\"noreferrer noopener\">GP<\/a>\u00a0|\u00a0<a href=\"https:\/\/www.youtube.com\/channel\/UC9csiS6q_C3C0FYhyr1rnFA?sub_confirmation=1\" target=\"_blank\" rel=\"noreferrer noopener\">GP2<\/a><\/strong><br><strong><img decoding=\"async\" src=\"https:\/\/a.slack-edge.com\/production-standard-emoji-assets\/14.0\/google-medium\/25b6-fe0f.png\" alt=\":seta_para_frente:\">\u00a0LEIA TAMB\u00c9M: <a href=\"https:\/\/www.grandepremio.com\/br\/f1\/noticias\/red-bull-assume-artificio-muda-configuracao-assoalho-muda-carro-para-eua\/\">Red Bull assume uso de dispositivo que mexe em assoalho e muda carro no GP dos EUA<\/a><\/strong><\/p>\n\n\n\n<figure class=\"wp-block-embed is-type-video is-provider-youtube wp-block-embed-youtube wp-embed-aspect-16-9 wp-has-aspect-ratio\"><div class=\"wp-block-embed__wrapper\">\n<iframe loading=\"lazy\" title=\"F1 de VOLTA na GLOBO em 2025 (COM N\u00c3O AN\u00daNCIO) e PR\u00c9VIA do GP dos EUA | WGP\" width=\"500\" height=\"281\" src=\"https:\/\/www.youtube.com\/embed\/eD5dWasIfpw?feature=oembed\" frameborder=\"0\" allow=\"accelerometer; autoplay; clipboard-write; encrypted-media; gyroscope; picture-in-picture; web-share\" referrerpolicy=\"strict-origin-when-cross-origin\" allowfullscreen><\/iframe>\n<\/div><\/figure>\n","protected":false},"excerpt":{"rendered":"<p>A sexta-feira (18) da F\u00f3rmula 1 em Austin ser\u00e1 de tempo firme, sem previs\u00e3o de chuva e ventos fortes. Confira o que diz a meteorologia<\/p>\n","protected":false},"author":0,"featured_media":1000882019,"comment_status":"closed","ping_status":"closed","sticky":false,"template":"","format":"standard","meta":{"42wp_featured_image_caption":"","42wp_featured_image_credits":"","42wp_featured_video":"","42wp_featured_image_hidden":false,"42wp_authors_list":[],"footnotes":""},"categories":[2],"tags":[1982,26271,5273,896,1983,147,3230,180,30909,24977,2318,41331,1491,28285,30840,35129,25333,33301],"42wp_author":[47147],"class_list":["post-57952","post","type-post","status-publish","format-standard","has-post-thumbnail","hentry","category-f1","tag-austin","tag-calendario-f1","tag-classificacao-f1","tag-estados-unidos","tag-eua","tag-f1","tag-f1-2024","tag-formula-1","tag-formula-1-2024","tag-gp-dos-estados-unidos","tag-gp-dos-eua","tag-gp-dos-eua-f1","tag-grande-premio","tag-grandepremio","tag-horarios-f1","tag-onde-assistir-f1","tag-previsao-do-tempo","tag-temporada-2024-f1","42wp_author-luana-marino"],"_links":{"self":[{"href":"https:\/\/grandepremio.com\/br\/wp-json\/wp\/v2\/posts\/57952","targetHints":{"allow":["GET"]}}],"collection":[{"href":"https:\/\/grandepremio.com\/br\/wp-json\/wp\/v2\/posts"}],"about":[{"href":"https:\/\/grandepremio.com\/br\/wp-json\/wp\/v2\/types\/post"}],"replies":[{"embeddable":true,"href":"https:\/\/grandepremio.com\/br\/wp-json\/wp\/v2\/comments?post=57952"}],"version-history":[{"count":0,"href":"https:\/\/grandepremio.com\/br\/wp-json\/wp\/v2\/posts\/57952\/revisions"}],"wp:featuredmedia":[{"embeddable":true,"href":"https:\/\/grandepremio.com\/br\/wp-json\/wp\/v2\/media\/1000882019"}],"wp:attachment":[{"href":"https:\/\/grandepremio.com\/br\/wp-json\/wp\/v2\/media?parent=57952"}],"wp:term":[{"taxonomy":"category","embeddable":true,"href":"https:\/\/grandepremio.com\/br\/wp-json\/wp\/v2\/categories?post=57952"},{"taxonomy":"post_tag","embeddable":true,"href":"https:\/\/grandepremio.com\/br\/wp-json\/wp\/v2\/tags?post=57952"},{"taxonomy":"42wp_author","embeddable":true,"href":"https:\/\/grandepremio.com\/br\/wp-json\/wp\/v2\/42wp_author?post=57952"}],"curies":[{"name":"wp","href":"https:\/\/api.w.org\/{rel}","templated":true}]}}