{"id":57972,"date":"2024-10-18T04:44:22","date_gmt":"2024-10-18T07:44:22","guid":{"rendered":"https:\/\/grandepremio.com\/br\/noticias\/porsche-anuncia-gabriela-jilkova-marta-garcia-atividade-exclusiva-pilotas-formula-e\/"},"modified":"2024-10-18T04:47:48","modified_gmt":"2024-10-18T07:47:48","slug":"porsche-anuncia-gabriela-jilkova-marta-garcia-atividade-exclusiva-pilotas-formula-e","status":"publish","type":"post","link":"https:\/\/grandepremio.com\/br\/formula-e\/porsche-anuncia-gabriela-jilkova-marta-garcia-atividade-exclusiva-pilotas-formula-e\/","title":{"rendered":"Porsche anuncia J\u00edlkov\u00e1 e Garc\u00eda para atividade exclusiva de pilotas na F\u00f3rmula E"},"content":{"rendered":"\n<p class=\"wp-block-paragraph\">A\u00a0<strong>Porsche\u00a0<\/strong>anunciou na manh\u00e3 desta sexta-feira (17) as pilotas que v\u00e3o participar da atividade dedicada exclusivamente a mulheres na pr\u00e9-temporada da\u00a0<strong><a href=\"https:\/\/www.grandepremio.com\/br\/formula-e\/\" target=\"_blank\" rel=\"noreferrer noopener\">F\u00f3rmula E<\/a><\/strong>, em\u00a0<strong>Val\u00eancia<\/strong>, na\u00a0<strong><a href=\"https:\/\/es.grandepremio.com\/\" target=\"_blank\" rel=\"noreferrer noopener\">Espanha<\/a><\/strong>. O time alem\u00e3o escalou a tcheca <strong>Gabriela J\u00edlkov\u00e1<\/strong> e a espanhola <strong>Marta Garc\u00eda<\/strong> para a atividade em solo espanhol. Ambas j\u00e1 possuem experi\u00eancia na categoria e v\u00e3o ajudar a equipe a coletar dados importantes sobre o <strong>Gen3 Evo<\/strong>, carro que ser\u00e1 usado na temporada 2024\/25 da categoria.<\/p>\n\n\n\n<p class=\"wp-block-paragraph\">J\u00edlkov\u00e1, de 29 anos, j\u00e1 \u00e9 pilota de desenvolvimento da equipe e ter\u00e1 a companhia de Garc\u00eda, que compete na <strong>FRECA<\/strong> e faz parte da <strong>Iron Dames<\/strong>, projeto criado para desenvolver mulheres no esporte a motor, desde abril.<\/p>\n\n\n\n<p class=\"wp-block-paragraph\">\u201cEstou muito feliz por poder dirigir o <strong>Porsche 99X Electric<\/strong> novamente\u201d, disse a tcheca. \u201c\u00c9 sempre uma honra representar a equipe de trabalho da Porsche. Estou animada para ver o desempenho do novo carro. Nem \u00e9 preciso dizer que tamb\u00e9m estou satisfeita por fazer parte das primeiras sess\u00f5es de teste da F\u00f3rmula E especificamente para mulheres&#8221;, completou J\u00edlkov\u00e1, que tamb\u00e9m testou o <strong>Gen3<\/strong> no ano passado, em Val\u00eancia. <\/p>\n\n\n\n<p class=\"wp-block-paragraph\">Al\u00e9m do trabalho na categoria dos carros el\u00e9tricos, J\u00edlkov\u00e1 tamb\u00e9m tem experi\u00eancia em corridas de GT e de prot\u00f3tipos. J\u00e1 Garc\u00eda, de 24 anos, assumiu o volante de um carro da F\u00f3rmula E pela primeira vez em maio deste ano, no teste de novatos, em <strong>Berlim<\/strong>, pela <strong>ERT<\/strong>. A pilota tamb\u00e9m foi\u00a0<a href=\"https:\/\/www.grandepremio.com\/br\/freca\/noticias\/marta-garcia-colhe-fruto-titulo-f1-academy-avanca-freca-prema-2024\/\" target=\"_blank\" rel=\"noreferrer noopener\">campe\u00e3 da primeira edi\u00e7\u00e3o<\/a>\u00a0da\u00a0<strong>F1 Academy<\/strong>.<\/p>\n\n\n\n<figure class=\"wp-block-image size-large\"><img decoding=\"async\" src=\"https:\/\/www.grandepremio.com\/br\/wp-content\/uploads\/2024\/10\/M24_6410_a3_rgb-1200x801.jpg\" alt=\"\" class=\"wp-image-881826\"\/><figcaption class=\"wp-element-caption\">Marta Garc\u00eda (Foto: Iron Dames)<\/figcaption><\/figure>\n\n\n\n<p class=\"wp-block-paragraph\">\u201cEstou muito animada por fazer parte dos testes da F\u00f3rmula E para pilotas. E estou ainda mais feliz por estar envolvida nisso com a Porsche. Eles s\u00e3o uma das melhores equipes da categoria e estou realmente ansiosa para aprender com eles. Sou grata \u00e0 Porsche e \u00e0 Iron Dames por essa oportunidade. Mal posso esperar para pilotar o carro\u201d, disse a espanhola.<\/p>\n\n\n\n<p class=\"wp-block-paragraph\"><strong>Florian Modlinger<\/strong>, chefe da Porsche na F\u00f3rmula E, elogiou a Iron Dames e valorizou as pilotas escolhidas para o teste exclusivo. \u201cNa Porsche, acreditamos firmemente que equipes diversificadas s\u00e3o mais bem-sucedidas. Nesse sentido, estamos muito felizes em apoiar a iniciativa da F\u00f3rmula E. Estamos muito satisfeitos por ter Gabriela a bordo novamente e gostar\u00edamos de dar as boas-vindas \u00e0 Marta. A Iron Dames \u00e9 uma das maiores incentivadoras das mulheres no automobilismo&#8221;, disse o dirigente.<\/p>\n\n\n\n<p class=\"wp-block-paragraph\">&#8220;Nossos preparativos para a pr\u00e9-temporada s\u00f3 podem se beneficiar com as experi\u00eancias adicionais dessas duas pilotas. Ao mesmo tempo, queremos garantir que Gabriela e Marta aproveitem ao m\u00e1ximo essa oportunidade\u201d, concluiu.<\/p>\n\n\n\n<figure class=\"wp-block-image size-large\"><img decoding=\"async\" src=\"https:\/\/www.grandepremio.com\/br\/wp-content\/uploads\/2024\/10\/M24_4202_fine-1200x800.jpg\" alt=\"\" class=\"wp-image-881822\"\/><figcaption class=\"wp-element-caption\">Florian Modlinge (Foto: Porsche)<\/figcaption><\/figure>\n\n\n\n<p class=\"wp-block-paragraph\">Com isso, a Porsche se junta a <strong>Maserati<\/strong>,&nbsp;<strong>Andretti<\/strong>,&nbsp;<strong>Envision&nbsp;<\/strong>e&nbsp;<strong>McLaren&nbsp;<\/strong>como as equipes que j\u00e1 confirmaram as pilotas que ir\u00e3o para a pista em solo espanhol.<\/p>\n\n\n\n<p class=\"wp-block-paragraph\">A&nbsp;<a href=\"https:\/\/www.grandepremio.com\/br\/formula-e\/\" target=\"_blank\" rel=\"noreferrer noopener\"><\/a><a href=\"https:\/\/www.grandepremio.com\/br\/formula-e\/\" target=\"_blank\" rel=\"noreferrer noopener\">F\u00f3rmula E<\/a>&nbsp;retorna com atividades de pista somente entre os dias&nbsp;<strong>4 e 7 de novembro<\/strong>, com a pr\u00e9-temporada na pista de&nbsp;<strong>Val\u00eancia<\/strong>, que ter\u00e1 cobertura&nbsp;<strong>IN LOCO<\/strong>&nbsp;do&nbsp;<strong>GRANDE PR\u00caMIO<\/strong>, diretamente da&nbsp;<strong>Espanha<\/strong>. A temporada 2024\/25 come\u00e7a aqui no Brasil, com o&nbsp;<strong>eP de&nbsp;<a href=\"https:\/\/www.grandepremio.com\/br\/circuito\/sao-paulo\/\" target=\"_blank\" rel=\"noreferrer noopener\"><\/a><a href=\"https:\/\/www.grandepremio.com\/br\/circuito\/sao-paulo\/\" target=\"_blank\" rel=\"noreferrer noopener\"><\/a><a href=\"https:\/\/www.grandepremio.com\/br\/circuito\/sao-paulo\/\" target=\"_blank\" rel=\"noreferrer noopener\"><\/a><a href=\"https:\/\/www.grandepremio.com\/br\/circuito\/sao-paulo\/\" target=\"_blank\" rel=\"noreferrer noopener\"><\/a><a href=\"https:\/\/www.grandepremio.com\/br\/circuito\/sao-paulo\/\" target=\"_blank\" rel=\"noreferrer noopener\"><\/a><a href=\"https:\/\/www.grandepremio.com\/br\/circuito\/sao-paulo\/\" target=\"_blank\" rel=\"noreferrer noopener\"><\/a><a href=\"https:\/\/www.grandepremio.com\/br\/circuito\/sao-paulo\/\" target=\"_blank\" rel=\"noreferrer noopener\"><\/a><a href=\"https:\/\/www.grandepremio.com\/br\/circuito\/sao-paulo\/\" target=\"_blank\" rel=\"noreferrer noopener\"><\/a><a href=\"https:\/\/www.grandepremio.com\/br\/circuito\/sao-paulo\/\" target=\"_blank\" rel=\"noreferrer noopener\"><\/a><a href=\"https:\/\/www.grandepremio.com\/br\/circuito\/sao-paulo\/\" target=\"_blank\" rel=\"noreferrer noopener\"><\/a><a href=\"https:\/\/www.grandepremio.com\/br\/circuito\/sao-paulo\/\" target=\"_blank\" rel=\"noreferrer noopener\"><\/a><a href=\"https:\/\/www.grandepremio.com\/br\/circuito\/sao-paulo\/\" target=\"_blank\" rel=\"noreferrer noopener\"><\/a><a href=\"https:\/\/www.grandepremio.com\/br\/circuito\/sao-paulo\/\" target=\"_blank\" rel=\"noreferrer noopener\"><\/a><a href=\"https:\/\/www.grandepremio.com\/br\/circuito\/sao-paulo\/\" target=\"_blank\" rel=\"noreferrer noopener\"><\/a><a href=\"https:\/\/www.grandepremio.com\/br\/circuito\/sao-paulo\/\" target=\"_blank\" rel=\"noreferrer noopener\"><\/a><a href=\"https:\/\/www.grandepremio.com\/br\/circuito\/sao-paulo\/\" target=\"_blank\" rel=\"noreferrer noopener\"><\/a><a href=\"https:\/\/www.grandepremio.com\/br\/circuito\/sao-paulo\/\" target=\"_blank\" rel=\"noreferrer noopener\"><\/a><a href=\"https:\/\/www.grandepremio.com\/br\/circuito\/sao-paulo\/\" target=\"_blank\" rel=\"noreferrer noopener\"><\/a><a href=\"https:\/\/www.grandepremio.com\/br\/circuito\/sao-paulo\/\" target=\"_blank\" rel=\"noreferrer noopener\"><\/a><a href=\"https:\/\/www.grandepremio.com\/br\/circuito\/sao-paulo\/\" target=\"_blank\" rel=\"noreferrer noopener\"><\/a><a href=\"https:\/\/www.grandepremio.com\/br\/circuito\/sao-paulo\/\" target=\"_blank\" rel=\"noreferrer noopener\"><\/a><a href=\"https:\/\/www.grandepremio.com\/br\/circuito\/sao-paulo\/\" target=\"_blank\" rel=\"noreferrer noopener\"><\/a><a href=\"https:\/\/www.grandepremio.com\/br\/circuito\/sao-paulo\/\" target=\"_blank\" rel=\"noreferrer noopener\"><\/a><a href=\"https:\/\/www.grandepremio.com\/br\/circuito\/sao-paulo\/\" target=\"_blank\" rel=\"noreferrer noopener\"><\/a><a href=\"https:\/\/www.grandepremio.com\/br\/circuito\/sao-paulo\/\" target=\"_blank\" rel=\"noreferrer noopener\"><\/a><a href=\"https:\/\/www.grandepremio.com\/br\/circuito\/sao-paulo\/\" target=\"_blank\" rel=\"noreferrer noopener\"><\/a><a href=\"https:\/\/www.grandepremio.com\/br\/circuito\/sao-paulo\/\" target=\"_blank\" rel=\"noreferrer noopener\"><\/a><a href=\"https:\/\/www.grandepremio.com\/br\/circuito\/sao-paulo\/\" target=\"_blank\" rel=\"noreferrer noopener\"><\/a><a href=\"https:\/\/www.grandepremio.com\/br\/circuito\/sao-paulo\/\" target=\"_blank\" rel=\"noreferrer noopener\"><\/a><a href=\"https:\/\/www.grandepremio.com\/br\/circuito\/sao-paulo\/\" target=\"_blank\" rel=\"noreferrer noopener\"><\/a><a href=\"https:\/\/www.grandepremio.com\/br\/circuito\/sao-paulo\/\" target=\"_blank\" rel=\"noreferrer noopener\"><\/a><a href=\"https:\/\/www.grandepremio.com\/br\/circuito\/sao-paulo\/\" target=\"_blank\" rel=\"noreferrer noopener\"><\/a><a href=\"https:\/\/www.grandepremio.com\/br\/circuito\/sao-paulo\/\" target=\"_blank\" rel=\"noreferrer noopener\">S\u00e3o Paulo<\/a>, marcado para o fim de semana do dia 7 de dezembro<\/strong>.<\/p>\n\n\n\n<p class=\"wp-block-paragraph\"><strong><img decoding=\"async\" src=\"https:\/\/a.slack-edge.com\/production-standard-emoji-assets\/14.0\/google-medium\/25b6-fe0f.png\" alt=\":seta_para_frente:\">&nbsp;Inscreva-se nos dois canais do GRANDE PR\u00caMIO no YouTube:&nbsp;<a href=\"https:\/\/www.youtube.com\/channel\/UC9OlHEgxoaY6QY6nWPoiqQg?sub_confirmation=1\" target=\"_blank\" rel=\"noreferrer noopener\">GP<\/a>&nbsp;|&nbsp;<a href=\"https:\/\/www.youtube.com\/channel\/UC9csiS6q_C3C0FYhyr1rnFA?sub_confirmation=1\" target=\"_blank\" rel=\"noreferrer noopener\">GP2<\/a><\/strong><\/p>\n\n\n\n<h2 class=\"wp-block-heading\" id=\"h-formula-e-2024-25-confirmadas-no-teste-de-pilotas-em-valencia\">F\u00f3rmula E 2024\/25, Confirmadas no Teste de Pilotas em Val\u00eancia:<\/h2>\n\n\n\n<figure class=\"wp-block-table\"><table><tbody><tr><td>ABT<\/td><td>\u2014<\/td><td>\u2014<\/td><\/tr><tr><td>ANDRETTI<\/td><td>Chloe Chambers<\/td><td>Nerea Mart\u00ed<\/td><\/tr><tr><td>DS PENSKE<\/td><td>\u2014<\/td><td>\u2014<\/td><\/tr><tr><td>ENVISION<\/td><td>Alice Powell<\/td><td>Alisha Palmowski<\/td><\/tr><tr><td>JAGUAR<\/td><td>\u2014<\/td><td>\u2014<\/td><\/tr><tr><td>KIRO<\/td><td>\u2014<\/td><td>\u2014<\/td><\/tr><tr><td>MAHINDRA<\/td><td>\u2014<\/td><td>\u2014<\/td><\/tr><tr><td>MASERATI<\/td><td>Tatiana Calder\u00f3n<\/td><td>Carrie Schreiner<\/td><\/tr><tr><td>McLAREN<\/td><td>Bianca Bustamante<\/td><td>Ella Lloyd<\/td><\/tr><tr><td>NISSAN<\/td><td>\u2014<\/td><td>\u2014<\/td><\/tr><tr><td>PORSCHE<\/td><td>Gabriela Jilkov\u00e1 <\/td><td>Marta Garc\u00eda<\/td><\/tr><\/tbody><\/table><\/figure>\n\n\n\n<figure class=\"wp-block-embed is-type-video is-provider-youtube wp-block-embed-youtube wp-embed-aspect-16-9 wp-has-aspect-ratio\"><div class=\"wp-block-embed__wrapper\">\n<iframe loading=\"lazy\" title=\"SEM LUGAR NO GRID? O futuro de S\u00c9RGIO SETTE C\u00c2MARA no automobilismo | GP \u00e0s 10\" width=\"500\" height=\"281\" src=\"https:\/\/www.youtube.com\/embed\/cZ0TbHOcPes?start=11&amp;feature=oembed\" frameborder=\"0\" allow=\"accelerometer; autoplay; clipboard-write; encrypted-media; gyroscope; picture-in-picture; web-share\" referrerpolicy=\"strict-origin-when-cross-origin\" allowfullscreen><\/iframe>\n<\/div><\/figure>\n","protected":false},"excerpt":{"rendered":"<p>Gabriela J\u00edlkov\u00e1 e Marta Garc\u00eda j\u00e1 possuem experi\u00eancia na F\u00f3rmula E e v\u00e3o participar de teste exclusivo com o Gen3 Evo da Porsche, em Val\u00eancia<\/p>\n","protected":false},"author":0,"featured_media":1000881825,"comment_status":"closed","ping_status":"closed","sticky":false,"template":"","format":"standard","meta":{"42wp_featured_image_caption":"","42wp_featured_image_credits":"","42wp_featured_video":"","42wp_featured_image_hidden":false,"42wp_authors_list":[],"footnotes":""},"categories":[19],"tags":[28679,6853,840,35967,1491,28285,35442,25446,36219,736,37653,2716],"42wp_author":[47161],"class_list":["post-57972","post","type-post","status-publish","format-standard","has-post-thumbnail","hentry","category-formula-e","tag-calendario-formula-e","tag-classificacao-formula-e","tag-formula-e","tag-formula-e-2024","tag-grande-premio","tag-grandepremio","tag-horarios-formula-e","tag-marta-garcia","tag-onde-assistir-formula-e","tag-porsche","tag-temporada-2024-da-formula-e","tag-valencia","42wp_author-kaio-esteves"],"_links":{"self":[{"href":"https:\/\/grandepremio.com\/br\/wp-json\/wp\/v2\/posts\/57972","targetHints":{"allow":["GET"]}}],"collection":[{"href":"https:\/\/grandepremio.com\/br\/wp-json\/wp\/v2\/posts"}],"about":[{"href":"https:\/\/grandepremio.com\/br\/wp-json\/wp\/v2\/types\/post"}],"replies":[{"embeddable":true,"href":"https:\/\/grandepremio.com\/br\/wp-json\/wp\/v2\/comments?post=57972"}],"version-history":[{"count":0,"href":"https:\/\/grandepremio.com\/br\/wp-json\/wp\/v2\/posts\/57972\/revisions"}],"wp:featuredmedia":[{"embeddable":true,"href":"https:\/\/grandepremio.com\/br\/wp-json\/wp\/v2\/media\/1000881825"}],"wp:attachment":[{"href":"https:\/\/grandepremio.com\/br\/wp-json\/wp\/v2\/media?parent=57972"}],"wp:term":[{"taxonomy":"category","embeddable":true,"href":"https:\/\/grandepremio.com\/br\/wp-json\/wp\/v2\/categories?post=57972"},{"taxonomy":"post_tag","embeddable":true,"href":"https:\/\/grandepremio.com\/br\/wp-json\/wp\/v2\/tags?post=57972"},{"taxonomy":"42wp_author","embeddable":true,"href":"https:\/\/grandepremio.com\/br\/wp-json\/wp\/v2\/42wp_author?post=57972"}],"curies":[{"name":"wp","href":"https:\/\/api.w.org\/{rel}","templated":true}]}}