{"id":58030,"date":"2024-10-17T20:01:42","date_gmt":"2024-10-17T23:01:42","guid":{"rendered":"https:\/\/grandepremio.com\/br\/noticias\/max-verstappen-desdenha-alteracao-imposta-fia-carro-red-bull-estou-tranquilo\/"},"modified":"2024-10-17T20:56:07","modified_gmt":"2024-10-17T23:56:07","slug":"max-verstappen-desdenha-alteracao-imposta-fia-carro-red-bull-estou-tranquilo","status":"publish","type":"post","link":"https:\/\/grandepremio.com\/br\/f1\/max-verstappen-desdenha-alteracao-imposta-fia-carro-red-bull-estou-tranquilo\/","title":{"rendered":"Verstappen desdenha altera\u00e7\u00e3o imposta pela FIA em carro da Red Bull: &#8220;Estou tranquilo&#8221;"},"content":{"rendered":"\n<p class=\"wp-block-paragraph\">L\u00edder do Mundial e na busca pelo quarto t\u00edtulo, <strong>Max Verstappen <\/strong>deu de ombros para a altera\u00e7\u00e3o que a <strong>Red Bull <\/strong>foi obrigada a fazer no RB20 antes do <strong>GP dos Estados Unidos.<\/strong> A <strong>FIA <\/strong>for\u00e7ou a equipe a remover um dispositivo que altera o assoalho do carro durante o regime de parque fechado, que acontece entre s\u00e1bado e domingo.<\/p>\n\n\n\n<p class=\"wp-block-paragraph\">No in\u00edcio desta quinta-feira (17), a revista inglesa\u00a0<em>Autosport<\/em>\u00a0trouxe a informa\u00e7\u00e3o de que uma esquadra espec\u00edfica<a href=\"https:\/\/www.grandepremio.com\/br\/f1\/noticias\/fia-reage-acabar-truque-muda-configuracao-assoalho-parque-fechado\/\">\u00a0encontrou um meio de ajustar o \u00e2ngulo da chamada \u2018<em>front bib<\/em>\u2018 ou \u2018<em>T-Tray<\/em>\u2018<\/a>\u00a0\u2014 \u2018bandeja T\u2019, em tradu\u00e7\u00e3o livre, um suporte vertical localizado na parte frontal do carro, perto da suspens\u00e3o dianteira, que cria um v\u00e3o entre o final do bico e o in\u00edcio do assoalho. O resultado disso \u00e9 uma melhora significativa dos requisitos relacionados \u00e0 altura do carro em volta r\u00e1pida (com o tanque vazio) e na corrida (mais pesado por conta do combust\u00edvel).<\/p>\n\n\n\n<p class=\"wp-block-paragraph\">&#8220;N\u00e3o estou preocupado. Quero me divertir e fazer o melhor que eu posso. Toda corrida \u00e9 importante e naturalmente esta \u00e9 uma muito importante, e queremos ir bem. Vamos ver como ser\u00e1 com as atualiza\u00e7\u00f5es e o que ela faz no carro. E existem muitas mudan\u00e7as na pista com o asfalto, ent\u00e3o precisamos entender isso&#8221;, afirmou Verstappen em entrevista \u00e0 emissora Sky Sports.<\/p>\n\n\n\n<figure class=\"wp-block-image size-large\"><img decoding=\"async\" src=\"https:\/\/www.grandepremio.com\/br\/wp-content\/uploads\/2024\/09\/SI202409210457-1200x817.jpg\" alt=\"F1 2024, GP DE SINGAPURA, MARINA BAY, S\u00c1BADO, CLASSIFICA\u00c7\u00c3O, GRID, MAX VERSTAPPEN, LANDO NORRIS, RED BULL CONTENT POOL\" class=\"wp-image-872008\"\/><figcaption class=\"wp-element-caption\">Max Verstappen segura Lando Norris? (Foto: Rudy Carezzevoli\/Getty Images\/Red Bull Content Pool)<\/figcaption><\/figure>\n\n\n\n<p class=\"wp-block-paragraph\">Algumas horas depois,\u00a0<strong>Erik van Haren<\/strong>, jornalista do\u00a0<em>De Telegraaf<\/em>, trouxe a informa\u00e7\u00e3o de que \u201cv\u00e1rias equipes\u201d entraram em contato com a FIA para alert\u00e1-la sobre a manobra dos taurinos. Fontes de dentro do paddock tamb\u00e9m informaram ao neerland\u00eas que as suspeitas surgiram durante o fim de semana do\u00a0<strong>GP de Singapura<\/strong>, no m\u00eas passado. Ao ter acesso aos documentos que s\u00e3o entregues ao \u00f3rg\u00e3o dirigente e que ficam disponibilizados para todas as escuderias, as rivais ent\u00e3o entenderam que havia algo possivelmente errado.<\/p>\n\n\n\n<p class=\"wp-block-paragraph\">Verstappen minimizou o fato da remo\u00e7\u00e3o do dispositivo. O neerland\u00eas n\u00e3o vence uma corrida deste o GP da Espanha, mas ainda mant\u00e9m uma lideran\u00e7a de 52 pontos em cima do brit\u00e2nico <strong>Lando Norris<\/strong>, da <strong>McLaren<\/strong>. O tricampe\u00e3o mundial garantiu que est\u00e1 tranquilo ap\u00f3s a altera\u00e7\u00e3o. &#8220;Sobre a bandeja: do meu lado, nada muda. Ent\u00e3o, est\u00e1 tudo bem&#8221;, completou.<\/p>\n\n\n\n<p class=\"wp-block-paragraph\">Norris, por sua vez, foi questionado sobre o assunto, mas disse que \u00a0n\u00e3o acredita que a mudan\u00e7a imposta pela\u00a0<strong>Federa\u00e7\u00e3o Internacional de Automobilismo<\/strong>\u00a0(<strong>FIA<\/strong>) ao carro da\u00a0<strong>Red Bull<\/strong>\u00a0v\u00e1 fazer tanta diferen\u00e7a assim no desempenho dos taurinos.<\/p>\n\n\n\n<p class=\"wp-block-paragraph\">\u201cUma coisa \u00e9 ter o dispositivo no carro, outra \u00e9 saber se eles est\u00e3o o utilizando, se est\u00e3o sendo ajudados da maneira que as pessoas pensam que est\u00e3o \u2014 ent\u00e3o, talvez, precisemos falar sobre isso\u201d, come\u00e7ou. \u201cMas quando falamos sobre coisas assim, eles n\u00e3o v\u00e3o conquistar v\u00e1rias pole-positions ou vit\u00f3rias apenas por causa desse dispositivo. Ent\u00e3o, n\u00e3o acho que isso realmente mude algo no esquema das coisas\u201d, acrescentou.<\/p>\n","protected":false},"excerpt":{"rendered":"<p>Max Verstappen manteve o otimismo pelas melhorias da Red Bull e minimizou a remo\u00e7\u00e3o de um dispositivo que alterava o assoalho do RB20 em regime de parque fechado<\/p>\n","protected":false},"author":0,"featured_media":1000871619,"comment_status":"closed","ping_status":"closed","sticky":false,"template":"","format":"standard","meta":{"42wp_featured_image_caption":"","42wp_featured_image_credits":"","42wp_featured_video":"","42wp_featured_image_hidden":false,"42wp_authors_list":[],"footnotes":""},"categories":[2],"tags":[309,1982,12757,5660,32996,969,5921,2614,147,3230,642,160,180,30909,24977,2318,1491,30103,28285,2306,547,203,510,210,34066,3132,35345,2610,2498,2052,2048,2036,33981],"42wp_author":[47119],"class_list":["post-58030","post","type-post","status-publish","format-standard","has-post-thumbnail","hentry","category-f1","tag-aston-martin","tag-austin","tag-circuito-das-americas","tag-classificacao","tag-classificacao-sprint","tag-corrida","tag-corrida-sprint","tag-cota","tag-f1","tag-f1-2024","tag-f1-ao-vivo","tag-f1-tv","tag-formula-1","tag-formula-1-2024","tag-gp-dos-estados-unidos","tag-gp-dos-eua","tag-grande-premio","tag-grande-premio-f1","tag-grandepremio","tag-grid-de-largada","tag-lando-norris","tag-max-verstappen","tag-pole","tag-sebastian-vettel","tag-segunda-tela","tag-sergio-perez","tag-temporada-2024","tag-texas","tag-titulo","tag-treino-livre-1","tag-treino-livre-2","tag-treinos-livres","tag-voz-do-esporte","42wp_author-gabriel-carvalho"],"_links":{"self":[{"href":"https:\/\/grandepremio.com\/br\/wp-json\/wp\/v2\/posts\/58030","targetHints":{"allow":["GET"]}}],"collection":[{"href":"https:\/\/grandepremio.com\/br\/wp-json\/wp\/v2\/posts"}],"about":[{"href":"https:\/\/grandepremio.com\/br\/wp-json\/wp\/v2\/types\/post"}],"replies":[{"embeddable":true,"href":"https:\/\/grandepremio.com\/br\/wp-json\/wp\/v2\/comments?post=58030"}],"version-history":[{"count":0,"href":"https:\/\/grandepremio.com\/br\/wp-json\/wp\/v2\/posts\/58030\/revisions"}],"wp:featuredmedia":[{"embeddable":true,"href":"https:\/\/grandepremio.com\/br\/wp-json\/wp\/v2\/media\/1000871619"}],"wp:attachment":[{"href":"https:\/\/grandepremio.com\/br\/wp-json\/wp\/v2\/media?parent=58030"}],"wp:term":[{"taxonomy":"category","embeddable":true,"href":"https:\/\/grandepremio.com\/br\/wp-json\/wp\/v2\/categories?post=58030"},{"taxonomy":"post_tag","embeddable":true,"href":"https:\/\/grandepremio.com\/br\/wp-json\/wp\/v2\/tags?post=58030"},{"taxonomy":"42wp_author","embeddable":true,"href":"https:\/\/grandepremio.com\/br\/wp-json\/wp\/v2\/42wp_author?post=58030"}],"curies":[{"name":"wp","href":"https:\/\/api.w.org\/{rel}","templated":true}]}}