{"id":58124,"date":"2024-10-17T11:42:20","date_gmt":"2024-10-17T14:42:20","guid":{"rendered":"https:\/\/grandepremio.com\/br\/noticias\/maserati-confirma-tatiana-calderon-carrie-schreiner-teste-formula-e-pilotas-valencia\/"},"modified":"2024-10-17T13:26:06","modified_gmt":"2024-10-17T16:26:06","slug":"maserati-confirma-tatiana-calderon-carrie-schreiner-teste-formula-e-pilotas-valencia","status":"publish","type":"post","link":"https:\/\/grandepremio.com\/br\/formula-e\/maserati-confirma-tatiana-calderon-carrie-schreiner-teste-formula-e-pilotas-valencia\/","title":{"rendered":"Maserati confirma Calder\u00f3n e Schreiner em teste da F\u00f3rmula E para pilotas em Val\u00eancia"},"content":{"rendered":"\n<p class=\"wp-block-paragraph\">A <strong>Maserati <\/strong>confirmou nesta quinta-feira (17) a escala\u00e7\u00e3o de pilotas para o teste da <strong>F\u00f3rmula E<\/strong> <a href=\"https:\/\/www.grandepremio.com\/br\/formula-e\/noticias\/formula-e-programa-atividade-especifica-pilotas-pre-temporada-valencia\/\">exclusivo para mulheres<\/a> no pr\u00f3ximo dia 7 de novembro. A colombiana <strong>Tatiana Calder\u00f3n<\/strong> estar\u00e1 ao lado da alem\u00e3 <strong>Carrie Schreiner<\/strong> na sess\u00e3o a ser realizada no <strong>Circuito Ricardo<\/strong> <strong>Tormo<\/strong>, em <strong>Val\u00eancia<\/strong>, na <strong>Espanha<\/strong>.&nbsp;<\/p>\n\n\n\n<p class=\"wp-block-paragraph\">Calder\u00f3n \u00e9 um nome j\u00e1 estabelecido no automobilismo, tendo experi\u00eancia com monopostos na <strong>Indy<\/strong>, <strong>F\u00f3rmula 2<\/strong>, <strong>GP3 <\/strong>e <strong>Super F\u00f3rmula<\/strong>. Al\u00e9m disso, a colombiana compete atualmente com a <strong>Gradient Racing<\/strong> no <strong>IMSA SportsCar<\/strong> e j\u00e1 participou do <strong>Mundial de Endurance (WEC)<\/strong> com a <strong>Richard Mille Racing<\/strong>.&nbsp;<\/p>\n\n\n\n<p class=\"wp-block-paragraph\">\u201cEstou muito animada para me juntar \u00e0 Maserati e j\u00e1 estou gostando de trabalhar com algumas pessoas bem conhecidas com quem j\u00e1 trabalhei antes. Dirigi o carro <strong>GEN2<\/strong>, mas o <strong>GEN3 EVO<\/strong> \u00e9 uma experi\u00eancia muito diferente. O tempo de teste na F\u00f3rmula E \u00e9 t\u00e3o limitado que cada sess\u00e3o tem uma import\u00e2ncia cr\u00edtica, ent\u00e3o quero fazer o melhor poss\u00edvel para a equipe em Val\u00eancia e ajud\u00e1-los a se preparar para a temporada que vem. Com um olho no futuro, tamb\u00e9m quero aproveitar ao m\u00e1ximo essa oportunidade para mostrar \u00e0 equipe do que sou capaz\u201d, disse Calder\u00f3n.<\/p>\n\n\n\n<p class=\"wp-block-paragraph\">Do outro lado estar\u00e1 Schreiner, pilota da <strong>Campos <\/strong>na <strong>F1 Academy<\/strong>. Em monopostos, a alem\u00e3 tamb\u00e9m tem experi\u00eancia na <strong>F\u00f3rmula 4 Inglesa<\/strong> e<strong> F\u00f3rmula 4 Alem\u00e3<\/strong>, mas teve maior destaque em categorias de <strong>GT<\/strong> e chegou a competir nas <strong>24 Horas de N\u00fcrburgring<\/strong>.&nbsp;<\/p>\n\n\n\n<figure class=\"wp-block-image size-large\"><img decoding=\"async\" src=\"https:\/\/www.grandepremio.com\/br\/wp-content\/uploads\/2023\/11\/sao-paulo-2023-f1-quinta-feira-tatiana-calderon-01-1024x683.jpg\" alt=\"\" class=\"wp-image-748902\"\/><figcaption class=\"wp-element-caption\">Tatiana Calder\u00f3n volta a guiar um carro da F\u00f3rmula E em testes de Val\u00eancia (Foto: Rodrigo Berton\/Warm Up)<\/figcaption><\/figure>\n\n\n\n<p class=\"wp-block-paragraph\">\u201cEsse teste \u00e9 uma oportunidade importante para as pilotas ganharem visibilidade na F\u00f3rmula E e estou orgulhosa de ter sido selecionada pela Maserati para participar do teste em Val\u00eancia. Pilotar um carro de F\u00f3rmula E \u00e9 uma experi\u00eancia \u00fanica e desafiadora. O carro se comporta de maneira diferente de qualquer outro e, para aproveitar ao m\u00e1ximo o teste, preciso me adaptar e me preparar da melhor forma poss\u00edvel. Ap\u00f3s um ajuste de assento bem-sucedido e uma intensa sess\u00e3o de simula\u00e7\u00e3o, sinto-me pronta para o grande dia e estou ansiosa para mostrar \u00e0 equipe do que sou capaz\u201d, afirmou Schreiner.&nbsp;<\/p>\n\n\n\n<p class=\"wp-block-paragraph\">Tanto Calder\u00f3n quanto Schreiner j\u00e1 t\u00eam experi\u00eancia na F\u00f3rmula E, tendo representado a <strong>DS Techeetah <\/strong>e a <strong>HWA Racelab<\/strong>, respectivamente, durante teste realizado no Circuito de Rua de Riyadh, na Ar\u00e1bia Saudita, em 2018.<\/p>\n\n\n\n<p class=\"wp-block-paragraph\">Com isso, a Maserati se junta a <strong>Andretti<\/strong>, <strong>Envision <\/strong>e <strong>McLaren <\/strong>como as equipes que j\u00e1 confirmaram as pilotas que ir\u00e3o para a pista em Val\u00eancia.&nbsp;<\/p>\n\n\n\n<p class=\"wp-block-paragraph\">A <a href=\"https:\/\/www.grandepremio.com\/br\/formula-e\/noticias\/andretti-chloe-chambers-nerea-marti-atividade-exclusiva-pilotas-formula-e\/\">Andretti <\/a>ter\u00e1 <strong>Chloe Chambers<\/strong> e <strong>Nerea Marti<\/strong>, a <a href=\"https:\/\/www.grandepremio.com\/br\/formula-e\/noticias\/envision-escala-alisha-palmowski-alice-powell-para-teste-pilotas-formula-e-valencia\/\">Envision <\/a>vai com <strong>Alisha Palmowski<\/strong> e <strong>Alice Powell <\/strong>e a <a href=\"https:\/\/www.grandepremio.com\/br\/formula-e\/noticias\/mclaren-fecha-dupla-anuncia-bianca-bustamante-teste-pilotas-formula-e-valencia\/\">McLaren <\/a>j\u00e1 confirmou <strong>Bianca Bustamante<\/strong> e <strong>Ella Lloyd<\/strong> para os testes.<\/p>\n\n\n\n<p class=\"wp-block-paragraph\"><strong><img decoding=\"async\" src=\"https:\/\/a.slack-edge.com\/production-standard-emoji-assets\/14.0\/google-medium\/25b6-fe0f.png\" alt=\":seta_para_frente:\">\u00a0Inscreva-se nos dois canais do GRANDE PR\u00caMIO no YouTube:\u00a0<a href=\"https:\/\/www.youtube.com\/channel\/UC9OlHEgxoaY6QY6nWPoiqQg?sub_confirmation=1\" target=\"_blank\" rel=\"noreferrer noopener\">GP<\/a>\u00a0|\u00a0<a href=\"https:\/\/www.youtube.com\/channel\/UC9csiS6q_C3C0FYhyr1rnFA?sub_confirmation=1\" target=\"_blank\" rel=\"noreferrer noopener\">GP2<\/a><\/strong><br><strong><img decoding=\"async\" src=\"https:\/\/a.slack-edge.com\/production-standard-emoji-assets\/14.0\/google-medium\/25b6-fe0f.png\" alt=\":seta_para_frente:\">\u00a0LEIA TAMB\u00c9M:\u00a0<a href=\"https:\/\/www.grandepremio.com\/br\/f1\/noticias\/mclaren-enfim-vira-lider-tem-faca-queijo-mao-quebrar-jejum-titulos\/\">McLaren enfim vira l\u00edder e tem faca e queijo na m\u00e3o para quebrar jejum de t\u00edtulos<\/a><\/strong><\/p>\n\n\n\n<h2 class=\"wp-block-heading\" id=\"h-formula-e-2024-25-confirmadas-no-teste-de-pilotas-em-valencia\">F\u00f3rmula E 2024\/25, Confirmadas no Teste de Pilotas em Val\u00eancia:<\/h2>\n\n\n\n<figure class=\"wp-block-table\"><table><tbody><tr><td>ABT<\/td><td>\u2014<\/td><td>\u2014<\/td><\/tr><tr><td>ANDRETTI<\/td><td>Chloe Chambers<\/td><td>Nerea Mart\u00ed<\/td><\/tr><tr><td>DS PENSKE<\/td><td>\u2014<\/td><td>\u2014<\/td><\/tr><tr><td>ENVISION<\/td><td>Alice Powell<\/td><td>Alisha Palmowski<\/td><\/tr><tr><td>JAGUAR<\/td><td>\u2014<\/td><td>\u2014<\/td><\/tr><tr><td>KIRO<\/td><td>\u2014<\/td><td>\u2014<\/td><\/tr><tr><td>MAHINDRA<\/td><td>\u2014<\/td><td>\u2014<\/td><\/tr><tr><td>MASERATI<\/td><td>Tatiana Calder\u00f3n<\/td><td>Carrie Schreiner<\/td><\/tr><tr><td>McLAREN<\/td><td>Bianca Bustamante<\/td><td>Ella Lloyd<\/td><\/tr><tr><td>NISSAN<\/td><td>\u2014<\/td><td>\u2014<\/td><\/tr><tr><td>PORSCHE<\/td><td>\u2014<\/td><td>\u2014<\/td><\/tr><\/tbody><\/table><\/figure>\n\n\n\n<figure class=\"wp-block-embed is-type-video is-provider-youtube wp-block-embed-youtube wp-embed-aspect-16-9 wp-has-aspect-ratio\"><div class=\"wp-block-embed__wrapper\">\n<iframe loading=\"lazy\" title=\"F1 de VOLTA na GLOBO em 2025 (COM N\u00c3O AN\u00daNCIO) e PR\u00c9VIA do GP dos EUA | WGP\" width=\"500\" height=\"281\" src=\"https:\/\/www.youtube.com\/embed\/eD5dWasIfpw?feature=oembed\" frameborder=\"0\" allow=\"accelerometer; autoplay; clipboard-write; encrypted-media; gyroscope; picture-in-picture; web-share\" referrerpolicy=\"strict-origin-when-cross-origin\" allowfullscreen><\/iframe>\n<\/div><\/figure>\n","protected":false},"excerpt":{"rendered":"<p>Sess\u00e3o de testes exclusiva para pilotas acontecer\u00e1 em Val\u00eancia, na Espanha, no dia 7 de novembro. Outras tr\u00eas equipes j\u00e1 confirmaram a escala\u00e7\u00e3o. <\/p>\n","protected":false},"author":0,"featured_media":1000881494,"comment_status":"closed","ping_status":"closed","sticky":false,"template":"","format":"standard","meta":{"42wp_featured_image_caption":"","42wp_featured_image_credits":"","42wp_featured_video":"","42wp_featured_image_hidden":false,"42wp_authors_list":[],"footnotes":""},"categories":[19],"tags":[22280,840,25517,305,2716],"42wp_author":[47162],"class_list":["post-58124","post","type-post","status-publish","format-standard","has-post-thumbnail","hentry","category-formula-e","tag-circuito-ricardo-tormo","tag-formula-e","tag-tatiana-calderon","tag-testes","tag-valencia","42wp_author-giovani-danjo"],"_links":{"self":[{"href":"https:\/\/grandepremio.com\/br\/wp-json\/wp\/v2\/posts\/58124","targetHints":{"allow":["GET"]}}],"collection":[{"href":"https:\/\/grandepremio.com\/br\/wp-json\/wp\/v2\/posts"}],"about":[{"href":"https:\/\/grandepremio.com\/br\/wp-json\/wp\/v2\/types\/post"}],"replies":[{"embeddable":true,"href":"https:\/\/grandepremio.com\/br\/wp-json\/wp\/v2\/comments?post=58124"}],"version-history":[{"count":0,"href":"https:\/\/grandepremio.com\/br\/wp-json\/wp\/v2\/posts\/58124\/revisions"}],"wp:featuredmedia":[{"embeddable":true,"href":"https:\/\/grandepremio.com\/br\/wp-json\/wp\/v2\/media\/1000881494"}],"wp:attachment":[{"href":"https:\/\/grandepremio.com\/br\/wp-json\/wp\/v2\/media?parent=58124"}],"wp:term":[{"taxonomy":"category","embeddable":true,"href":"https:\/\/grandepremio.com\/br\/wp-json\/wp\/v2\/categories?post=58124"},{"taxonomy":"post_tag","embeddable":true,"href":"https:\/\/grandepremio.com\/br\/wp-json\/wp\/v2\/tags?post=58124"},{"taxonomy":"42wp_author","embeddable":true,"href":"https:\/\/grandepremio.com\/br\/wp-json\/wp\/v2\/42wp_author?post=58124"}],"curies":[{"name":"wp","href":"https:\/\/api.w.org\/{rel}","templated":true}]}}