{"id":58127,"date":"2024-10-17T11:28:36","date_gmt":"2024-10-17T14:28:36","guid":{"rendered":"https:\/\/grandepremio.com\/br\/noticias\/franco-colapinto-estabelece-meta-ganhar-ser-campeao-formula-1-cheguei-para-ficar\/"},"modified":"2024-10-17T13:21:38","modified_gmt":"2024-10-17T16:21:38","slug":"franco-colapinto-estabelece-meta-ganhar-ser-campeao-formula-1-cheguei-para-ficar","status":"publish","type":"post","link":"https:\/\/grandepremio.com\/br\/f1\/franco-colapinto-estabelece-meta-ganhar-ser-campeao-formula-1-cheguei-para-ficar\/","title":{"rendered":"Colapinto estabelece meta de &#8220;ganhar e ser campe\u00e3o&#8221; na F1: &#8220;Cheguei para ficar&#8221;"},"content":{"rendered":"\n<p class=\"wp-block-paragraph\">Promovido de \u00faltima hora na <strong>Williams<\/strong> para as \u00faltimas nove corridas na temporada, <strong>Franco Colapinto<\/strong> foi grata surpresa nas primeiras provas das quais participou. Tanto que a Williams, que j\u00e1 conta com <strong>Alexander Albon<\/strong> e <strong>Carlos Sainz<\/strong> sob contrato para o ano que vem, tenta encontrar sa\u00eddas pelo grid. Colapinto se tornou, de fato, um nome quente do mercado para os pr\u00f3ximos dois anos. E o objetivo dele \u00e9 ir muito al\u00e9m disso.<\/p>\n\n\n\n<p class=\"wp-block-paragraph\">Colapinto participou de entrevista para ve\u00edculos de imprensa em l\u00edngua espanhola, entre os quais o <strong>GRANDE PR\u00caMIO ES<\/strong>, e foi taxativo quando questionado sobre o grande objetivo na F1. &#8220;Ganhar e ser campe\u00e3o&#8221;, cravou.<\/p>\n\n\n\n<p class=\"wp-block-paragraph\">&#8220;Sinto que cheguei para ficar. Claro que estou feliz de estar onde estou, mas n\u00e3o sei onde vou estar ano que vem. N\u00e3o h\u00e1 espa\u00e7o na F1 2025 por enquanto, ent\u00e3o ainda n\u00e3o sei o que vou fazer&#8221;, afirmou.<\/p>\n\n\n\n<p class=\"wp-block-paragraph\">O espa\u00e7o ainda aberto \u00e9 o da <strong>Audi-Sauber<\/strong>, para o qual a Williams <strong><a href=\"https:\/\/www.grandepremio.com\/br\/f1\/noticias\/williams-volta-oferecer-franco-colapinto-audi-ou-vai-ter-melhor-reserva-grid\/\">gostaria que o piloto argentino fosse escolhido<\/a><\/strong>. &#8220;\u00c9 uma boa oportunidade para demonstrar o que posso fazer e que mere\u00e7o uma vaga na F1&#8221;, comentou.<\/p>\n\n\n\n<figure class=\"wp-block-image size-large\"><img decoding=\"async\" src=\"https:\/\/www.grandepremio.com\/br\/wp-content\/uploads\/2024\/09\/azerbaijao-2024-f1-treinos-livres-williams-franco-colapinto-afp-01-1-1200x800.jpg\" alt=\"\" class=\"wp-image-867564\"\/><figcaption class=\"wp-element-caption\">Franco Colapinto se tornou, em Baku, o primeiro argentino desde Reutemann a largar no top-10 da F1 (Foto: AFP) <\/figcaption><\/figure>\n\n\n\n<p class=\"wp-block-paragraph\">Ap\u00f3s testar o carro em pista somente uma vez, no treino livre na Inglaterra, entrou no carro para o <strong><a href=\"https:\/\/www.grandepremio.com\/br\/f1\/noticias\/charles-leclerc-brilha-parada-unica-enlouquece-torcida-ferrari-vitoria-gp-italia\/\">GP da It\u00e1lia<\/a><\/strong>. Logo na segunda corrida, no <strong><a href=\"https:\/\/www.grandepremio.com\/br\/f1\/noticias\/oscar-piastri-vence-gp-azerbaijao-marcado-batida-carlos-sainz-sergio-perez-penultima-volta\/\">Azerbaij\u00e3o<\/a><\/strong>, foi aos pontos com um oitavo lugar, resultado que Logan Sargeant jamais alcan\u00e7ou nas 37 provas em que esteve antes de ser demitido e ceder a vaga a Colapinto.<\/p>\n\n\n\n<p class=\"wp-block-paragraph\">&#8220;Desde crian\u00e7a, sempre me adaptei rapidamente, nunca fui de testar os carros nas categorias pelas quais passei. E sempre fui melhorando com o tempo&#8221;, contou. &#8220;Al\u00e9m do mais, andei muito no simulador com a equipe [antes de estrear] e mesmo sem praticamente sem quilometragem alguma antes de Monza, estava mentalmente preparado. A ideia era estar pronto para qualquer chance que aparecesse&#8221;, finalizou.<\/p>\n\n\n\n<p class=\"wp-block-paragraph\">O&nbsp;<strong>GRANDE PR\u00caMIO<\/strong>&nbsp;acompanha&nbsp;<strong><a href=\"https:\/\/www.grandepremio.com\/br\/ao-vivo\/f1\/\" target=\"_blank\" rel=\"noreferrer noopener\">AO VIVO e EM&nbsp;<\/a><a href=\"https:\/\/www.grandepremio.com\/br\/ao-vivo\/\" target=\"_blank\" rel=\"noreferrer noopener\">TEMPO REAL<\/a><\/strong>&nbsp;todas as atividades do&nbsp;<strong>GP dos Estados Unidos, em Austin<\/strong>&nbsp;e transmite sprint shootout, classifica\u00e7\u00e3o e corridas em segunda tela, em parceria com a Voz do Esporte, na&nbsp;<strong><a href=\"https:\/\/www.youtube.com\/c\/GrandePremioTV\/streams\" target=\"_blank\" rel=\"noreferrer noopener\">GPTV, o canal do GP no Youtube<\/a><\/strong>. Depois das atividades de cada dia, debate tudo o que aconteceu no Briefing. Na sexta-feira (18), o&nbsp;<strong>treino livre<\/strong>&nbsp;est\u00e1 marcado para a 14h30 (de Bras\u00edlia GMT-3). Depois, \u00e0s 18h30, acontece a classifica\u00e7\u00e3o da sprint. No s\u00e1bado (19), a prova curta ser\u00e1 \u00e0s 15h, com a&nbsp;<strong>classifica\u00e7\u00e3o<\/strong>&nbsp;\u00e0s 19h. No&nbsp;<strong>domingo (20), a largada<\/strong>&nbsp;est\u00e1 marcada para as 16h.<\/p>\n\n\n\n<p class=\"wp-block-paragraph\">\u25b6\ufe0f<strong>&nbsp;Inscreva-se nos dois canais do GRANDE PR\u00caMIO no YouTube:&nbsp;<a href=\"https:\/\/www.youtube.com\/channel\/UC9OlHEgxoaY6QY6nWPoiqQg?sub_confirmation=1\" target=\"_blank\" rel=\"noreferrer noopener\">GP<\/a>&nbsp;|&nbsp;<a href=\"https:\/\/www.youtube.com\/channel\/UC9csiS6q_C3C0FYhyr1rnFA?sub_confirmation=1\" target=\"_blank\" rel=\"noreferrer noopener\">GP2<\/a><\/strong><br>\u25b6\ufe0f<strong>&nbsp;LEIA TAMB\u00c9M<\/strong>: <strong><a href=\"https:\/\/www.grandepremio.com\/br\/f1\/noticias\/lando-norris-perde-prazo-transformar-dominio-titulo-so-bate-max-verstappen-sorte\/\">Norris atrasa para transformar dom\u00ednio em t\u00edtulo e s\u00f3 bate Verstappen com sorte<\/a><\/strong><\/p>\n\n\n\n<figure class=\"wp-block-embed is-type-video is-provider-youtube wp-block-embed-youtube wp-embed-aspect-16-9 wp-has-aspect-ratio\"><div class=\"wp-block-embed__wrapper\">\n<iframe loading=\"lazy\" title=\"F1 de VOLTA na GLOBO em 2025 (COM N\u00c3O AN\u00daNCIO) e PR\u00c9VIA do GP dos EUA | WGP\" width=\"500\" height=\"281\" src=\"https:\/\/www.youtube.com\/embed\/eD5dWasIfpw?feature=oembed\" frameborder=\"0\" allow=\"accelerometer; autoplay; clipboard-write; encrypted-media; gyroscope; picture-in-picture; web-share\" referrerpolicy=\"strict-origin-when-cross-origin\" allowfullscreen><\/iframe>\n<\/div><figcaption class=\"wp-element-caption\">F1 de VOLTA na GLOBO em 2025 (COM N\u00c3O AN\u00daNCIO) e PR\u00c9VIA do GP dos EUA | WGP<\/figcaption><\/figure>\n","protected":false},"excerpt":{"rendered":"<p>Franco Colapinto admitiu que porta da F1 2025 est\u00e1 praticamente fechada, mas, apesar disso, cr\u00ea que chegou para n\u00e3o sair mais do ambiente da categoria<\/p>\n","protected":false},"author":0,"featured_media":1000866467,"comment_status":"closed","ping_status":"closed","sticky":false,"template":"","format":"standard","meta":{"42wp_featured_image_caption":"","42wp_featured_image_credits":"","42wp_featured_video":"","42wp_featured_image_hidden":false,"42wp_authors_list":[],"footnotes":""},"categories":[2],"tags":[27776,34186,27487,970,35624,37759,5660,8235,37760,41177,41178,896,3230,642,32766,36856,31483,11958,31286,36857,37761,25440,24977,39356,1197,215],"42wp_author":[47120],"class_list":["post-58127","post","type-post","status-publish","format-standard","has-post-thumbnail","hentry","category-f1","tag-assistir-f1-ao-vivo","tag-assistir-f1-gratis","tag-assistir-f1-online","tag-audi","tag-calendario-f1-2024","tag-calendario-f1-2024-horarios","tag-classificacao","tag-classificacao-da-f1","tag-classificacao-f1-2024","tag-colapinto-f1","tag-colapinto-formula-1","tag-estados-unidos","tag-f1-2024","tag-f1-ao-vivo","tag-f1-austin","tag-f1-circuito-das-americas","tag-f1-eua","tag-f1-live","tag-f1-nos-estados-unidos","tag-f1-texas","tag-f1-tv-2024","tag-franco-colapinto","tag-gp-dos-estados-unidos","tag-gp-eua","tag-sauber","tag-williams","42wp_author-pedro-henrique-marum"],"_links":{"self":[{"href":"https:\/\/grandepremio.com\/br\/wp-json\/wp\/v2\/posts\/58127","targetHints":{"allow":["GET"]}}],"collection":[{"href":"https:\/\/grandepremio.com\/br\/wp-json\/wp\/v2\/posts"}],"about":[{"href":"https:\/\/grandepremio.com\/br\/wp-json\/wp\/v2\/types\/post"}],"replies":[{"embeddable":true,"href":"https:\/\/grandepremio.com\/br\/wp-json\/wp\/v2\/comments?post=58127"}],"version-history":[{"count":0,"href":"https:\/\/grandepremio.com\/br\/wp-json\/wp\/v2\/posts\/58127\/revisions"}],"wp:featuredmedia":[{"embeddable":true,"href":"https:\/\/grandepremio.com\/br\/wp-json\/wp\/v2\/media\/1000866467"}],"wp:attachment":[{"href":"https:\/\/grandepremio.com\/br\/wp-json\/wp\/v2\/media?parent=58127"}],"wp:term":[{"taxonomy":"category","embeddable":true,"href":"https:\/\/grandepremio.com\/br\/wp-json\/wp\/v2\/categories?post=58127"},{"taxonomy":"post_tag","embeddable":true,"href":"https:\/\/grandepremio.com\/br\/wp-json\/wp\/v2\/tags?post=58127"},{"taxonomy":"42wp_author","embeddable":true,"href":"https:\/\/grandepremio.com\/br\/wp-json\/wp\/v2\/42wp_author?post=58127"}],"curies":[{"name":"wp","href":"https:\/\/api.w.org\/{rel}","templated":true}]}}