{"id":58259,"date":"2024-10-16T11:02:50","date_gmt":"2024-10-16T14:02:50","guid":{"rendered":"https:\/\/grandepremio.com\/br\/noticias\/red-bull-desesperada-sucessor-max-verstappen-f1-escolhido-ttgp-157\/"},"modified":"2024-10-16T11:06:33","modified_gmt":"2024-10-16T14:06:33","slug":"red-bull-desesperada-sucessor-max-verstappen-f1-escolhido-ttgp-157","status":"publish","type":"post","link":"https:\/\/grandepremio.com\/br\/f1\/red-bull-desesperada-sucessor-max-verstappen-f1-escolhido-ttgp-157\/","title":{"rendered":"TTGP #157 | Red Bull desesperada e sucessor de Verstappen na F1 escolhido"},"content":{"rendered":"\n<p class=\"wp-block-paragraph\">A <strong>Red Bull<\/strong> j\u00e1 ligou o sinal de alerta dentro de suas garagens h\u00e1 algum tempo, mas agora parece estar entrando em p\u00e2nico. Ap\u00f3s um per\u00edodo de dom\u00ednio em 2022 e 2023, tudo come\u00e7ou a dar errado para a equipe austr\u00edaca que, apesar de estar confiante no pacote de atualiza\u00e7\u00f5es para o <strong>GP dos Estados Unidos<\/strong>, voltou a cobrar <strong>Sergio P\u00e9rez<\/strong> publicamente. O que esperar do time dos energ\u00e9ticos no restante da temporada? O <strong>TTGP <\/strong>discute.<\/p>\n\n\n\n<p class=\"wp-block-paragraph\">Em meio ao momento ruim, e \u00e0s recentes declara\u00e7\u00f5es de <strong>Max Verstappen<\/strong> sobre aposentadoria, a Red Bull j\u00e1 est\u00e1 \u00e0 procura de um substituto e <a href=\"https:\/\/www.grandepremio.com\/br\/f1\/noticias\/red-bull-maravilha-prodigio-rocco-coronel-max-verstappen-desistir-temos-substituto\/\">parece que ele foi encontrado<\/a>. Se trata do jovem <strong>Rocco Coronel<\/strong>, piloto de apenas 13 anos de idade que entrou recentemente para o programa de jovens pilotos dos austr\u00edacos. Na vis\u00e3o do consultor<strong> Helmut Marko<\/strong>, ele tende a ser o escolhido para liderar a equipe no futuro. Ser\u00e1?<\/p>\n\n\n\n<p class=\"wp-block-paragraph\">O #TTGP conta com a apresenta\u00e7\u00e3o de <strong>Pedro Henrique Marum<\/strong> e os coment\u00e1rios de <strong>Bernardo Castro<\/strong> e <strong>Vicente Soella<\/strong>. A produ\u00e7\u00e3o \u00e9 de <strong>Carol Vergilio<\/strong>.<\/p>\n\n\n\n<p class=\"wp-block-paragraph\">Ap\u00f3s pausa de quase um m\u00eas, a&nbsp;<strong><a href=\"https:\/\/www.grandepremio.com\/br\/f1\/\" target=\"_blank\" rel=\"noreferrer noopener\"><\/a><a href=\"https:\/\/www.grandepremio.com\/br\/f1\/\" target=\"_blank\" rel=\"noreferrer noopener\">F\u00f3rmula 1<\/a>&nbsp;<\/strong>retorna entre os dias 18 e 20 de outubro para o&nbsp;<strong>GP dos Estados Unidos<\/strong>, em&nbsp;<strong>Austin<\/strong>, com cobertura completa do&nbsp;<strong>GRANDE PR\u00caMIO<\/strong>.<\/p>\n\n\n\n<figure class=\"wp-block-embed is-type-video is-provider-youtube wp-block-embed-youtube wp-embed-aspect-16-9 wp-has-aspect-ratio\"><div class=\"wp-block-embed__wrapper\">\n<iframe loading=\"lazy\" title=\"RED BULL DESESPERADA e SUCESSOR de VERSTAPPEN na F1 ESCOLHIDO | TTGP #157\" width=\"500\" height=\"281\" src=\"https:\/\/www.youtube.com\/embed\/yJ0-7S-d8yE?feature=oembed\" frameborder=\"0\" allow=\"accelerometer; autoplay; clipboard-write; encrypted-media; gyroscope; picture-in-picture; web-share\" referrerpolicy=\"strict-origin-when-cross-origin\" allowfullscreen><\/iframe>\n<\/div><\/figure>\n","protected":false},"excerpt":{"rendered":"<p>A Red Bull est\u00e1 desesperada com a situa\u00e7\u00e3o na F1 e voltou a cobrar Sergio P\u00e9rez publicamente. O TTGP debate sobre a situa\u00e7\u00e3o da equipe em 2024<\/p>\n","protected":false},"author":0,"featured_media":1000881044,"comment_status":"closed","ping_status":"closed","sticky":false,"template":"","format":"standard","meta":{"42wp_featured_image_caption":"","42wp_featured_image_credits":"","42wp_featured_video":"","42wp_featured_image_hidden":false,"42wp_authors_list":[],"footnotes":""},"categories":[2],"tags":[1491,28285,258,8723,203,27382,204,27332,27716,3132,27828,9685],"42wp_author":[47149],"class_list":["post-58259","post","type-post","status-publish","format-standard","has-post-thumbnail","hentry","category-f1","tag-grande-premio","tag-grandepremio","tag-helmut-marko","tag-marko","tag-max-verstappen","tag-perez","tag-red-bull","tag-red-bull-f1","tag-red-bull-formula-1","tag-sergio-perez","tag-ttgp","tag-verstappen","42wp_author-bernardo-castro"],"_links":{"self":[{"href":"https:\/\/grandepremio.com\/br\/wp-json\/wp\/v2\/posts\/58259","targetHints":{"allow":["GET"]}}],"collection":[{"href":"https:\/\/grandepremio.com\/br\/wp-json\/wp\/v2\/posts"}],"about":[{"href":"https:\/\/grandepremio.com\/br\/wp-json\/wp\/v2\/types\/post"}],"replies":[{"embeddable":true,"href":"https:\/\/grandepremio.com\/br\/wp-json\/wp\/v2\/comments?post=58259"}],"version-history":[{"count":0,"href":"https:\/\/grandepremio.com\/br\/wp-json\/wp\/v2\/posts\/58259\/revisions"}],"wp:featuredmedia":[{"embeddable":true,"href":"https:\/\/grandepremio.com\/br\/wp-json\/wp\/v2\/media\/1000881044"}],"wp:attachment":[{"href":"https:\/\/grandepremio.com\/br\/wp-json\/wp\/v2\/media?parent=58259"}],"wp:term":[{"taxonomy":"category","embeddable":true,"href":"https:\/\/grandepremio.com\/br\/wp-json\/wp\/v2\/categories?post=58259"},{"taxonomy":"post_tag","embeddable":true,"href":"https:\/\/grandepremio.com\/br\/wp-json\/wp\/v2\/tags?post=58259"},{"taxonomy":"42wp_author","embeddable":true,"href":"https:\/\/grandepremio.com\/br\/wp-json\/wp\/v2\/42wp_author?post=58259"}],"curies":[{"name":"wp","href":"https:\/\/api.w.org\/{rel}","templated":true}]}}