{"id":58372,"date":"2024-10-15T12:07:42","date_gmt":"2024-10-15T15:07:42","guid":{"rendered":"https:\/\/grandepremio.com\/br\/noticias\/diretor-diz-que-basta-ferrari-entregar-melhor-carro-charles-leclerc-sera-campeao-mundial\/"},"modified":"2024-10-15T12:23:28","modified_gmt":"2024-10-15T15:23:28","slug":"diretor-diz-que-basta-ferrari-entregar-melhor-carro-charles-leclerc-sera-campeao-mundial","status":"publish","type":"post","link":"https:\/\/grandepremio.com\/br\/f1\/diretor-diz-que-basta-ferrari-entregar-melhor-carro-charles-leclerc-sera-campeao-mundial\/","title":{"rendered":"Diretor diz que basta Ferrari &#8220;entregar melhor carro&#8221; e Leclerc &#8220;ser\u00e1 campe\u00e3o mundial&#8221;"},"content":{"rendered":"\n<p class=\"wp-block-paragraph\">Diretor de engenharia da <strong>Ferrari<\/strong>, <strong>Jock Clear<\/strong> defendeu <strong>Charles Leclerc<\/strong> da pecha de n\u00e3o ter rendimento durante as corridas na <strong>F\u00f3rmula 1<\/strong>. Na vis\u00e3o do brit\u00e2nico, o piloto da Ferrari est\u00e1 pronto para ser campe\u00e3o do mundo assim que a equipe entregar um carro que permita o monegasco disso.<\/p>\n\n\n\n<p class=\"wp-block-paragraph\">Leclerc \u00e9 um dos pilotos que tem o menor \u00edndice de convers\u00e3o entre poles e vit\u00f3rias. S\u00e3o 26 vezes largando na primeira coloca\u00e7\u00e3o, mas terminou apenas sete vezes no lugar mais alto do p\u00f3dio. Na vis\u00e3o de Clear, isso diz muito mais sobre as enormes habilidades do monegasco do que fraqueza em corridas.<\/p>\n\n\n\n<p class=\"wp-block-paragraph\">&#8220;Sua reputa\u00e7\u00e3o em classifica\u00e7\u00e3o foi pavimentada ao longo desses anos e as pessoas tendem a dizer que ele n\u00e3o \u00e9 nem de longe t\u00e3o bom em corridas quanto nas sess\u00f5es classificat\u00f3rias. Bem, isso n\u00e3o \u00e9 justo. Ele \u00e9 muito, muito bom na classifica\u00e7\u00e3o&#8221;, disse Clear ao podcast F1 Nation.<\/p>\n\n\n\n<p class=\"wp-block-paragraph\">&#8220;Provavelmente \u00e9 certo que temos mudado ligeiramente nosso foco para fazer um carro melhor para as corridas. A gest\u00e3o dos pneus \u00e9, claro, sempre um tema importante. Mas vimos Charles fazer corridas muito boas. Lembro da <strong>\u00c1ustria<\/strong> em 2022, onde <strong>Max [Verstappen]<\/strong> lutou contra o desgaste de pneus, e Leclerc ganhou essa corrida como uma condu\u00e7\u00e3o realmente boa&#8221;, prosseguiu.<\/p>\n\n\n\n<figure class=\"wp-block-image size-full\"><img decoding=\"async\" src=\"https:\/\/www.grandepremio.com\/br\/wp-content\/uploads\/2024\/09\/Ferrari-Senior-Performance-Engineer-Jock-Clear-1024x576-1.png\" alt=\"\" class=\"wp-image-875002\"\/><figcaption class=\"wp-element-caption\">Jock Clear, engenheiro-s\u00eanior da Ferrari (Foto: Ferrari)<\/figcaption><\/figure>\n\n\n\n<p class=\"wp-block-paragraph\">&#8220;N\u00e3o \u00e9 que Charles n\u00e3o tenha sido bom com os pneus. Acho que, como combina\u00e7\u00e3o, n\u00e3o nos concentramos t\u00e3o bem nisso. O que vemos esse ano \u00e9 resultado que temos voltado os esfor\u00e7os em fazer o carro funcionar bem em corridas e em cuidar melhor dos pneus. Leclerc tamb\u00e9m aprendeu com os anos anteriores e tem melhorado habilidades em gerenciar melhor os compostos e a corrida&#8221;, completou.<\/p>\n\n\n\n<p class=\"wp-block-paragraph\">Em 2024, Leclerc voltou a vencer, ap\u00f3s passar 2023 em branco. As vit\u00f3rias vieram em palcos emblem\u00e1ticos, como <strong>M\u00f4naco<\/strong> e <strong>Monza<\/strong>, sendo que o triunfo no <strong>GP da It\u00e1lia<\/strong> foi fruto da melhor estrat\u00e9gia da Ferrari e gerenciamento dos pneus por parte do monegasco, que fez somente uma parada \u2014 ante duas da <strong>McLaren<\/strong>.<\/p>\n\n\n\n<p class=\"wp-block-paragraph\">&#8220;Acredito que estamos vendo uma melhor representa\u00e7\u00e3o de Charles como piloto e de n\u00f3s mesmo como equipe de corridas. Ele tem o que \u00e9 preciso para ser campe\u00e3o mundial. Tem ritmo de classifica\u00e7\u00e3o. Meu Deus, acho o melhor classificador que j\u00e1 vimos. Dif\u00edcil voltar para <strong>Michael [Schumacher]<\/strong> e <strong>Mika [Hakkinen]<\/strong> e pessoas assim, mas \u00e9, definitivamente, o melhor a classificar. A gest\u00e3o de corrida, se olharmos Monza, \u00e9 simplesmente excepcional. Quando tudo est\u00e1 alinhado, ele chega l\u00e1&#8221;, destacou o dirigente da Ferrari.<\/p>\n\n\n\n<p class=\"wp-block-paragraph\">Clear comentou sobre a temporada de 2022 da <strong>F\u00f3rmula 1<\/strong>, quando Leclerc e a Ferrari largaram com ampla vantagem sobre a <strong>Red Bull<\/strong>, que teve muitos problemas de confiabilidade no in\u00edcio do ano. O engenheiro admitiu que aquela poderia ser uma oportunidade para o monegasco ser campe\u00e3o do mundo, mas reconheceu que a Ferrari falhou como equipe.<\/p>\n\n\n\n<figure class=\"wp-block-image size-large\"><img decoding=\"async\" src=\"https:\/\/www.grandepremio.com\/br\/wp-content\/uploads\/2024\/03\/jock-clear-ferrari-1024x576.jpg\" alt=\"\" class=\"wp-image-789309\"\/><figcaption class=\"wp-element-caption\">Veterano na F1, Jock Clear chegou a trabalhar com Rubens Barrichello na Brawn (Foto: F1ingenerale)<\/figcaption><\/figure>\n\n\n\n<p class=\"wp-block-paragraph\">&#8220;Charles n\u00e3o esteve nessa situa\u00e7\u00e3o [de ser campe\u00e3o do mundo]. Foi uma oportunidade para a Ferrari ganhar o campeonato em 2022? Tenho que dizer que sim, porque est\u00e1vamos 40 pontos \u00e0 frente, mas n\u00e3o est\u00e1vamos preparados como equipe e a Red Bull nos superou&#8221;, falou.<\/p>\n\n\n\n<p class=\"wp-block-paragraph\">&#8220;Certamente, havia coisas que Charles diria que n\u00e3o estavam no n\u00edvel do campeonato durante aquele ano, mas essa \u00e9 exatamente a quest\u00e3o. Voc\u00ea n\u00e3o vai ganhar um campeonato at\u00e9 que todos estejam nesse n\u00edvel. \u00c9 injusto dizer que a\u00a0<strong>Mercedes<\/strong> s\u00f3 ganhou todos esses campeonatos porque tinham o melhor carro. Eles tinham o melhor de tudo. E o mesmo vale para Max [e Red Bull] nos \u00faltimos tr\u00eas anos. Quando tivermos um carro com o qual lutar pelo campeonato, o que acho que estamos prestes a alcan\u00e7ar, Charles entregar\u00e1&#8221;, encerrou.<\/p>\n\n\n\n<p class=\"wp-block-paragraph\">A\u00a0<a href=\"https:\/\/www.grandepremio.com\/br\/f1\/\" target=\"_blank\" rel=\"noreferrer noopener\">F\u00f3rmula 1<\/a>\u00a0volta \u00e0s pistas neste fim de semana, entre os dias 18 e 20 de outubro, para o\u00a0<strong>GP dos Estados Unidos<\/strong>, em\u00a0<strong>Austin<\/strong>.<\/p>\n\n\n\n<p class=\"wp-block-paragraph\"><strong>Inscreva-se nos dois canais do GRANDE PR\u00caMIO no YouTube:&nbsp;<a href=\"https:\/\/www.youtube.com\/channel\/UC9OlHEgxoaY6QY6nWPoiqQg?sub_confirmation=1\" target=\"_blank\" rel=\"noreferrer noopener\">GP<\/a>&nbsp;|&nbsp;<a href=\"https:\/\/www.youtube.com\/channel\/UC9csiS6q_C3C0FYhyr1rnFA?sub_confirmation=1\" target=\"_blank\" rel=\"noreferrer noopener\">GP2<\/a><\/strong><\/p>\n\n\n\n<figure class=\"wp-block-embed is-type-video is-provider-youtube wp-block-embed-youtube wp-embed-aspect-16-9 wp-has-aspect-ratio\"><div class=\"wp-block-embed__wrapper\">\n<iframe loading=\"lazy\" title=\"SCHUMACHER RIVAL DE BORTOLETO NA SAUBER? + Pr\u00e9via do GP dos ESTADOS UNIDOS da F1 | Paddock GP #393\" width=\"500\" height=\"281\" src=\"https:\/\/www.youtube.com\/embed\/oGNUD3kz_Ls?feature=oembed\" frameborder=\"0\" allow=\"accelerometer; autoplay; clipboard-write; encrypted-media; gyroscope; picture-in-picture; web-share\" referrerpolicy=\"strict-origin-when-cross-origin\" allowfullscreen><\/iframe>\n<\/div><\/figure>\n","protected":false},"excerpt":{"rendered":"<p>Jock Clear, veterano engenheiro na F\u00f3rmula 1, aponta que Charles Leclerc precisa de carro capaz para poder ser campe\u00e3o do mundo<\/p>\n","protected":false},"author":0,"featured_media":1000871404,"comment_status":"closed","ping_status":"closed","sticky":false,"template":"","format":"standard","meta":{"42wp_featured_image_caption":"","42wp_featured_image_credits":"","42wp_featured_video":"","42wp_featured_image_hidden":false,"42wp_authors_list":[],"footnotes":""},"categories":[2],"tags":[209,5660,969,147,3230,642,160,207,180,30909,1491,30103,28285,7573],"42wp_author":[47155],"class_list":["post-58372","post","type-post","status-publish","format-standard","has-post-thumbnail","hentry","category-f1","tag-charles-leclerc","tag-classificacao","tag-corrida","tag-f1","tag-f1-2024","tag-f1-ao-vivo","tag-f1-tv","tag-ferrari","tag-formula-1","tag-formula-1-2024","tag-grande-premio","tag-grande-premio-f1","tag-grandepremio","tag-jock-clear","42wp_author-daniel-balsa"],"_links":{"self":[{"href":"https:\/\/grandepremio.com\/br\/wp-json\/wp\/v2\/posts\/58372","targetHints":{"allow":["GET"]}}],"collection":[{"href":"https:\/\/grandepremio.com\/br\/wp-json\/wp\/v2\/posts"}],"about":[{"href":"https:\/\/grandepremio.com\/br\/wp-json\/wp\/v2\/types\/post"}],"replies":[{"embeddable":true,"href":"https:\/\/grandepremio.com\/br\/wp-json\/wp\/v2\/comments?post=58372"}],"version-history":[{"count":0,"href":"https:\/\/grandepremio.com\/br\/wp-json\/wp\/v2\/posts\/58372\/revisions"}],"wp:featuredmedia":[{"embeddable":true,"href":"https:\/\/grandepremio.com\/br\/wp-json\/wp\/v2\/media\/1000871404"}],"wp:attachment":[{"href":"https:\/\/grandepremio.com\/br\/wp-json\/wp\/v2\/media?parent=58372"}],"wp:term":[{"taxonomy":"category","embeddable":true,"href":"https:\/\/grandepremio.com\/br\/wp-json\/wp\/v2\/categories?post=58372"},{"taxonomy":"post_tag","embeddable":true,"href":"https:\/\/grandepremio.com\/br\/wp-json\/wp\/v2\/tags?post=58372"},{"taxonomy":"42wp_author","embeddable":true,"href":"https:\/\/grandepremio.com\/br\/wp-json\/wp\/v2\/42wp_author?post=58372"}],"curies":[{"name":"wp","href":"https:\/\/api.w.org\/{rel}","templated":true}]}}