{"id":58549,"date":"2024-10-13T18:40:07","date_gmt":"2024-10-13T21:40:07","guid":{"rendered":"https:\/\/grandepremio.com\/br\/noticias\/leandro-totti-danilo-dirani-vencem-rodada-dupla-copa-truck-taruma\/"},"modified":"2024-10-13T18:45:32","modified_gmt":"2024-10-13T21:45:32","slug":"leandro-totti-danilo-dirani-vencem-rodada-dupla-copa-truck-taruma","status":"publish","type":"post","link":"https:\/\/grandepremio.com\/br\/truck\/leandro-totti-danilo-dirani-vencem-rodada-dupla-copa-truck-taruma\/","title":{"rendered":"Totti e Dirani vencem em rodada dupla da Copa Truck em Tarum\u00e3"},"content":{"rendered":"\n<p class=\"wp-block-paragraph\"><strong>Leandro Totti<\/strong> e\u00a0<strong>Danilo Dirani<\/strong>\u00a0venceram, neste domingo (13), a rodada dupla da\u00a0<strong>Copa Truck\u00a0<\/strong>no aut\u00f3dromo de <strong>Tarum\u00e3<\/strong>, s\u00e9tima etapa da temporada. Foi a segunda vit\u00f3ria do caminh\u00e3o #73 em 2024, enquanto o #28 garantiu o primeiro triunfo.<\/p>\n\n\n\n<p class=\"wp-block-paragraph\">Depois de conquistar a pole-position para a corrida 1, Totti sofreu forte ataque de <strong>Felipe Giaffone<\/strong> logo nas primeiras curvas, mas conseguiu resistir e n\u00e3o encontrou mais dificuldades para manter a lideran\u00e7a ate os momentos finais, cruzando a linha de chegada com quase 3s de vantagem em rela\u00e7\u00e3o ao l\u00edder do campeonato. O dono do #4 tamb\u00e9m soube se defender das investidas de Dirani, que teve de se contentar com o \u00faltimo degrau no p\u00f3dio.<\/p>\n\n\n\n<p class=\"wp-block-paragraph\">Mas a primeira corrida do dia n\u00e3o ficou livre de incidentes. Quando restavam 19 minutos no cron\u00f4metro, <strong>Pedro Paulo Fernandes<\/strong> cometeu um erro e saiu da pista, batendo na barreira de prote\u00e7\u00e3o e acionando o safety-truck. A bandeira verde s\u00f3 foi agitada quando restavam 15 minutos para o fim.<\/p>\n\n\n\n<p class=\"wp-block-paragraph\">Na segunda corrida, j\u00e1 com o grid invertido, <strong>F\u00e1bio Foga\u00e7a<\/strong> come\u00e7ou bem e conseguiu defender a primeira posi\u00e7\u00e3o. Logo atr\u00e1s, <strong>Felipe Tozzo<\/strong> n\u00e3o foi capaz de segurar o \u00edmpeto de <strong>Raphael Abbate<\/strong> e caiu para terceiro. <strong>Roberval Andrade<\/strong>, que saiu da quinta coloca\u00e7\u00e3o, tamb\u00e9m avan\u00e7ou pelo pelot\u00e3o e ultrapassou <strong>Wellington Cirino<\/strong>.<\/p>\n\n\n\n<figure class=\"wp-block-image size-large\"><img decoding=\"async\" src=\"https:\/\/www.grandepremio.com\/br\/wp-content\/uploads\/2024\/10\/444364_1129058_whatsapp_image_2024_10_13_at_15.45.35-1200x800.jpeg\" alt=\"\" class=\"wp-image-880247\"\/><figcaption class=\"wp-element-caption\">Felipe Giaffone se manteve na lideran\u00e7a do campeonato (Foto: Vanderley Soares\/RF1)<\/figcaption><\/figure>\n\n\n\n<p class=\"wp-block-paragraph\"><strong><img decoding=\"async\" src=\"https:\/\/a.slack-edge.com\/production-standard-emoji-assets\/14.0\/google-medium\/25b6-fe0f.png\" alt=\":seta_para_frente:\">&nbsp;Inscreva-se nos dois canais do GRANDE PR\u00caMIO no YouTube:&nbsp;<a href=\"https:\/\/www.youtube.com\/channel\/UC9OlHEgxoaY6QY6nWPoiqQg?sub_confirmation=1\" target=\"_blank\" rel=\"noreferrer noopener\">GP<\/a>&nbsp;|&nbsp;<a href=\"https:\/\/www.youtube.com\/channel\/UC9csiS6q_C3C0FYhyr1rnFA?sub_confirmation=1\" target=\"_blank\" rel=\"noreferrer noopener\">GP2<\/a><\/strong><br><strong><img decoding=\"async\" src=\"https:\/\/a.slack-edge.com\/production-standard-emoji-assets\/14.0\/google-medium\/25b6-fe0f.png\" alt=\":seta_para_frente:\">&nbsp;LEIA TAMB\u00c9M:&nbsp;<a href=\"https:\/\/www.grandepremio.com\/br\/truck\/noticias\/felipe-giaffone-beto-monteiro-vencem-rodada-dupla-copa-truck-cascavel\/\">Giaffone e Monteiro vencem em rodada dupla da Copa Truck em Cascavel<\/a><\/strong><\/p>\n\n\n\n<p class=\"wp-block-paragraph\">Quando restavam 8 minutos para o fim, Abbate partiu para cima de Foga\u00e7a e conseguiu tomar o primeiro lugar do advers\u00e1rio. F\u00e1bio, por sua vez, acabou saindo do tra\u00e7ado durante o momento da manobra e perdeu algumas posi\u00e7\u00f5es, voltando apenas em quinto. Dirani e Andrade subiram para segundo e terceiro, respectivamente.<\/p>\n\n\n\n<p class=\"wp-block-paragraph\"><strong>Ricardo Alvarez<\/strong>, da classe Elite, foi respons\u00e1vel pelo segunda safety-truck do dia quando faltavam 4 minutos no cron\u00f4metro. O piloto da <strong>Tiger<\/strong> perdeu o controle, bateu na barreira de pneus e viu o #3 decolar, ficando parado de lado na lateral da pista em Tarum\u00e3. <\/p>\n\n\n\n<p class=\"wp-block-paragraph\">A segunda prova terminou sob regime de bandeira amarela, mas ainda assim teve mudan\u00e7as no resultado final. Por causa do incidente com Foga\u00e7a no momento da ultrapassagem, Abbate acabou sendo punido e caiu para o oitavo lugar. Andrade tamb\u00e9m recebeu 5s de acr\u00e9scimo no tempo final e, por isso, Dirani herdou a vit\u00f3ria. L\u00edder do campeonato, Giaffone chegou em quarto.<\/p>\n\n\n\n<p class=\"wp-block-paragraph\">A classifica\u00e7\u00e3o tem Felipe na lideran\u00e7a da categoria Pro com 204 pontos, seguido de Dirani (172), Andr\u00e9 Marques (165), Cirino (162) e Abbate (137). <\/p>\n\n\n\n<p class=\"wp-block-paragraph\">A pr\u00f3xima etapa da Copa Truck est\u00e1 programada para acontecer no dia 17 de novembro,&nbsp;em&nbsp;<strong>Curvelo<\/strong>, <strong>Minas Gerais<\/strong>.<\/p>\n","protected":false},"excerpt":{"rendered":"<p>Felipe Giaffone n\u00e3o conseguiu subir no degrau mais alto do p\u00f3dio em nenhuma das duas provas, mas mesmo assim se manteve na lideran\u00e7a do campeonato<\/p>\n","protected":false},"author":0,"featured_media":1000880246,"comment_status":"closed","ping_status":"closed","sticky":false,"template":"","format":"standard","meta":{"42wp_featured_image_caption":"","42wp_featured_image_credits":"","42wp_featured_video":"","42wp_featured_image_hidden":false,"42wp_authors_list":[],"footnotes":""},"categories":[23],"tags":[1840,1835,446,1842,1491,28285,1843,1838,1845],"42wp_author":[47160],"class_list":["post-58549","post","type-post","status-publish","format-standard","has-post-thumbnail","hentry","category-truck","tag-beto-monteiro","tag-copa-truck","tag-danilo-dirani","tag-felipe-giaffone","tag-grande-premio","tag-grandepremio","tag-leandro-totti","tag-paulo-salustiano","tag-wellington-cirino","42wp_author-vicente-soella"],"_links":{"self":[{"href":"https:\/\/grandepremio.com\/br\/wp-json\/wp\/v2\/posts\/58549","targetHints":{"allow":["GET"]}}],"collection":[{"href":"https:\/\/grandepremio.com\/br\/wp-json\/wp\/v2\/posts"}],"about":[{"href":"https:\/\/grandepremio.com\/br\/wp-json\/wp\/v2\/types\/post"}],"replies":[{"embeddable":true,"href":"https:\/\/grandepremio.com\/br\/wp-json\/wp\/v2\/comments?post=58549"}],"version-history":[{"count":0,"href":"https:\/\/grandepremio.com\/br\/wp-json\/wp\/v2\/posts\/58549\/revisions"}],"wp:featuredmedia":[{"embeddable":true,"href":"https:\/\/grandepremio.com\/br\/wp-json\/wp\/v2\/media\/1000880246"}],"wp:attachment":[{"href":"https:\/\/grandepremio.com\/br\/wp-json\/wp\/v2\/media?parent=58549"}],"wp:term":[{"taxonomy":"category","embeddable":true,"href":"https:\/\/grandepremio.com\/br\/wp-json\/wp\/v2\/categories?post=58549"},{"taxonomy":"post_tag","embeddable":true,"href":"https:\/\/grandepremio.com\/br\/wp-json\/wp\/v2\/tags?post=58549"},{"taxonomy":"42wp_author","embeddable":true,"href":"https:\/\/grandepremio.com\/br\/wp-json\/wp\/v2\/42wp_author?post=58549"}],"curies":[{"name":"wp","href":"https:\/\/api.w.org\/{rel}","templated":true}]}}