{"id":58643,"date":"2024-10-12T13:35:01","date_gmt":"2024-10-12T16:35:01","guid":{"rendered":"https:\/\/grandepremio.com\/br\/noticias\/ducati-encerra-desenvolvimento-equilibrio-briga-titulo-jorge-martin-francesco-bagnaia\/"},"modified":"2024-10-12T13:36:38","modified_gmt":"2024-10-12T16:36:38","slug":"ducati-encerra-desenvolvimento-equilibrio-briga-titulo-jorge-martin-francesco-bagnaia","status":"publish","type":"post","link":"https:\/\/grandepremio.com\/br\/motogp\/ducati-encerra-desenvolvimento-equilibrio-briga-titulo-jorge-martin-francesco-bagnaia\/","title":{"rendered":"Ducati encerra desenvolvimento por equil\u00edbrio na briga do t\u00edtulo entre Mart\u00edn e Bagnaia"},"content":{"rendered":"\n<p class=\"wp-block-paragraph\">A briga pelo t\u00edtulo da<strong> MotoGP <\/strong>em 2024 est\u00e1 ficando apertada com apenas quatro rodadas restantes no calend\u00e1rio. Atualmente, <strong>Jorge Mart\u00edn <\/strong>lidera, com 392 pontos, mas<strong> Francesco Bagnaia<\/strong> segue na persegui\u00e7\u00e3o e j\u00e1 chegou \u00e0 marca de 382 tentos na temporada. Com os companheiros de equipe na disputa pela ta\u00e7a, a <strong>Ducati <\/strong>optou por paralisar o desenvolvimento da <strong>Desmosedici GP24<\/strong>.<\/p>\n\n\n\n<p class=\"wp-block-paragraph\">No \u00faltimo fim de semana, <a href=\"https:\/\/www.grandepremio.com\/br\/motogp\/noticias\/francesco-bagnaia-resiste-pressao-jorge-martin-japao-vence-motogp-marc-marquez-3o\/\">Bagnaia conquistou a oitava vit\u00f3ria do ano<\/a> em <strong>Motegi <\/strong>e somou todos os 37 pontos que estavam em jogo na rodada. Com isso, a diferen\u00e7a para Mart\u00edn, que era de 21, despencou para dez e deixou o cen\u00e1rio da disputa pelo t\u00edtulo ainda mais incerto.\u00a0<\/p>\n\n\n\n<p class=\"wp-block-paragraph\">Com a inten\u00e7\u00e3o de oferecer condi\u00e7\u00f5es iguais de disputa e manter a luta em territ\u00f3rio j\u00e1 conhecido por ambos, a Ducati confirmou que n\u00e3o vai mais trazer atualiza\u00e7\u00f5es para as quatro etapas restantes, na <strong>Austr\u00e1lia<\/strong>, <strong>Tail\u00e2ndia<\/strong>, <strong>Mal\u00e1sia <\/strong>e em <strong>Val\u00eancia<\/strong>.\u00a0<\/p>\n\n\n\n<p class=\"wp-block-paragraph\">A decis\u00e3o, al\u00e9m de afetar os l\u00edderes do campeonato, tamb\u00e9m respinga em <strong>Enea Bastianini<\/strong> e <strong>Franco Morbidelli<\/strong>, outros dois pilotos que tamb\u00e9m guiam a GP24. Por quest\u00f5es contratuais, qualquer altera\u00e7\u00e3o em uma das quatro motos da Ducati deve ser aplicada igualmente nas demais tr\u00eas.\u00a0<\/p>\n\n\n\n<figure class=\"wp-block-image size-large\"><img decoding=\"async\" src=\"https:\/\/www.grandepremio.com\/br\/wp-content\/uploads\/2024\/10\/AFP__20241006__36JE3CW__v1__HighRes__MotoPrixJpnMotogp-1200x800.jpg\" alt=\"\" class=\"wp-image-878074\"\/><figcaption class=\"wp-element-caption\">Jorge Mart\u00edn e Francesco Bagnaia conversam ap\u00f3s o GP do Jap\u00e3o (Foto: AFP)<\/figcaption><\/figure>\n\n\n\n<p class=\"wp-block-paragraph\">Com isso, segundo Bagnaia, as melhorias que a Ducati apresentou em testes coletivos em <strong>Misano<\/strong>, em setembro, n\u00e3o poder\u00e3o ser incorporadas na GP24. Ao inv\u00e9s disso, as pe\u00e7as ir\u00e3o direto para a <strong>GP25 <\/strong>na temporada que vem.&nbsp;<\/p>\n\n\n\n<p class=\"wp-block-paragraph\">\u201cEm Misano, experimentei um novo chassi, que nem eu nem Jorge poderemos usar este ano. Na pr\u00e1tica, trata-se de uma evolu\u00e7\u00e3o da GP24 que a Ducati deve ser capaz de oferecer por contrato a todos os pilotos. Mas, infelizmente, n\u00e3o h\u00e1 pe\u00e7as suficientes. Nossas motos permanecer\u00e3o como est\u00e3o at\u00e9 o final da temporada. E \u00e9 uma pena, porque era um importante avan\u00e7o que provavelmente poderia fazer a diferen\u00e7a\u201d, comentou o vice-l\u00edder do campeonato \u00e0 revista inglesa <em>Autosport<\/em>.&nbsp;<\/p>\n\n\n\n<p class=\"wp-block-paragraph\">\u201cMas a Ducati sempre foi clara sobre isso, e as duas motos ser\u00e3o iguais at\u00e9 o final. Este chassi ser\u00e1 o ponto de partida para a Ducati do pr\u00f3ximo ano\u201d, completou.&nbsp;<\/p>\n\n\n\n<p class=\"wp-block-paragraph\">J\u00e1 Mart\u00edn, que est\u00e1 de sa\u00edda para a <strong>Aprilia <\/strong>em 2025, refor\u00e7ou a cren\u00e7a de que a Ducati est\u00e1 oferecendo condi\u00e7\u00f5es iguais entre os pilotos na disputa do t\u00edtulo. O espanhol, que \u00e9 o atual vice-campe\u00e3o da MotoGP, est\u00e1 em busca do primeiro t\u00edtulo.\u00a0<\/p>\n\n\n\n<figure class=\"wp-block-image size-large\"><img decoding=\"async\" src=\"https:\/\/www.grandepremio.com\/br\/wp-content\/uploads\/2024\/10\/MotoGP-2024-Japao-Motegi-Domingo-Ducati-Francesco-Bagnaia-1200x800.jpg\" alt=\"\" class=\"wp-image-878297\"\/><figcaption class=\"wp-element-caption\">Francesco Bagnaia segue na briga pelo t\u00edtulo de 2024 (Foto: Ducati)<\/figcaption><\/figure>\n\n\n\n<p class=\"wp-block-paragraph\">\u201cA Ducati me apoia 100%. A moto est\u00e1 perfeita e estou convencido de que assim ser\u00e1 at\u00e9 o final do Mundial\u201d, disse.<\/p>\n\n\n\n<p class=\"wp-block-paragraph\">A\u00a0<strong><a href=\"https:\/\/grandepremio.com\/motovelocidade\/\" target=\"_blank\" rel=\"noreferrer noopener\">MotoGP<\/a><\/strong>\u00a0volta \u00e0 pista entre os dias 18 e 20 de outubro para o GP da\u00a0<strong>Austr\u00e1lia<\/strong>, em\u00a0<strong><a href=\"https:\/\/www.grandepremio.com\/br\/circuito\/phillip-island\/\" target=\"_blank\" rel=\"noreferrer noopener\">Phillip Island<\/a><\/strong>, 16\u00aa etapa da temporada\u00a0<strong>2024<\/strong>. O\u00a0<strong>GRANDE PR\u00caMIO\u00a0<\/strong>faz a cobertura completa do evento, assim como das outras classes do Mundial de\u00a0<a href=\"https:\/\/www.grandepremio.com\/motovelocidade\/\">Motovelocidade\u00a0<\/a>durante todo o ano.<\/p>\n\n\n\n<p class=\"wp-block-paragraph\"><strong>\u25b6\ufe0f&nbsp;Inscreva-se nos dois canais do GRANDE PR\u00caMIO no YouTube:&nbsp;<a href=\"https:\/\/www.youtube.com\/channel\/UC9OlHEgxoaY6QY6nWPoiqQg?sub_confirmation=1\" target=\"_blank\" rel=\"noreferrer noopener\">GP<\/a>&nbsp;|&nbsp;<a href=\"https:\/\/www.youtube.com\/channel\/UC9csiS6q_C3C0FYhyr1rnFA?sub_confirmation=1\" target=\"_blank\" rel=\"noreferrer noopener\">GP2<\/a><\/strong><\/p>\n\n\n\n<figure class=\"wp-block-embed is-type-video is-provider-youtube wp-block-embed-youtube wp-embed-aspect-16-9 wp-has-aspect-ratio\"><div class=\"wp-block-embed__wrapper\">\n<iframe loading=\"lazy\" title=\"Yamaha at\u00e9 cresce, MAS PECA na matem\u00e1tica e IRRITA Quartararo | GP \u00e0s 10\" width=\"500\" height=\"281\" src=\"https:\/\/www.youtube.com\/embed\/upQ3S6-rrQ0?feature=oembed\" frameborder=\"0\" allow=\"accelerometer; autoplay; clipboard-write; encrypted-media; gyroscope; picture-in-picture; web-share\" referrerpolicy=\"strict-origin-when-cross-origin\" allowfullscreen><\/iframe>\n<\/div><\/figure>\n","protected":false},"excerpt":{"rendered":"<p>Briga por t\u00edtulo entre Jorge Mart\u00edn e Francesco Bagnaia for\u00e7ou Ducati a paralisar desenvolvimento da GP24 para oferecer condi\u00e7\u00f5es iguais de disputa<\/p>\n","protected":false},"author":0,"featured_media":1000878067,"comment_status":"closed","ping_status":"closed","sticky":false,"template":"","format":"standard","meta":{"42wp_featured_image_caption":"","42wp_featured_image_credits":"","42wp_featured_video":"","42wp_featured_image_hidden":false,"42wp_authors_list":[],"footnotes":""},"categories":[8],"tags":[133,5660,131,2327,24855,24704,2869,78,1233,136,2498],"42wp_author":[47162],"class_list":["post-58643","post","type-post","status-publish","format-standard","has-post-thumbnail","hentry","category-motogp","tag-aprilia","tag-classificacao","tag-ducati","tag-francesco-bagnaia","tag-japao","tag-jorge-martin","tag-motegi","tag-motogp","tag-motovelocidade","tag-pramac","tag-titulo","42wp_author-giovani-danjo"],"_links":{"self":[{"href":"https:\/\/grandepremio.com\/br\/wp-json\/wp\/v2\/posts\/58643","targetHints":{"allow":["GET"]}}],"collection":[{"href":"https:\/\/grandepremio.com\/br\/wp-json\/wp\/v2\/posts"}],"about":[{"href":"https:\/\/grandepremio.com\/br\/wp-json\/wp\/v2\/types\/post"}],"replies":[{"embeddable":true,"href":"https:\/\/grandepremio.com\/br\/wp-json\/wp\/v2\/comments?post=58643"}],"version-history":[{"count":0,"href":"https:\/\/grandepremio.com\/br\/wp-json\/wp\/v2\/posts\/58643\/revisions"}],"wp:featuredmedia":[{"embeddable":true,"href":"https:\/\/grandepremio.com\/br\/wp-json\/wp\/v2\/media\/1000878067"}],"wp:attachment":[{"href":"https:\/\/grandepremio.com\/br\/wp-json\/wp\/v2\/media?parent=58643"}],"wp:term":[{"taxonomy":"category","embeddable":true,"href":"https:\/\/grandepremio.com\/br\/wp-json\/wp\/v2\/categories?post=58643"},{"taxonomy":"post_tag","embeddable":true,"href":"https:\/\/grandepremio.com\/br\/wp-json\/wp\/v2\/tags?post=58643"},{"taxonomy":"42wp_author","embeddable":true,"href":"https:\/\/grandepremio.com\/br\/wp-json\/wp\/v2\/42wp_author?post=58643"}],"curies":[{"name":"wp","href":"https:\/\/api.w.org\/{rel}","templated":true}]}}