{"id":58921,"date":"2024-10-10T07:25:23","date_gmt":"2024-10-10T10:25:23","guid":{"rendered":"https:\/\/grandepremio.com\/br\/noticias\/ducati-promete-grande-festa-titulo-independente-quem-campeao\/"},"modified":"2024-10-10T07:26:04","modified_gmt":"2024-10-10T10:26:04","slug":"ducati-promete-grande-festa-titulo-independente-quem-campeao","status":"publish","type":"post","link":"https:\/\/grandepremio.com\/br\/motogp\/ducati-promete-grande-festa-titulo-independente-quem-campeao\/","title":{"rendered":"Ducati promete \u201cgrande festa\u201d por t\u00edtulo: \u201cIndependente de quem seja campe\u00e3o\u201d"},"content":{"rendered":"\n<p class=\"wp-block-paragraph\">Chefe da <strong>Ducati Corse<\/strong>, <strong>Gigi Dall\u2019Igna<\/strong> garantiu que a casa de <strong>Bolonha <\/strong>est\u00e1 preparando uma grande festa pelo t\u00edtulo da <strong>MotoGP <\/strong>\u201cindependente de quem seja o campe\u00e3o\u201d. Dirigente assegurou que o final da temporada <strong>2024 <\/strong>ser\u00e1 \u201cespetacular\u201d.<\/p>\n\n\n\n<p class=\"wp-block-paragraph\">Restando apenas quatro etapas para o fim da temporada, uma coisa \u00e9 certa: um piloto da Ducati ser\u00e1 campe\u00e3o do <strong>Mundial de Pilotos<\/strong>. Com 148 pontos ainda em disputa nos GPs de <strong>Austr\u00e1lia<\/strong>, <strong>Tail\u00e2ndia<\/strong>, <strong>Mal\u00e1sia <\/strong>e <strong>Comunidade Valenciana<\/strong>, apenas <strong>Jorge Mart\u00edn<\/strong>, <strong>Francesco Bagnaia<\/strong>, <strong>Enea Bastianini <\/strong>e <strong>Marc M\u00e1rquez <\/strong>t\u00eam chances matem\u00e1ticas de t\u00edtulo.<\/p>\n\n\n\n<p class=\"wp-block-paragraph\">Mart\u00edn vai para <strong>Phillip Island <\/strong>na pr\u00f3xima semana com dez pontos de vantagem para Bagnaia. Bastianini, por sua vez, tem 79 pontos de atraso para o l\u00edder, com M\u00e1rquez aparecendo mais dois pontos atr\u00e1s.<\/p>\n\n\n\n<p class=\"wp-block-paragraph\">Animado com o resultado do GP do <strong>Jap\u00e3o<\/strong>, que deixou um saldo de duas vit\u00f3rias de Bagnaia, Gigi destacou que a miss\u00e3o est\u00e1 cumprida em 2024 e, assim, a Ducati pode preparar uma grande festa pelo t\u00edtulo.<\/p>\n\n\n\n<p class=\"wp-block-paragraph\"><strong>\u25b6\ufe0f&nbsp;Inscreva-se nos dois canais do GRANDE PR\u00caMIO no YouTube:&nbsp;<a href=\"https:\/\/www.youtube.com\/channel\/UC9OlHEgxoaY6QY6nWPoiqQg?sub_confirmation=1\" target=\"_blank\" rel=\"noreferrer noopener\">GP<\/a>&nbsp;|&nbsp;<a href=\"https:\/\/www.youtube.com\/channel\/UC9csiS6q_C3C0FYhyr1rnFA?sub_confirmation=1\" target=\"_blank\" rel=\"noreferrer noopener\">GP2<\/a><\/strong><\/p>\n\n\n\n<figure class=\"wp-block-image size-large\"><img decoding=\"async\" src=\"https:\/\/www.grandepremio.com\/br\/wp-content\/uploads\/2024\/09\/Gigi_UC696167_High-1200x800.jpg\" alt=\"\" class=\"wp-image-872722\"\/><figcaption class=\"wp-element-caption\">Gigi Dall&#8217;Igna destacou que Ducati vai preparar fest\u00e3o para comemorar t\u00edtulo em 2024 (Foto: Ducati)<\/figcaption><\/figure>\n\n\n\n<p class=\"wp-block-paragraph\"><strong>LEIA TAMB\u00c9M<\/strong><br><strong>\u25b6\ufe0f\u00a0<a href=\"https:\/\/www.grandepremio.com\/br\/motogp\/noticias\/david-alonso-coroa-temporada-magistral-titulo-faz-historia-colombia-moto3\/\">Alonso coroa temporada magistral com t\u00edtulo e faz hist\u00f3ria para Col\u00f4mbia na Moto3<\/a><\/strong><br><strong>\u25b6\ufe0f<\/strong>\u00a0<strong><a href=\"https:\/\/www.grandepremio.com\/br\/grandepremium\/10\/motogp\/materias\/10-fatos-david-alonso\/\">GRANDE PREMIUM | 10 fatos sobre David Alonso, campe\u00e3o da Moto3<\/a><\/strong><\/p>\n\n\n\n<p class=\"wp-block-paragraph\">\u201cMiss\u00e3o cumprida: a matem\u00e1tica diz que um dos nossos quatro pilotos estar\u00e1 no topo da classifica\u00e7\u00e3o mundial\u201d, comentou Dall\u2019Igna. \u201cIsso nos enche de orgulho e nos prepara para uma grande festa da Ducati, independente de quem seja o campe\u00e3o\u201d, garantiu.<\/p>\n\n\n\n<p class=\"wp-block-paragraph\">\u201cEstamos prontos para curtir um final espetacular, que ser\u00e1 exatamente isso\u2026 espetacular! Sempre sob a bandeira da esportividade\u201d, concluiu.<\/p>\n\n\n\n<p class=\"wp-block-paragraph\">A\u00a0<strong><a href=\"https:\/\/grandepremio.com\/motovelocidade\/\" target=\"_blank\" rel=\"noreferrer noopener\">MotoGP<\/a><\/strong>\u00a0volta \u00e0 pista entre os dias 18 e 20 de outubro para o GP da\u00a0<strong>Austr\u00e1lia<\/strong>, em\u00a0<strong><a href=\"https:\/\/www.grandepremio.com\/br\/circuito\/phillip-island\/\" target=\"_blank\" rel=\"noreferrer noopener\">Phillip Island<\/a><\/strong>, 16\u00aa etapa da temporada\u00a0<strong>2024<\/strong>. O\u00a0<strong>GRANDE PR\u00caMIO\u00a0<\/strong>faz a cobertura completa do evento, assim como das outras classes do Mundial de\u00a0<a href=\"https:\/\/www.grandepremio.com\/motovelocidade\/\">Motovelocidade\u00a0<\/a>durante todo o ano.<\/p>\n\n\n\n<figure class=\"wp-block-embed is-type-video is-provider-youtube wp-block-embed-youtube wp-embed-aspect-16-9 wp-has-aspect-ratio\"><div class=\"wp-block-embed__wrapper\">\n<iframe loading=\"lazy\" title=\"Yamaha at\u00e9 cresce, MAS PECA na matem\u00e1tica e IRRITA Quartararo | GP \u00e0s 10\" width=\"500\" height=\"281\" src=\"https:\/\/www.youtube.com\/embed\/upQ3S6-rrQ0?feature=oembed\" frameborder=\"0\" allow=\"accelerometer; autoplay; clipboard-write; encrypted-media; gyroscope; picture-in-picture; web-share\" referrerpolicy=\"strict-origin-when-cross-origin\" allowfullscreen><\/iframe>\n<\/div><\/figure>\n","protected":false},"excerpt":{"rendered":"<p>Diretor da Ducati Corse, Gigi Dall\u2019Igna destacou que, com quatro etapas para o fim da temporada 2024, apenas Jorge Mart\u00edn, Francesco Bagnaia, Enea Bastianini e Marc M\u00e1rquez t\u00eam chances matem\u00e1ticas de t\u00edtulo e, assim, a casa de Bolonha se prepara para uma grande festa<\/p>\n","protected":false},"author":0,"featured_media":1000807374,"comment_status":"closed","ping_status":"closed","sticky":false,"template":"","format":"standard","meta":{"42wp_featured_image_caption":"","42wp_featured_image_credits":"","42wp_featured_video":"","42wp_featured_image_hidden":false,"42wp_authors_list":[],"footnotes":""},"categories":[8],"tags":[5214,131,2327,32229,715,28285,3504,130,24855,132,2869,79,78,34329,37693,37691,37692,25819,29345,28766,37694,26690,136,172],"42wp_author":[47113],"class_list":["post-58921","post","type-post","status-publish","format-standard","has-post-thumbnail","hentry","category-motogp","tag-classificacao-motogp","tag-ducati","tag-francesco-bagnaia","tag-gasgas","tag-gigi-dalligna","tag-grandepremio","tag-gresini","tag-honda","tag-japao","tag-ktm","tag-motegi","tag-moto-gp","tag-motogp","tag-motogp-2024","tag-motogp-2024-calendario","tag-motogp-calendario-2024","tag-motogp-classificacao-2024","tag-motogp-hoje","tag-motogp-horario","tag-motogp-standings","tag-onde-assistir-motogp-2024","tag-pilotos-motogp","tag-pramac","tag-yamaha","42wp_author-juliana-tesser"],"_links":{"self":[{"href":"https:\/\/grandepremio.com\/br\/wp-json\/wp\/v2\/posts\/58921","targetHints":{"allow":["GET"]}}],"collection":[{"href":"https:\/\/grandepremio.com\/br\/wp-json\/wp\/v2\/posts"}],"about":[{"href":"https:\/\/grandepremio.com\/br\/wp-json\/wp\/v2\/types\/post"}],"replies":[{"embeddable":true,"href":"https:\/\/grandepremio.com\/br\/wp-json\/wp\/v2\/comments?post=58921"}],"version-history":[{"count":0,"href":"https:\/\/grandepremio.com\/br\/wp-json\/wp\/v2\/posts\/58921\/revisions"}],"wp:featuredmedia":[{"embeddable":true,"href":"https:\/\/grandepremio.com\/br\/wp-json\/wp\/v2\/media\/1000807374"}],"wp:attachment":[{"href":"https:\/\/grandepremio.com\/br\/wp-json\/wp\/v2\/media?parent=58921"}],"wp:term":[{"taxonomy":"category","embeddable":true,"href":"https:\/\/grandepremio.com\/br\/wp-json\/wp\/v2\/categories?post=58921"},{"taxonomy":"post_tag","embeddable":true,"href":"https:\/\/grandepremio.com\/br\/wp-json\/wp\/v2\/tags?post=58921"},{"taxonomy":"42wp_author","embeddable":true,"href":"https:\/\/grandepremio.com\/br\/wp-json\/wp\/v2\/42wp_author?post=58921"}],"curies":[{"name":"wp","href":"https:\/\/api.w.org\/{rel}","templated":true}]}}