{"id":59359,"date":"2024-10-06T04:05:32","date_gmt":"2024-10-06T07:05:32","guid":{"rendered":"https:\/\/grandepremio.com\/br\/noticias\/david-alonso-mostra-incredulo-titulo-moto3-queria-ser-campeao-vencendo\/"},"modified":"2024-10-06T04:07:20","modified_gmt":"2024-10-06T07:07:20","slug":"david-alonso-mostra-incredulo-titulo-moto3-queria-ser-campeao-vencendo","status":"publish","type":"post","link":"https:\/\/grandepremio.com\/br\/motogp\/david-alonso-mostra-incredulo-titulo-moto3-queria-ser-campeao-vencendo\/","title":{"rendered":"Alonso se mostra incr\u00e9dulo com t\u00edtulo da Moto3 e diz: \u201cQueria ser campe\u00e3o vencendo\u201d"},"content":{"rendered":"\n<p class=\"wp-block-paragraph\"><strong>David Alonso<\/strong> dominou a temporada <strong>2024<\/strong>, mas saiu do <a href=\"https:\/\/www.grandepremio.com\/br\/motogp\/noticias\/david-alonso-aproveita-match-point-gp-japao-vence-campeao-moto3-2024\/\">GP do <strong>Jap\u00e3o<\/strong> deste domingo (6)<\/a> incr\u00e9dulo com a conquista do t\u00edtulo da <strong>Moto3<\/strong>. O colombiano destacou que a vit\u00f3ria em <strong>Motegi <\/strong>coroou o que definiu como \u201csonho perfeito\u201d.<\/p>\n\n\n\n<p class=\"wp-block-paragraph\">Alonso chegou ao Jap\u00e3o com 97 pontos de vantagem para <strong>Daniel Holgado <\/strong>na classifica\u00e7\u00e3o e precisando apenas de mais tr\u00eas pontos para assegurar a ta\u00e7a com quatro etapas de anteced\u00eancia. Assim, um triunfo era o caminho mais curto rumo ao <strong>Mundial de Pilotos<\/strong>, mas uma combina\u00e7\u00e3o de resultados envolvendo tamb\u00e9m <strong>Iv\u00e1n Ortol\u00e1 <\/strong>e <strong>Collin Veijer <\/strong>tamb\u00e9m era poss\u00edvel.<\/p>\n\n\n\n<p class=\"wp-block-paragraph\">Mesmo assim, Alonso perseguiu o topo do p\u00f3dio. O piloto da <strong>Aspar <\/strong>chegou a cair para sexto ao longo da disputa, mas remou para assegurar a d\u00e9cima vit\u00f3ria da temporada 2024.<\/p>\n\n\n\n<p class=\"wp-block-paragraph\">\u201cQueria ser campe\u00e3o vencendo a corrida, estava certo disso\u201d, contou Alonso. \u201cN\u00e3o conseguia imaginar outro jeito de realizar meu sonho perfeito do que vencendo\u201d, seguiu.<\/p>\n\n\n\n<p class=\"wp-block-paragraph\"><strong>LEIA TAMB\u00c9M<\/strong><br><strong>\u25b6\ufe0f\u00a0<a href=\"https:\/\/www.grandepremio.com\/br\/motogp\/noticias\/david-alonso-coroa-temporada-magistral-titulo-faz-historia-colombia-moto3\/\">Alonso coroa temporada magistral com t\u00edtulo e faz hist\u00f3ria para Col\u00f4mbia na Moto3<\/a><\/strong><\/p>\n\n\n\n<figure class=\"wp-block-image size-large\"><img decoding=\"async\" src=\"https:\/\/www.grandepremio.com\/br\/wp-content\/uploads\/2024\/10\/Moto3-2024-Japao-Motegi-Domingo-Aspar-David-Alonso3-1200x800.jpeg\" alt=\"\" class=\"wp-image-877962\"\/><figcaption class=\"wp-element-caption\">David Alonso \u00e9 o primeiro colombiano campe\u00e3o do Mundial de Motovelocidade (Foto: Aspar)<\/figcaption><\/figure>\n\n\n\n<p class=\"wp-block-paragraph\"><strong>\u25b6\ufe0f&nbsp;Inscreva-se nos dois canais do GRANDE PR\u00caMIO no YouTube:&nbsp;<a href=\"https:\/\/www.youtube.com\/channel\/UC9OlHEgxoaY6QY6nWPoiqQg?sub_confirmation=1\" target=\"_blank\" rel=\"noreferrer noopener\">GP<\/a>&nbsp;|&nbsp;<a href=\"https:\/\/www.youtube.com\/channel\/UC9csiS6q_C3C0FYhyr1rnFA?sub_confirmation=1\" target=\"_blank\" rel=\"noreferrer noopener\">GP2<\/a><\/strong><\/p>\n\n\n\n<p class=\"wp-block-paragraph\">Alonso assumiu, contudo, que teve medo de comemorar antes da hora, j\u00e1 que suspeitou que tinha extrapolado os limites da pista na \u00faltima volta no Jap\u00e3o.<\/p>\n\n\n\n<p class=\"wp-block-paragraph\">\u201cCruzei a linha de chegada e n\u00e3o conseguia acreditar. Achei que tinha excedido os limites de pista na \u00faltima volta e n\u00e3o queria comemorar antes da hora\u201d, revelou. \u201cQuando come\u00e7aram a me parabenizar, perguntei se era realmente campe\u00e3o. N\u00e3o conseguia acreditar\u201d, detalhou.<\/p>\n\n\n\n<p class=\"wp-block-paragraph\">\u201cFiquei muito calmo durante todo o fim de semana, mas ontem a tarde eu comecei a ter algumas d\u00favidas\u201d, confessou.<\/p>\n\n\n\n<p class=\"wp-block-paragraph\">Por fim, David agradeceu n\u00e3o apenas a equipe de <strong>Jorge Mart\u00ednez \u2018Aspar\u2019<\/strong>, mas tamb\u00e9m \u00e0 construtora <strong>CFMOTO <\/strong>e aos patrocinadores por ter a chance de realizar o sonho de conquistar um t\u00edtulo mundial.<\/p>\n\n\n\n<p class=\"wp-block-paragraph\">\u201cQuero agradecer a minha equipe, a CFMOTO, meus patrocinadores e todas as pessoas que me ajudaram a cegar aqui, pois, sem eles, n\u00e3o teria podido realizar meu sonho\u201d, encerrou.<\/p>\n\n\n\n<p class=\"wp-block-paragraph\">A\u00a0<strong><a href=\"https:\/\/grandepremio.com\/motovelocidade\/\" target=\"_blank\" rel=\"noreferrer noopener\">Moto3<\/a><\/strong>\u00a0volta \u00e0 pista entre os dias 18 e 20 de outubro para o GP da\u00a0<strong>Austr\u00e1lia<\/strong>, em\u00a0<strong><a href=\"https:\/\/www.grandepremio.com\/br\/circuito\/phillip-island\/\" target=\"_blank\" rel=\"noreferrer noopener\">Phillip Island<\/a><\/strong>, 16\u00aa etapa da temporada\u00a0<strong>2024<\/strong>. O\u00a0<strong>GRANDE PR\u00caMIO\u00a0<\/strong>faz a cobertura completa do evento, assim como das outras classes do Mundial de\u00a0<a href=\"https:\/\/www.grandepremio.com\/motovelocidade\/\">Motovelocidade\u00a0<\/a>durante todo o ano.<\/p>\n\n\n\n<figure class=\"wp-block-embed is-type-video is-provider-youtube wp-block-embed-youtube wp-embed-aspect-16-9 wp-has-aspect-ratio\"><div class=\"wp-block-embed__wrapper\">\n<iframe loading=\"lazy\" title=\"MART\u00cdN x BAGNAIA: T\u00cdTULO da MotoGP vai para QUEM ERRAR MENOS em 2024 | GP \u00e0s 10\" width=\"500\" height=\"281\" src=\"https:\/\/www.youtube.com\/embed\/zA7gl3lqz_I?feature=oembed\" frameborder=\"0\" allow=\"accelerometer; autoplay; clipboard-write; encrypted-media; gyroscope; picture-in-picture; web-share\" referrerpolicy=\"strict-origin-when-cross-origin\" allowfullscreen><\/iframe>\n<\/div><\/figure>\n","protected":false},"excerpt":{"rendered":"<p>David Alonso contou que teve d\u00favidas sobre ter excedido os limites da pista na \u00faltima volta do GP do Jap\u00e3o e temeu comemorar o t\u00edtulo antes da hora. Colombiano disse que o sonho perfeito do t\u00edtulo era com vit\u00f3ria em Motegi<\/p>\n","protected":false},"author":0,"featured_media":1000877961,"comment_status":"closed","ping_status":"closed","sticky":false,"template":"","format":"standard","meta":{"42wp_featured_image_caption":"","42wp_featured_image_credits":"","42wp_featured_video":"","42wp_featured_image_hidden":false,"42wp_authors_list":[],"footnotes":""},"categories":[8],"tags":[5214,35986,131,2327,32229,28285,3504,130,24855,132,2869,79,1809,78,34329,37693,37691,37692,25819,29345,28766,37694,26690,136,172],"42wp_author":[47113],"class_list":["post-59359","post","type-post","status-publish","format-standard","has-post-thumbnail","hentry","category-motogp","tag-classificacao-motogp","tag-david-alonso","tag-ducati","tag-francesco-bagnaia","tag-gasgas","tag-grandepremio","tag-gresini","tag-honda","tag-japao","tag-ktm","tag-motegi","tag-moto-gp","tag-moto3","tag-motogp","tag-motogp-2024","tag-motogp-2024-calendario","tag-motogp-calendario-2024","tag-motogp-classificacao-2024","tag-motogp-hoje","tag-motogp-horario","tag-motogp-standings","tag-onde-assistir-motogp-2024","tag-pilotos-motogp","tag-pramac","tag-yamaha","42wp_author-juliana-tesser"],"_links":{"self":[{"href":"https:\/\/grandepremio.com\/br\/wp-json\/wp\/v2\/posts\/59359","targetHints":{"allow":["GET"]}}],"collection":[{"href":"https:\/\/grandepremio.com\/br\/wp-json\/wp\/v2\/posts"}],"about":[{"href":"https:\/\/grandepremio.com\/br\/wp-json\/wp\/v2\/types\/post"}],"replies":[{"embeddable":true,"href":"https:\/\/grandepremio.com\/br\/wp-json\/wp\/v2\/comments?post=59359"}],"version-history":[{"count":0,"href":"https:\/\/grandepremio.com\/br\/wp-json\/wp\/v2\/posts\/59359\/revisions"}],"wp:featuredmedia":[{"embeddable":true,"href":"https:\/\/grandepremio.com\/br\/wp-json\/wp\/v2\/media\/1000877961"}],"wp:attachment":[{"href":"https:\/\/grandepremio.com\/br\/wp-json\/wp\/v2\/media?parent=59359"}],"wp:term":[{"taxonomy":"category","embeddable":true,"href":"https:\/\/grandepremio.com\/br\/wp-json\/wp\/v2\/categories?post=59359"},{"taxonomy":"post_tag","embeddable":true,"href":"https:\/\/grandepremio.com\/br\/wp-json\/wp\/v2\/tags?post=59359"},{"taxonomy":"42wp_author","embeddable":true,"href":"https:\/\/grandepremio.com\/br\/wp-json\/wp\/v2\/42wp_author?post=59359"}],"curies":[{"name":"wp","href":"https:\/\/api.w.org\/{rel}","templated":true}]}}