{"id":59362,"date":"2024-10-06T04:00:00","date_gmt":"2024-10-06T07:00:00","guid":{"rendered":"https:\/\/grandepremio.com\/br\/noticias\/emerson-fittipaldi-bate-clay-regazzoni-jody-scheckter-bicampeao-f1-nos-eua\/"},"modified":"2024-10-05T21:12:33","modified_gmt":"2024-10-06T00:12:33","slug":"emerson-fittipaldi-bate-clay-regazzoni-jody-scheckter-bicampeao-f1-nos-eua","status":"publish","type":"post","link":"https:\/\/grandepremio.com\/br\/f1\/emerson-fittipaldi-bate-clay-regazzoni-jody-scheckter-bicampeao-f1-nos-eua\/","title":{"rendered":"Na Garagem: Fittipaldi bate Regazzoni e Scheckter e \u00e9 bicampe\u00e3o da F1 nos EUA"},"content":{"rendered":"\n<p class=\"wp-block-paragraph\">Apesar de passar por um per\u00edodo de seca de pilotos na <strong>F\u00f3rmula 1<\/strong>, o <strong>Brasil <\/strong>tem uma hist\u00f3ria riqu\u00edssima na principal categoria do esporte a motor e que come\u00e7ou a ganhar destaque com os feitos de <strong>Emerson Fittipaldi<\/strong>. O natural de <strong>S\u00e3o Paulo<\/strong> foi o primeiro piloto brasileiro que se aventurou no certame e atingiu certo protagonismo gra\u00e7as aos t\u00edtulos que conquistou. Os louros, al\u00e9m de eterniz\u00e1-lo na hist\u00f3ria, tamb\u00e9m serviu como incentivo para tantos outros compatriotas almejarem a carreira no automobilismo europeu.<\/p>\n\n\n\n<p class=\"wp-block-paragraph\">O segundo e \u00faltimo t\u00edtulo de <strong>Fittipaldi <\/strong>na<strong> F\u00f3rmula 1<\/strong>, inclusive, foi alcan\u00e7ado em um domingo, 6 de outubro, como hoje, mas h\u00e1 50 anos atr\u00e1s. Naquela temporada, em que defendia a <strong>McLaren<\/strong>, <strong>Emerson <\/strong>teve como principais rivais <strong>Clay Regazzoni<\/strong>, na <strong>Ferrari<\/strong>, e <strong>Jody Scheckter<\/strong>, na <strong>Tyrrell<\/strong>. Os tr\u00eas chegaram \u00e0 \u00faltima etapa do calend\u00e1rio em <strong>Watkins Glen<\/strong>, nos <strong>Estados Unidos<\/strong>, com chances matem\u00e1ticas de t\u00edtulo.<\/p>\n\n\n\n<p class=\"wp-block-paragraph\">Entre os postulantes, <strong>Scheckter <\/strong>brigava por fora, uma vez que havia somado apenas 45 pontos nas 14 etapas anteriores e sustentava uma desvantagem de sete tentos para os rivais. J\u00e1 <strong>Fittipaldi <\/strong>e <strong>Regazzoni <\/strong>foram para <strong>Watkins Glen<\/strong> com 52 tentos cada. O brasileiro tinha a vantagem do empate, uma vez que tinha tr\u00eas vit\u00f3rias no ano, contra apenas uma do su\u00ed\u00e7o. Essa foi a primeira vez na hist\u00f3ria da <strong>F\u00f3rmula 1<\/strong> que os concorrentes ao t\u00edtulo chegaram \u00e0 prova derradeira empatados. O feito s\u00f3 voltou a se repetir 47 anos depois, quando <strong>Lewis Hamilton<\/strong> e <strong>Max Verstappen<\/strong> foram para a decis\u00e3o da campanha de 2021 em <strong>Abu Dhabi<\/strong> com os mesmos 369.5 tentos.<\/p>\n\n\n\n<p class=\"wp-block-paragraph\">A matem\u00e1tica do t\u00edtulo era a seguinte. Para ser campe\u00e3o, <strong>Fittipaldi <\/strong>precisava somar no m\u00ednimo a mesma quantidade de pontos de <strong>Regazzoni<\/strong>, uma vez que levava a vantagem no crit\u00e9rio de desempate pelo n\u00famero de vit\u00f3rias. J\u00e1 para Scheckter ser campe\u00e3o, era preciso vencer e torcer para <strong>Emerson <\/strong>e <strong>Clay <\/strong>serem no m\u00e1ximo sexto.<\/p>\n\n\n\n<figure class=\"wp-block-image size-full\"><img decoding=\"async\" src=\"https:\/\/www.grandepremio.com\/br\/wp-content\/uploads\/2021\/12\/Emerson_Fittipaldi_McLaren_M23_1974.jpg\" alt=\"\" class=\"wp-image-530472\"\/><figcaption class=\"wp-element-caption\">Fittipaldi chegou com vantagem para a disputa do t\u00edtulo de 1974 em Watkins Glen (Foto: Reprodu\u00e7\u00e3o)<\/figcaption><\/figure>\n\n\n\n<p class=\"wp-block-paragraph\">Apesar de apenas tr\u00eas pilotos terem chegado ao <strong>GP dos Estados Unidos<\/strong> com chances de t\u00edtulo, a temporada 1974 da <strong>F\u00f3rmula 1<\/strong> foi um tanto disputada e sete pilotos venceram ao menos uma corrida. Por isso, os postulantes n\u00e3o podiam esperar uma vida f\u00e1cil na rodada em Watkins Glen. E de fato eles enfrentaram seus problemas.<\/p>\n\n\n\n<p class=\"wp-block-paragraph\">Entre os protagonistas da temporada, <strong>Scheckter <\/strong>foi o que conseguiu o melhor desempenho na classifica\u00e7\u00e3o. Por\u00e9m, fez apenas o sexto melhor tempo na sess\u00e3o que define o grid de largada e ficou a 0s5 do pole <strong>Carlos Reutmann. Fittipaldi <\/strong>foi apenas o oitavo, com <strong>Regazzoni <\/strong>logo atr\u00e1s, em nono. <strong>Jos\u00e9 Carlos Pace<\/strong>, outro brasileiro no grid, ficou com a segunda posi\u00e7\u00e3o a apenas 0s017 do argentino.<\/p>\n\n\n\n<p class=\"wp-block-paragraph\">Com os rivais largando t\u00e3o pr\u00f3ximos, a largada poderia ser determinante para o desfecho do campeonato, e pular \u00e0 frente poderia ser um bom passo para a conquista do t\u00edtulo. Quando a corrida teve in\u00edcio, <strong>Reutmann <\/strong>manteve a dianteira e foi seguido por <strong>James Hunt<\/strong>, <strong>Pace, Niki Lauda <\/strong>e <strong>Scheckter<\/strong>. Um pouco mais atr\u00e1s, Emerson e Clay tiveram um come\u00e7o interessante e ganharam duas posi\u00e7\u00f5es cada e at\u00e9 travaram uma disputa.<\/p>\n\n\n\n<p class=\"wp-block-paragraph\">Na curva 1, o su\u00ed\u00e7o at\u00e9 chegou a ficar \u00e0 frente do brasileiro. Os dois dividiram cerca de tr\u00eas curvas lado a lado e disputaram de forma dura a sexta coloca\u00e7\u00e3o, em que <strong>Emerson <\/strong>tamb\u00e9m n\u00e3o aliviou e levou a melhor.<\/p>\n\n\n\n<figure class=\"wp-block-image size-large\"><img decoding=\"async\" src=\"https:\/\/www.grandepremio.com\/br\/wp-content\/uploads\/2020\/09\/14-Regazzoni-1024x574.jpg\" alt=\"\" class=\"wp-image-415963\"\/><figcaption class=\"wp-element-caption\">Clay Regazzoni foi vice-campe\u00e3o em 1974 (Foto: Reprodu\u00e7\u00e3o)<\/figcaption><\/figure>\n\n\n\n<p class=\"wp-block-paragraph\">Na d\u00e9cima volta aconteceu o acidente fatal de <strong>Helmut Koinigg<\/strong> que, de certa forma, ficou ofuscado por causa da batalha pelo t\u00edtulo. O piloto austr\u00edaco estava dando seus primeiros passos na <strong>F\u00f3rmula 1<\/strong> e fazia a segunda corrida de sua carreira. <strong>Koinigg<\/strong>, no entanto, acabou batendo forte contra um guard-rail que estava mal colocado. O piloto morreu decapitado, mas ainda assim, a prova seguiu adiante.<\/p>\n\n\n\n<p class=\"wp-block-paragraph\">Voltando para a disputa do t\u00edtulo, se a primeira volta ficou marcada pelo embate entre os l\u00edderes do campeonato, um novo confronto nunca voltou a acontecer no decorrer das 59 voltas em <strong>Watkins Glen<\/strong>. <strong>Regazzoni <\/strong>come\u00e7ou a perder desempenho e foi superado por <strong>John Watson<\/strong>, <strong>Jochen Mass<\/strong>, <strong>Ronnie Peterson<\/strong> e <strong>Patrick Depailler. <\/strong>No 14\u00ba giro, o titular da <strong>Ferrari <\/strong>entrou nos boxes para os mec\u00e2nicos detectarem a causa do problema. O culpado foi um amortecedor, que apresentou falhas e teve de ser trocado. Por\u00e9m, quando voltou \u00e0 pista, j\u00e1 estava quatro voltas atr\u00e1s do l\u00edder. Era praticamente fim de disputa para o su\u00ed\u00e7o, que ainda cruzou a linha de chegada em 11\u00ba.<\/p>\n\n\n\n<p class=\"wp-block-paragraph\">Assim, a situa\u00e7\u00e3o de <strong>Fittipaldi <\/strong>ficou mais tranquila. Afinal, no momento dos problemas de <strong>Regazzoni<\/strong>, o brasileiro era o sexto e estava logo atr\u00e1s de <strong>Scheckter<\/strong>, que precisaria vencer para desbancar <strong>Emerson <\/strong>no topo da tabela. Assim, a corrida do piloto da <strong>McLaren <\/strong>se resumiu a poupar equipamento para evitar uma quebra e \u201cmarcar\u201d <strong>Jody<\/strong>. No giro 24, ambos ainda ganharam uma posi\u00e7\u00e3o por causa de uma perda de rendimento no carro de <strong>Niki Lauda<\/strong>.<\/p>\n\n\n\n<p class=\"wp-block-paragraph\">Enquanto <strong>Fittipaldi <\/strong>e <strong>Scheckter <\/strong>seguiam pr\u00f3ximos, l\u00e1 na frente <strong>Reutmann <\/strong>liderava o pelot\u00e3o e era seguido por <strong>Hunt <\/strong>e <strong>Pace<\/strong>, que abriam vantagem em rela\u00e7\u00e3o ao quarto colocado. Emerson at\u00e9 apresentou mais ritmo que o rival, mas optou pelo conservadorismo e seguiu comboiando <strong>Jody<\/strong>. Por\u00e9m, na volta 45, o sul-africano teve um problema de inje\u00e7\u00e3o eletr\u00f4nica e teve de abandonar. Assim, o cen\u00e1rio ficou ainda mais tranquilo para o piloto da <strong>McLaren<\/strong>.<\/p>\n\n\n\n<figure class=\"wp-block-image size-full\"><img decoding=\"async\" src=\"https:\/\/www.grandepremio.com\/br\/wp-content\/uploads\/2024\/10\/Carlos-Reutmann-1974-Foto-Reproducao.jpg\" alt=\"\" class=\"wp-image-877187\"\/><figcaption class=\"wp-element-caption\">Carlos Reutmann venceu em Watkins Glen em 1974 (Foto: Reprodu\u00e7\u00e3o)<\/figcaption><\/figure>\n\n\n\n<p class=\"wp-block-paragraph\">A partir do giro 46, a corrida tinha <strong>Reutmann <\/strong>na lideran\u00e7a, seguido por <strong>Hunt <\/strong>e <strong>Pace<\/strong>. <strong>Fittipaldi <\/strong>seguia em quarto, enquanto <strong>Regazzoni <\/strong>era 12\u00ba. Portanto, apenas uma cat\u00e1strofe impediria o brasileiro de conquistar o segundo t\u00edtulo. Por\u00e9m, a corrida seguiu de forma tranquila e poucas foram as ultrapassagens at\u00e9 chegar a volta final.<\/p>\n\n\n\n<p class=\"wp-block-paragraph\">L\u00e1 na frente, James Hunt teve problemas de freio, perdeu rendimento e foi superado por <strong>Jos\u00e9 Carlos Pace<\/strong> na volta 55. Assim, o piloto brasileiro seguiu na segunda coloca\u00e7\u00e3o at\u00e9 o final da prova, que teve <strong>Reutmann <\/strong>como vencedor liderando uma dobradinha da <strong>Brabham<\/strong>. Apesar do contratempo, <strong>Hunt <\/strong>conseguiu fechar no p\u00f3dio. <strong>Fittipaldi<\/strong>, que seguiu administrando o ritmo, cruzou a linha de chegada em quarto e foi bicampe\u00e3o, uma vez que <strong>Regazzoni <\/strong>teve uma s\u00e9rie de problemas e sequer pontuou.<\/p>\n\n\n\n<p class=\"wp-block-paragraph\">A\u00a0<strong><a href=\"https:\/\/www.grandepremio.com\/br\/f1\/\" target=\"_blank\" rel=\"noreferrer noopener\"><\/a><a href=\"https:\/\/www.grandepremio.com\/br\/f1\/\" target=\"_blank\" rel=\"noreferrer noopener\">F\u00f3rmula 1<\/a>\u00a0<\/strong>agora s\u00f3 volta entre os dias 18 e 20 de outubro para o\u00a0<strong>GP dos Estados Unidos<\/strong>, em\u00a0<strong>Austin<\/strong>.<\/p>\n\n\n\n<p class=\"wp-block-paragraph\"><strong><img decoding=\"async\" src=\"https:\/\/a.slack-edge.com\/production-standard-emoji-assets\/14.0\/google-medium\/25b6-fe0f.png\" alt=\":seta_para_frente:\">&nbsp;Inscreva-se nos dois canais do GRANDE PR\u00caMIO no YouTube:&nbsp;<a href=\"https:\/\/www.youtube.com\/channel\/UC9OlHEgxoaY6QY6nWPoiqQg?sub_confirmation=1\" target=\"_blank\" rel=\"noreferrer noopener\">GP<\/a>&nbsp;|&nbsp;<a href=\"https:\/\/www.youtube.com\/channel\/UC9csiS6q_C3C0FYhyr1rnFA?sub_confirmation=1\" target=\"_blank\" rel=\"noreferrer noopener\">GP2<\/a><\/strong><br><strong><img decoding=\"async\" src=\"https:\/\/a.slack-edge.com\/production-standard-emoji-assets\/14.0\/google-medium\/25b6-fe0f.png\" alt=\":seta_para_frente:\">&nbsp;LEIA TAMB\u00c9M:&nbsp;<a href=\"https:\/\/www.grandepremio.com\/br\/f1\/noticias\/mclaren-hoje-sobra-formula-1-mas-despreparo-vencer-aproxima-max-verstappen-tetra\/\">McLaren hoje sobra na F1, mas despreparo para vencer aproxima Verstappen do tetra<\/a><\/strong><\/p>\n\n\n\n<figure class=\"wp-block-embed is-type-video is-provider-youtube wp-block-embed-youtube wp-embed-aspect-16-9 wp-has-aspect-ratio\"><div class=\"wp-block-embed__wrapper\">\n<iframe loading=\"lazy\" title=\"Por que HADJAR pode chegar \u00e0 F1 2025 antes de BORTOLETO | GP \u00e0s 10\" width=\"500\" height=\"281\" src=\"https:\/\/www.youtube.com\/embed\/2nzjSQmhJhw?feature=oembed\" frameborder=\"0\" allow=\"accelerometer; autoplay; clipboard-write; encrypted-media; gyroscope; picture-in-picture; web-share\" referrerpolicy=\"strict-origin-when-cross-origin\" allowfullscreen><\/iframe>\n<\/div><\/figure>\n","protected":false},"excerpt":{"rendered":"<p>Emerson Fittipaldi conquistou o bicampeonato de 1974 em um GP dos Estados Unidos que ainda contou um p\u00f3dio de Jos\u00e9 Carlos Pace, o segundo do brasileiro na F1. Por\u00e9m, o fim de semana n\u00e3o foi apenas de celebra\u00e7\u00e3o, uma vez Helmut Koinigg sofreu um acidente fatal ainda nas voltas iniciais da corrida<\/p>\n","protected":false},"author":0,"featured_media":1000877185,"comment_status":"closed","ping_status":"closed","sticky":false,"template":"","format":"standard","meta":{"42wp_featured_image_caption":"","42wp_featured_image_credits":"","42wp_featured_video":"","42wp_featured_image_hidden":false,"42wp_authors_list":[],"footnotes":""},"categories":[2],"tags":[797,796,207,7465,24977,1491,28285,2445,90,3273],"42wp_author":[47149],"class_list":["post-59362","post","type-post","status-publish","format-standard","has-post-thumbnail","hentry","category-f1","tag-brabham","tag-emerson-fittipaldi","tag-ferrari","tag-fittipaldi","tag-gp-dos-estados-unidos","tag-grande-premio","tag-grandepremio","tag-jose-carlos-pace","tag-mclaren","tag-watkins-glen","42wp_author-bernardo-castro"],"_links":{"self":[{"href":"https:\/\/grandepremio.com\/br\/wp-json\/wp\/v2\/posts\/59362","targetHints":{"allow":["GET"]}}],"collection":[{"href":"https:\/\/grandepremio.com\/br\/wp-json\/wp\/v2\/posts"}],"about":[{"href":"https:\/\/grandepremio.com\/br\/wp-json\/wp\/v2\/types\/post"}],"replies":[{"embeddable":true,"href":"https:\/\/grandepremio.com\/br\/wp-json\/wp\/v2\/comments?post=59362"}],"version-history":[{"count":0,"href":"https:\/\/grandepremio.com\/br\/wp-json\/wp\/v2\/posts\/59362\/revisions"}],"wp:featuredmedia":[{"embeddable":true,"href":"https:\/\/grandepremio.com\/br\/wp-json\/wp\/v2\/media\/1000877185"}],"wp:attachment":[{"href":"https:\/\/grandepremio.com\/br\/wp-json\/wp\/v2\/media?parent=59362"}],"wp:term":[{"taxonomy":"category","embeddable":true,"href":"https:\/\/grandepremio.com\/br\/wp-json\/wp\/v2\/categories?post=59362"},{"taxonomy":"post_tag","embeddable":true,"href":"https:\/\/grandepremio.com\/br\/wp-json\/wp\/v2\/tags?post=59362"},{"taxonomy":"42wp_author","embeddable":true,"href":"https:\/\/grandepremio.com\/br\/wp-json\/wp\/v2\/42wp_author?post=59362"}],"curies":[{"name":"wp","href":"https:\/\/api.w.org\/{rel}","templated":true}]}}