{"id":59486,"date":"2024-10-04T23:39:08","date_gmt":"2024-10-05T02:39:08","guid":{"rendered":"https:\/\/grandepremio.com\/br\/noticias\/pedro-acosta-ve-marc-marquez-volta-cancelada-fica-pole-japao-jorge-martin-cai\/"},"modified":"2024-10-05T02:30:39","modified_gmt":"2024-10-05T05:30:39","slug":"pedro-acosta-ve-marc-marquez-volta-cancelada-fica-pole-japao-jorge-martin-cai","status":"publish","type":"post","link":"https:\/\/grandepremio.com\/br\/motogp\/pedro-acosta-ve-marc-marquez-volta-cancelada-fica-pole-japao-jorge-martin-cai\/","title":{"rendered":"Acosta v\u00ea Marc M\u00e1rquez ter volta cancelada e fica com pole no Jap\u00e3o. Mart\u00edn cai e \u00e9 11\u00ba"},"content":{"rendered":"\n<p class=\"wp-block-paragraph\">A <strong>MotoGP <\/strong>chegou ao <strong>Jap\u00e3o <\/strong>cercada de expectativas e muita tens\u00e3o na briga pelo t\u00edtulo da temporada <strong>2024<\/strong>. E na classifica\u00e7\u00e3o deste s\u00e1bado (5), a chuva foi mais um fator para bagun\u00e7a o grid da categoria. No momento mais dif\u00edcil do fim de semana, a ousadia de <strong>Pedro Acosta <\/strong>foi recompensada para a primeira pole-position na classe rainha do <strong>Mundial de Motovelocidade<\/strong>.<\/p>\n\n\n\n<p class=\"wp-block-paragraph\">Para garantir a pole, por\u00e9m, Acosta tamb\u00e9m precisou contar com a sorte. Depois de fazer <strong>1min43s018<\/strong>, o novato espanhol viu <strong>Marc M\u00e1rquez<\/strong> ter a melhor marca da sess\u00e3o ser cancelada por exceder os limites de pista e, com isso, assumiu a primeira coloca\u00e7\u00e3o.<\/p>\n\n\n\n<p class=\"wp-block-paragraph\"><strong>Francesco Bagnaia <\/strong>levou a melhor entre os postulantes ao t\u00edtulo. O italiano come\u00e7ou mal o Q2 e chegou a figurar no fim da tabela, mas se recuperou na reta final e ficou com a segunda melhor marca. <strong>Jorge Mart\u00edn<\/strong>, por outro lado, teve dois incidentes na fase decisiva e caiu nos \u00faltimos minutos, ficando apenas em 11\u00ba.<\/p>\n\n\n\n<p class=\"wp-block-paragraph\"><strong>Maverick Vi\u00f1ales <\/strong>garantiu a terceira posi\u00e7\u00e3o e fecha a primeira fila do grid. <strong>Enea Bastianini<\/strong> ficou na quarta posi\u00e7\u00e3o, seguido por <strong>Brad Binder <\/strong>e <strong>Franco Morbidelli<\/strong> na segunda linha.<\/p>\n\n\n\n<figure class=\"wp-block-image size-large\"><img decoding=\"async\" src=\"https:\/\/www.grandepremio.com\/br\/wp-content\/uploads\/2024\/10\/SI202410040042-1200x800.jpg\" alt=\"\" class=\"wp-image-876892\"\/><figcaption class=\"wp-element-caption\">Pedro Acosta brilhou e garantiu a pole em Motegi (Foto: Gold &amp; Goose\/Red Bull Content Pool)<\/figcaption><\/figure>\n\n\n\n<p class=\"wp-block-paragraph\"><strong>\u25b6\ufe0f&nbsp;Inscreva-se nos dois canais do GRANDE PR\u00caMIO no YouTube:&nbsp;<a href=\"https:\/\/www.youtube.com\/channel\/UC9OlHEgxoaY6QY6nWPoiqQg?sub_confirmation=1\" target=\"_blank\" rel=\"noreferrer noopener\">GP<\/a>&nbsp;|&nbsp;<a href=\"https:\/\/www.youtube.com\/channel\/UC9csiS6q_C3C0FYhyr1rnFA?sub_confirmation=1\" target=\"_blank\" rel=\"noreferrer noopener\">GP2<\/a><\/strong><\/p>\n\n\n\n<p class=\"wp-block-paragraph\"><strong>Fabio Di Giannantonio<\/strong> o s\u00e9timo mais veloz, \u00e0 frente do companheiro <strong>Marco Bezzecchi<\/strong>, <strong>Marc M\u00e1rquez<\/strong> e <strong>\u00c1lex M\u00e1rquez<\/strong>, fechando assim o top-10. <strong>Fabio Quartararo<\/strong> tamb\u00e9m participou do Q2 e ficou em 12\u00ba.<\/p>\n\n\n\n<p class=\"wp-block-paragraph\">A&nbsp;largada da <strong><a href=\"https:\/\/grandepremio.com\/motovelocidade\/\" target=\"_blank\" rel=\"noreferrer noopener\">MotoGP<\/a>&nbsp;<\/strong>corrida sprint do GP do&nbsp;<strong>Jap\u00e3o<\/strong>, em&nbsp;<strong><a href=\"https:\/\/www.grandepremio.com\/br\/circuito\/motegi\/\" target=\"_blank\" rel=\"noreferrer noopener\">Motegi<\/a><\/strong>, est\u00e1 marcada para as 3h (de Bras\u00edlia) deste s\u00e1bado. O&nbsp;<strong>GRANDE PR\u00caMIO&nbsp;<\/strong>faz a cobertura completa do evento, assim como das outras classes do Mundial de&nbsp;<a href=\"https:\/\/www.grandepremio.com\/motovelocidade\/\">Motovelocidade&nbsp;<\/a>durante todo o ano.<\/p>\n\n\n\n<h3 class=\"wp-block-heading\" id=\"h-tl2-bagnaia-lidera-ultimo-treino-livre-com-0s017-de-vantagem-para-acosta-martin-e-7\u00ba\">TL2: Bagnaia lidera \u00faltimo treino livre com 0s017 de vantagem para Acosta. Mart\u00edn \u00e9 7\u00ba<\/h3>\n\n\n\n<p class=\"wp-block-paragraph\">O s\u00e1bado na ilha de <strong>Honsh\u00fc <\/strong>come\u00e7ou com o c\u00e9u nublado e com as temperaturas mais baixas. Quando a MotoGP entrou na pista para a treino livre 2, os term\u00f4metros mediam 20\u00b0C, com o asfalto chegando a 23\u00b0C. A velocidade do vento estava em 5 km\/h, com a umidade relativa do ar na casa de 85%.<\/p>\n\n\n\n<p class=\"wp-block-paragraph\">Com a amea\u00e7a de chuva pairando no ar, os pilotos n\u00e3o tardaram a deixar os boxes para dar in\u00edcio aos 30 minutos de atividade. Com 1min47s777, <strong>Jorge Mart\u00edn <\/strong>foi o primeiro a ocupar o topo da tabela, 0s085 melhor do que <strong>Francesco Bagnaia<\/strong>, o segundo colocado. <strong>Maverick Vi\u00f1ales <\/strong>vinha em terceiro.<\/p>\n\n\n\n<p class=\"wp-block-paragraph\">Na passagem seguinte, foi Miller quem se colocou na primeira posi\u00e7\u00e3o, agora com s\u00f3 0s001 de margem para Bagnaia. Mart\u00edn aparecia em terceiro, \u00e0 frente de <strong>Augusto Fern\u00e1ndez <\/strong>e <strong>Joan Mir<\/strong>.<\/p>\n\n\n\n<p class=\"wp-block-paragraph\">Bagnaia, ent\u00e3o, foi a 1min45s510 e assumiu o comando, abrindo 0s2763 de vantagem para Miller, que desceu para o segundo posto. Joan Mir vinha surpreendendo em terceiro, seguido por <strong>Augusto Fern\u00e1ndez <\/strong>e <strong>Takaaki Nakagami<\/strong>.<\/p>\n\n\n\n<figure class=\"wp-block-video\"><video class=\"video-js vjs-big-play-centered\" data-gp-vjs=\"1\" controls src=\"https:\/\/www.grandepremio.com\/br\/wp-content\/uploads\/2024\/10\/motogp-motegi-tl2-bagnaia.mp4\"><\/video><figcaption class=\"wp-element-caption\">Pecco Bagnaia n\u00e3o parecia contente no in\u00edcio do treino livre (V\u00eddeo: Reprodu\u00e7\u00e3o\/MotoGP)<\/figcaption><\/figure>\n\n\n\n<p class=\"wp-block-paragraph\">Cal\u00e7ando um par de pneus macios usados, Miller aproveitou a quinta volta na sess\u00e3o para virar 1min45s414 e retomar a ponta, com Mir se lan\u00e7ando ao segundo posto, s\u00f3 0s077 atr\u00e1s. Bagnaia era o terceiro.<\/p>\n\n\n\n<p class=\"wp-block-paragraph\">Quando os boxes come\u00e7aram a ganhar movimenta\u00e7\u00e3o, <strong>Pedro Acosta <\/strong>foi a 1min45s255 e assumiu a ponta, mas apenas brevemente, j\u00e1 que Marc M\u00e1rquez passou 0s025 melhor para liderar.<\/p>\n\n\n\n<p class=\"wp-block-paragraph\">A lideran\u00e7a do<strong> #93<\/strong>, contudo, tamb\u00e9m foi ligeira, j\u00e1 que Mart\u00edn cravou 1min45s158 e se instalou no comando mais uma vez. O espanhol da <strong>Pramac <\/strong>engatou outra boa volta, mas abortou o giro e entrou nos boxes.<\/p>\n\n\n\n<p class=\"wp-block-paragraph\">Quando o treino chegou \u00e0 metade, Mart\u00edn liderava, com Marc M\u00e1rquez, Acosta, Miller, Mir, Bagnaia, \u00c1lex M\u00e1rquez, Binder, <strong>Aleix Espargar\u00f3 <\/strong>e <strong>Franco Morbidelli <\/strong>formando o top-10.<\/p>\n\n\n\n<p class=\"wp-block-paragraph\">De volta \u00e0 pista, agora com pneus usados de sete voltas \u2014 duro na frente e macio atr\u00e1s \u2014, Bagnaia anotou 1min44s887 e saltou para o comando da sess\u00e3o, abrindo 0s271 de margem para Mart\u00edn.<\/p>\n\n\n\n<p class=\"wp-block-paragraph\">O campe\u00e3o vigente seguiu em ritmo forte e tratou de melhorar a pr\u00f3pria marca, chegando a 1min44s826, 0s332 melhor do que Mart\u00edn. Mais atr\u00e1s, Marco Bezzecchi subiu para a quinta coloca\u00e7\u00e3o.<\/p>\n\n\n\n<p class=\"wp-block-paragraph\">Pecco continuou na mesma balada, baixando os tempos consistentemente. Na volta 9, o #1 chegou a 1min44s586, jogando para 0s572 a margem em rela\u00e7\u00e3o a Mart\u00edn. Acosta, por\u00e9m, avan\u00e7ou para segundo, com Di Giannantonio se instalando na terceira coloca\u00e7\u00e3o.<\/p>\n\n\n\n<p class=\"wp-block-paragraph\">Com pouco mais de 3 minutos para o fim, Johann Zarco caiu na curva 6, mas escapou de les\u00f5es maiores e deixou a pista caminhando.<\/p>\n\n\n\n<figure class=\"wp-block-video\"><video class=\"video-js vjs-big-play-centered\" data-gp-vjs=\"1\" controls src=\"https:\/\/www.grandepremio.com\/br\/wp-content\/uploads\/2024\/10\/motogp-motegi-tl2-zarco-crash.mp4\"><\/video><figcaption class=\"wp-element-caption\">Johann Zarco sofreu forte queda no fim do TL2 (V\u00eddeo: Reprodu\u00e7\u00e3o\/MotoGP)<\/figcaption><\/figure>\n\n\n\n<p class=\"wp-block-paragraph\">Enquanto isso, Pecco foi a 1min44s569, mas ficou com s\u00f3 0s017 de margem, j\u00e1 que Acosta tamb\u00e9m conseguiu ser mais veloz. Di Giannantonio seguia em terceiro, com Vi\u00f1ales e Mart\u00edn fechando o rol dos cinco melhores.<\/p>\n\n\n\n<p class=\"wp-block-paragraph\">Restando pouco mais de 1 minuto para o fim, Mart\u00edn deu um passeio na brita da curva 3, mas evitou a queda e logo retomou a sess\u00e3o.<\/p>\n\n\n\n<p class=\"wp-block-paragraph\">Vi\u00f1ales, por outro lado, foi a 1min44s932 para tomar o terceiro posto, j\u00e1 0s363 mais lento do que Bagnaia. Mais atr\u00e1s, Augusto Fern\u00e1ndez seguia surpreendendo e aparecia em nono.<\/p>\n\n\n\n<p class=\"wp-block-paragraph\">Com a bandeira quadriculada tremulando, Brad Binder virou 0s495 mais lento do que Bagnaia e saltou para a quinta coloca\u00e7\u00e3o, diante de Bezzecchi, que tamb\u00e9m melhorou. Enea Bastianini e Franco Morbidelli fizeram o mesmo, fechando as duas \u00faltimas posi\u00e7\u00f5es do top-10.<\/p>\n\n\n\n<p class=\"wp-block-paragraph\">Assim, Bagnaia fechou o treino na ponta, diante de Acosta e Vi\u00f1ales. Di Giannantonio, Binder, Bezzecchi, Mart\u00edn, Marc M\u00e1rquez, Bastianini, Morbidelli, Miller, Augusto Fern\u00e1ndez, Mir, Aleix Espargar\u00f3, \u00c1lex M\u00e1rquez, Zarco, <strong>Fabio Quartararo<\/strong>, <strong>Luca Marini<\/strong>, Nakagami, <strong>\u00c1lex Rins<\/strong>, <strong>Ra\u00fal Fern\u00e1ndez<\/strong>, <strong>Lorenzo Savadori <\/strong>e <strong>Remy Gardner<\/strong> fechando a lista de participantes.<\/p>\n\n\n\n<h3 class=\"wp-block-heading\" id=\"h-q1-morbidelli-sobra-e-avanca-ao-q2-com-quartararo\">Q1: Morbidelli sobra e avan\u00e7a ao Q2 com Quartararo<\/h3>\n\n\n\n<p class=\"wp-block-paragraph\">A primeira fase da classifica\u00e7\u00e3o da MotoGP no Jap\u00e3o contou com a participa\u00e7\u00e3o de <strong>Johann Zarco<\/strong>, <strong>Luca Marini<\/strong>, <strong>Fabio Quartararo<\/strong>, <strong>Franco Morbidelli<\/strong>, <strong>Ra\u00fal Fern\u00e1ndez<\/strong>, <strong>Takaaki Nakagami<\/strong>, <strong>Lorenzo Savadori<\/strong>, <strong>Joan Mir<\/strong>, <strong>Augusto Fern\u00e1ndez<\/strong>, <strong>Aleix Espargar\u00f3<\/strong>, <strong>\u00c1lex Rins<\/strong>, <strong>Jack Miller <\/strong>e <strong>Remy Gardner<\/strong>.<\/p>\n\n\n\n<figure class=\"wp-block-video\"><video class=\"video-js vjs-big-play-centered\" data-gp-vjs=\"1\" controls src=\"https:\/\/www.grandepremio.com\/br\/wp-content\/uploads\/2024\/10\/motogp-motegi-q1-inicio.mp4\"><\/video><figcaption class=\"wp-element-caption\">O in\u00edcio da classifica\u00e7\u00e3o da MotoGP no Jap\u00e3o (V\u00eddeo: Reprodu\u00e7\u00e3o\/MotoGP)<\/figcaption><\/figure>\n\n\n\n<p class=\"wp-block-paragraph\">Com 1min44s432, Miller foi quem apareceu no topo da tabela, 0s194 melhor do que Aleix. Augusto Fern\u00e1ndez vinha em terceiro, a s\u00f3 0s005 de uma vaga na fase seguinte.<\/p>\n\n\n\n<p class=\"wp-block-paragraph\">Na volta seguinte, Miller melhorou para 1min44s296 para manter a lideran\u00e7a, com Zarco saltando para segundo, 0s230 mais lento que o piloto da <strong>KTM<\/strong>. Logo em seguida, por\u00e9m, Ra\u00fal Fern\u00e1ndez foi 0s154 melhor que o titular da <strong>LCR Honda <\/strong>e ficou em segundo.<\/p>\n\n\n\n<figure class=\"wp-block-video\"><video class=\"video-js vjs-big-play-centered\" data-gp-vjs=\"1\" controls src=\"https:\/\/www.grandepremio.com\/br\/wp-content\/uploads\/2024\/10\/motogp-motegi-q1-miller-p1.mp4\"><\/video><figcaption class=\"wp-element-caption\">Mesmo com a pista molhada, Jack Miller tomou a lideran\u00e7a logo de cara (V\u00eddeo: Reprodu\u00e7\u00e3o\/MotoGP)<\/figcaption><\/figure>\n\n\n\n<p class=\"wp-block-paragraph\">Em meados da sess\u00e3o, o pit-lane ganhou movimento, ainda com Miller e Ra\u00fal Fern\u00e1ndez provisoriamente classificados para a fase seguinte. Zarco, Espargar\u00f3 e Augusto Fern\u00e1ndez fecham o top-5.<\/p>\n\n\n\n<p class=\"wp-block-paragraph\">Apesar da chuvica, o retorno dos pilotos \u00e0 pista aconteceu com todos cal\u00e7ando pneus slicks, j\u00e1 que as condi\u00e7\u00f5es n\u00e3o tinham mudado tanto assim. As cenas, por\u00e9m, eram um tanto lament\u00e1veis, j\u00e1 que v\u00e1rios pilotos ficaram enrolando pela pista para tentar aproveitar o v\u00e1cuo de Miller em Motegi.<\/p>\n\n\n\n<p class=\"wp-block-paragraph\">Rodando sozinho, por\u00e9m, Morbidelli vinha voando e cravou 1min43s746 para tirar a ponta de Miller por incr\u00edveis 0s550. Assim, Ra\u00fal foi empurrado para fora da zona de classifica\u00e7\u00e3o.<\/p>\n\n\n\n<p class=\"wp-block-paragraph\">Logo em seguida, Aleix passou para ser o segundo, mas foi imediatamente superado por Quartararo, que cortou a vantagem de Morbidelli por 0s259. O catal\u00e3o da Aprilia foi para 0s197 abaixo da linha de corte.<\/p>\n\n\n\n<p class=\"wp-block-paragraph\">Na casa da Yamaha, Quartararo vinha em volta forte, mas deu uma segurada e n\u00e3o melhorou. Atr\u00e1s, Miller subiu para terceiro, ainda 0s188 abaixo da linha de corte.<\/p>\n\n\n\n<p class=\"wp-block-paragraph\">Antes mesmo da bandeirada, Morbidelli j\u00e1 estava de volta aos boxes da Pramac. Enquanto isso, Ra\u00fal avan\u00e7ou para terceiro, a 0s117 de uma vaga no Q2.<\/p>\n\n\n\n<p class=\"wp-block-paragraph\">Com o cron\u00f4metro zerado, ningu\u00e9m conseguiu bater Morbidelli e Quartararo, que passaram para a fase seguinte. Ra\u00fal Fern\u00e1ndez, ent\u00e3o, vai largar em 13\u00ba, \u00e0 frente de Miller, Aleix Espargar\u00f3, Zarco, Mir, Augusto Fern\u00e1ndez, Rins, Marini, Nakagami, Savadori e Gardner.<\/p>\n\n\n\n<h3 class=\"wp-block-heading\" id=\"h-q2-acosta-crava-primeira-pole-na-motogp-no-gp-do-japao\">Q2: Acosta crava primeira pole na MotoGP no GP do Jap\u00e3o<\/h3>\n\n\n\n<p class=\"wp-block-paragraph\">Aprovados no Q2, Morbidelli e Quartararo se juntaram a Bagnaia, Vi\u00f1ales, Bastianini, Acosta, Binder, Di Giannantonio, Bezzecchi, \u00c1lex M\u00e1rquez, Mart\u00edn e Marc M\u00e1rquez na luta pela pole. Apesar de as bandeiras de chuva seguirem sendo exibidas, os pneus slicks seguiam protagonizando o show.<\/p>\n\n\n\n<figure class=\"wp-block-video\"><video class=\"video-js vjs-big-play-centered\" data-gp-vjs=\"1\" controls src=\"https:\/\/www.grandepremio.com\/br\/wp-content\/uploads\/2024\/10\/motogp-motegi-q2-chuva.mp4\"><\/video><figcaption class=\"wp-element-caption\">A chuva apareceu com for\u00e7a logo nos primeiros minutos do Q2 (V\u00eddeo: Reprodu\u00e7\u00e3o\/MotoGP)<\/figcaption><\/figure>\n\n\n\n<p class=\"wp-block-paragraph\">Com 1min45s744, Marc M\u00e1rquez foi o primeiro a aparecer na pole provis\u00f3ria, 0s127 melhor do que Morbidelli. Binder vinha em terceiro, diante de Mart\u00edn. Bagnaia, que tirou a m\u00e3o para se livrar dos \u2018chupa rodas\u2019 vinha em \u00faltimo, a 0s781 do #93.<\/p>\n\n\n\n<p class=\"wp-block-paragraph\">Antes de fechar uma nova volta, por\u00e9m, Bagnaia voltou aos boxes da Ducati, se queixando do pneu traseiro da Desmosedici. Enquanto isso, Marc M\u00e1rquez foi a 1min44s136 e manteve a ponta, 0s282 melhor do que Acosta. Mart\u00edn vinha agora em terceiro.<\/p>\n\n\n\n<p class=\"wp-block-paragraph\">Os comiss\u00e1rios da <strong>FIM <\/strong>(Federa\u00e7\u00e3o Internacional de <strong>Motociclismo<\/strong>), ali\u00e1s, anunciaram uma investiga\u00e7\u00e3o de um incidente no qual Mart\u00edn acertou a costela de \u00c1lex M\u00e1rquez em um incidente.<\/p>\n\n\n\n<figure class=\"wp-block-video\"><video class=\"video-js vjs-big-play-centered\" data-gp-vjs=\"1\" controls src=\"https:\/\/www.grandepremio.com\/br\/wp-content\/uploads\/2024\/10\/motogp-motegi-q2-martin-alex-marquez.mp4\"><\/video><figcaption class=\"wp-element-caption\">Jorge Mart\u00edn for\u00e7ou passagem e tocou em \u00c1lex M\u00e1rquez durante o Q2 (V\u00eddeo: Reprodu\u00e7\u00e3o\/MotoGP)<\/figcaption><\/figure>\n\n\n\n<p class=\"wp-block-paragraph\">Na quarta volta nesta manh\u00e3 em Motegi, Acosta cravou 1min43s758 e saltou para a ponta, 0s285 melhor do que Enea Bastianini. Marco Bezzecchi era agora o terceiro.<\/p>\n\n\n\n<p class=\"wp-block-paragraph\">Quando chegou a hora dos pits-stops, Acosta seguia na pole provis\u00f3ria, com Bastianini, Bezzecchi, Di Giannantonio e Marc M\u00e1rquez fechando o top-5.<\/p>\n\n\n\n<p class=\"wp-block-paragraph\">Primeiro a parar, Bagnaia foi tamb\u00e9m o primeiro a voltar para a pista e come\u00e7ou a tentar recuperar terreno. O #1, ent\u00e3o, cravou 1min43s796 e saltou para segundo, a 0s038 de Acosta. Di Giannantonio tamb\u00e9m melhorou e era agora o terceiro.<\/p>\n\n\n\n<p class=\"wp-block-paragraph\">Pecco, que tinha dado uma escapadinha para a faixa branca com as duas rodas da Desmosedici na volta anterior, vinha acelerando forte, cravando todas as melhores parciais de Motegi. Assim, com 1min43s264, o #1 tomou o comando.<\/p>\n\n\n\n<p class=\"wp-block-paragraph\">Logo em seguida, Marc M\u00e1rquez passou em 1min42s868 e tomou a ponta de Bagnaia por 0s396. Mart\u00edn, por outro lado, caiu e jogou fora a chance de uma \u00faltima volta r\u00e1pida, caindo para d\u00e9cimo.<\/p>\n\n\n\n<figure class=\"wp-block-video\"><video class=\"video-js vjs-big-play-centered\" data-gp-vjs=\"1\" controls src=\"https:\/\/www.grandepremio.com\/br\/wp-content\/uploads\/2024\/10\/motogp-motegi-q2-martin-crash.mp4\"><\/video><\/figure>\n\n\n\n<p class=\"wp-block-paragraph\">Acosta virou 1min43s018 e assumiu o terceiro posto, a 0s150 de Marc. Bagnaia desceu para terceiro, mas abortou a volta final, satisfeito com o que tinha at\u00e9 ent\u00e3o.<\/p>\n\n\n\n<p class=\"wp-block-paragraph\">J\u00e1 com o cron\u00f4metro zerado, a volta de Marc M\u00e1rquez foi cancelada por ele ter excedido os limites da pista na curva 4, promovendo Acosta ao topo da classifica\u00e7\u00e3o.<\/p>\n\n\n\n<h2 class=\"wp-block-heading\" id=\"h-motogp-2024-gp-do-japao-motegi-grid-de-largada\"><strong>MotoGP 2024, GP do Jap\u00e3o, Motegi, Grid de largada:<\/strong><\/h2>\n\n\n\n<figure class=\"wp-block-table\"><table><tbody><tr><td>1<\/td><td>P ACOSTA<\/td><td>GasGas Tech3<\/td><td>1:43.018<\/td><td>&nbsp;<\/td><\/tr><tr><td>2<\/td><td>F BAGNAIA<\/td><td>Ducati<\/td><td>1:43.264<\/td><td>+0.246<\/td><\/tr><tr><td>3<\/td><td>M VI\u00d1ALES<\/td><td>Aprilia<\/td><td>1:43.441<\/td><td>+0.423<\/td><\/tr><tr><td>4<\/td><td>E BASTIANINI<\/td><td>Ducati<\/td><td>1:43.539<\/td><td>+0.521<\/td><\/tr><tr><td>5<\/td><td>B BINDER<\/td><td>KTM<\/td><td>1:43.661<\/td><td>+0.643<\/td><\/tr><tr><td>6<\/td><td>F MORBIDELLI<\/td><td>Pramac Ducati<\/td><td>1:43.828<\/td><td>+0.810<\/td><\/tr><tr><td>7<\/td><td>F DI GIANNANTONIO<\/td><td>VR46 Ducati<\/td><td>1:43.998<\/td><td>+0.980<\/td><\/tr><tr><td>8<\/td><td>M BEZZECCHI<\/td><td>VR46 Ducati<\/td><td>1:44.073<\/td><td>+1.055<\/td><\/tr><tr><td>9<\/td><td>M M\u00c1RQUEZ<\/td><td>Gresini Ducati<\/td><td>1:44.136<\/td><td>+1.118<\/td><\/tr><tr><td>10<\/td><td>\u00c1 M\u00c1RQUEZ<\/td><td>Gresini Ducati<\/td><td>1:44.263<\/td><td>+1.245<\/td><\/tr><tr><td>11<\/td><td>J MART\u00cdN<\/td><td>Pramac Ducati<\/td><td>1:44.303<\/td><td>+1.285<\/td><\/tr><tr><td>12<\/td><td>F QUARTARARO<\/td><td>Yamaha<\/td><td>1:44.497<\/td><td>+1.479<\/td><\/tr><tr><td>13<\/td><td>R FERN\u00c1NDEZ<\/td><td>Trackhouse Aprilia<\/td><td>1:44.122<\/td><td>+1.104<\/td><\/tr><tr><td>14<\/td><td>J MILLER<\/td><td>KTM<\/td><td>1:44.193<\/td><td>+1.175<\/td><\/tr><tr><td>15<\/td><td>A ESPARGAR\u00d3<\/td><td>Aprilia<\/td><td>1:44.202<\/td><td>+1.184<\/td><\/tr><tr><td>16<\/td><td>J ZARCO<\/td><td>LCR Honda<\/td><td>1:44.302<\/td><td>+1.284<\/td><\/tr><tr><td>17<\/td><td>J MIR<\/td><td>Honda<\/td><td>1:44.498<\/td><td>+1.480<\/td><\/tr><tr><td>18<\/td><td>A FERN\u00c1NDEZ<\/td><td>GasGas Tech3<\/td><td>1:44.547<\/td><td>+1.529<\/td><\/tr><tr><td>19<\/td><td>A RINS<\/td><td>Yamaha<\/td><td>1:44.552<\/td><td>+1.534<\/td><\/tr><tr><td>20<\/td><td>L MARINI<\/td><td>Honda<\/td><td>1:44.648<\/td><td>+1.630<\/td><\/tr><tr><td>21<\/td><td>T NAKAGAMI<\/td><td>LCR Honda<\/td><td>1:44.886<\/td><td>+1.868<\/td><\/tr><tr><td>22<\/td><td>L SAVADORI<\/td><td>Trackhouse Aprilia<\/td><td>1:45.422<\/td><td>+2.404<\/td><\/tr><tr><td>23<\/td><td>R GARDNER<\/td><td>Yamaha<\/td><td>1:45.594<\/td><td>+2.576<\/td><\/tr><\/tbody><\/table><\/figure>\n\n\n\n<figure class=\"wp-block-embed is-type-video is-provider-youtube wp-block-embed-youtube wp-embed-aspect-16-9 wp-has-aspect-ratio\"><div class=\"wp-block-embed__wrapper\">\n<iframe loading=\"lazy\" title=\"MART\u00cdN x BAGNAIA: T\u00cdTULO da MotoGP vai para QUEM ERRAR MENOS em 2024 | GP \u00e0s 10\" width=\"500\" height=\"281\" src=\"https:\/\/www.youtube.com\/embed\/zA7gl3lqz_I?feature=oembed\" frameborder=\"0\" allow=\"accelerometer; autoplay; clipboard-write; encrypted-media; gyroscope; picture-in-picture; web-share\" referrerpolicy=\"strict-origin-when-cross-origin\" allowfullscreen><\/iframe>\n<\/div><\/figure>\n","protected":false},"excerpt":{"rendered":"<p>Pedro Acosta brilhou nos minutos finais da classifica\u00e7\u00e3o em Motegi e ainda contou com a sorte de Marc M\u00e1rquez ter a volta r\u00e1pida cancelada por exceder os limites de pista. Pecco Bagnaia ficou em segundo e Jorge Mart\u00edn n\u00e3o passou do 11\u00ba posto<\/p>\n","protected":false},"author":0,"featured_media":1000876923,"comment_status":"closed","ping_status":"closed","sticky":false,"template":"","format":"standard","meta":{"42wp_featured_image_caption":"","42wp_featured_image_credits":"","42wp_featured_video":"","42wp_featured_image_hidden":false,"42wp_authors_list":[],"footnotes":""},"categories":[8],"tags":[5214,131,2327,32229,28285,3504,130,24855,24704,132,2869,79,78,34329,37693,37691,37692,25819,29345,28766,37694,27587,26690,136,172],"42wp_author":[47113,47135],"class_list":["post-59486","post","type-post","status-publish","format-standard","has-post-thumbnail","hentry","category-motogp","tag-classificacao-motogp","tag-ducati","tag-francesco-bagnaia","tag-gasgas","tag-grandepremio","tag-gresini","tag-honda","tag-japao","tag-jorge-martin","tag-ktm","tag-motegi","tag-moto-gp","tag-motogp","tag-motogp-2024","tag-motogp-2024-calendario","tag-motogp-calendario-2024","tag-motogp-classificacao-2024","tag-motogp-hoje","tag-motogp-horario","tag-motogp-standings","tag-onde-assistir-motogp-2024","tag-pedro-acosta","tag-pilotos-motogp","tag-pramac","tag-yamaha","42wp_author-juliana-tesser","42wp_author-pedro-luis-cuenca"],"_links":{"self":[{"href":"https:\/\/grandepremio.com\/br\/wp-json\/wp\/v2\/posts\/59486","targetHints":{"allow":["GET"]}}],"collection":[{"href":"https:\/\/grandepremio.com\/br\/wp-json\/wp\/v2\/posts"}],"about":[{"href":"https:\/\/grandepremio.com\/br\/wp-json\/wp\/v2\/types\/post"}],"replies":[{"embeddable":true,"href":"https:\/\/grandepremio.com\/br\/wp-json\/wp\/v2\/comments?post=59486"}],"version-history":[{"count":0,"href":"https:\/\/grandepremio.com\/br\/wp-json\/wp\/v2\/posts\/59486\/revisions"}],"wp:featuredmedia":[{"embeddable":true,"href":"https:\/\/grandepremio.com\/br\/wp-json\/wp\/v2\/media\/1000876923"}],"wp:attachment":[{"href":"https:\/\/grandepremio.com\/br\/wp-json\/wp\/v2\/media?parent=59486"}],"wp:term":[{"taxonomy":"category","embeddable":true,"href":"https:\/\/grandepremio.com\/br\/wp-json\/wp\/v2\/categories?post=59486"},{"taxonomy":"post_tag","embeddable":true,"href":"https:\/\/grandepremio.com\/br\/wp-json\/wp\/v2\/tags?post=59486"},{"taxonomy":"42wp_author","embeddable":true,"href":"https:\/\/grandepremio.com\/br\/wp-json\/wp\/v2\/42wp_author?post=59486"}],"curies":[{"name":"wp","href":"https:\/\/api.w.org\/{rel}","templated":true}]}}