{"id":59547,"date":"2024-10-04T06:03:32","date_gmt":"2024-10-04T09:03:32","guid":{"rendered":"https:\/\/grandepremio.com\/br\/noticias\/gp-dos-estados-unidos-venda-ingressos-decolou-max-verstappen-parou-vencer\/"},"modified":"2024-10-04T06:08:13","modified_gmt":"2024-10-04T09:08:13","slug":"gp-dos-estados-unidos-venda-ingressos-decolou-max-verstappen-parou-vencer","status":"publish","type":"post","link":"https:\/\/grandepremio.com\/br\/f1\/gp-dos-estados-unidos-venda-ingressos-decolou-max-verstappen-parou-vencer\/","title":{"rendered":"GP dos EUA diz que venda de ingressos &#8220;decolou quando Verstappen parou de vencer&#8221;"},"content":{"rendered":"\n<p class=\"wp-block-paragraph\">A <strong>F\u00f3rmula 1<\/strong> j\u00e1 come\u00e7ava a sentir alguns dos efeitos negativos causados na audi\u00eancia por causa do dom\u00ednio imposto por <strong>Max Verstappen <\/strong>e <strong>Red Bull<\/strong> nos \u00faltimos anos, mas o cen\u00e1rio parece estar come\u00e7ando a ficar melhor para a categoria. Isso porque em entrevista \u00e0 revista americana <strong>Racer<\/strong>, <strong>Bobby Epstein<\/strong>, presidente do <strong>Circuito das Am\u00e9ricas<\/strong>, palco do <strong>GP dos Estados Unidos<\/strong>, disse que a venda de ingressos entrou em alta desde que o tricampe\u00e3o parou de vencer na temporada.<\/p>\n\n\n\n<p class=\"wp-block-paragraph\">Ap\u00f3s vencer o primeiro t\u00edtulo em uma intensa batalha contra <strong>Lewis Hamilton<\/strong>, <strong>Verstappen <\/strong>imp\u00f4s um dom\u00ednio nunca antes visto na <strong>F\u00f3rmula 1<\/strong>. Em 2022, o neerland\u00eas conquistou o bicampeonato ap\u00f3s vencer 15 das 22 corridas daquele ano. Na temporada seguinte, a hegemonia foi ainda maior e o #1 triunfou em 19 das 22 etapas do calend\u00e1rio.&nbsp;<\/p>\n\n\n\n<p class=\"wp-block-paragraph\">O dom\u00ednio, no entanto, trouxe efeitos negativos para a categoria. <a href=\"https:\/\/www.grandepremio.com\/br\/f1\/noticias\/f1-admite-queda-interesse-redes-sociais-devido-dominio-verstappen\/\">Tanto que a <strong>Buzz Radar<\/strong>, empresa de intelig\u00eancia social<\/a>, e o pr\u00f3prio <strong>Greg Maffei<\/strong>, CEO do <strong>Liberty Media <\/strong>\u2014 grupo detentor dos direitos da F1 \u2014 afirmaram que a <a href=\"https:\/\/www.grandepremio.com\/br\/f1\/noticias\/f1-elogia-fenomeno-max-verstappen-admite-dominio-causa-desafio-audiencia\/\">audi\u00eancia sofreu um impacto negativo devido<\/a> \u00e0 previsibilidade das corridas.<\/p>\n\n\n\n<p class=\"wp-block-paragraph\">Por\u00e9m, em meio \u00e0s dificuldades enfrentadas pela <strong>Red Bull<\/strong>, o p\u00fablico voltou a ter interesse na categoria. Com a crescente da <strong>McLaren<\/strong>, mas tamb\u00e9m com <strong>Mercedes <\/strong>e <strong>Ferrari <\/strong>conquistando vit\u00f3rias, <strong>Verstappen <\/strong>carrega um jejum de oito corridas sem vencer na <strong>F1<\/strong>. Gra\u00e7as a isso, <strong>Epstein <\/strong>disse que a venda de ingressos do <strong>GP dos Estados Unidos<\/strong> cresceu de forma interessante.<\/p>\n\n\n\n<figure class=\"wp-block-image size-large\"><img decoding=\"async\" src=\"https:\/\/www.grandepremio.com\/br\/wp-content\/uploads\/2024\/06\/SI202406230267_hires_jpeg_24bit_rgb-1200x800.jpg\" alt=\"F1 2024, GP DA ESPANHA, DOMINGO, RED BULL, MAX VERSTAPPEN\" class=\"wp-image-830583\"\/><figcaption class=\"wp-element-caption\">Max Verstappen venceu pela \u00faltima vez no GP da Espanha (Foto: Red Bull Content Pool)<\/figcaption><\/figure>\n\n\n\n<p class=\"wp-block-paragraph\">\u201cAcho que estamos em boa forma para a corrida deste ano, embora o caminho para chegar aqui tenha sido um pouco diferente do ponto de vista dos f\u00e3s, pois nossas vendas de ingressos realmente decolaram quando <strong>Max <\/strong>parou de vencer e o campeonato ficou mais competitivo\u201d, destacou <strong>Epstein<\/strong>.<\/p>\n\n\n\n<p class=\"wp-block-paragraph\">\u201cEnt\u00e3o dou muito cr\u00e9dito \u00e0 nossa base de f\u00e3s e ao p\u00fablico, e que eles realmente est\u00e3o sintonizados, s\u00e3o educados e est\u00e3o prestando aten\u00e7\u00e3o. E acho que \u00e9 emocionante ver a temporada se moldar do jeito que est\u00e1\u201d, finalizou <strong>Greg<\/strong>.<\/p>\n\n\n\n<p class=\"wp-block-paragraph\"><strong><img decoding=\"async\" src=\"https:\/\/a.slack-edge.com\/production-standard-emoji-assets\/14.0\/google-medium\/25b6-fe0f.png\" alt=\":seta_para_frente:\">&nbsp;Inscreva-se nos dois canais do GRANDE PR\u00caMIO no YouTube:&nbsp;<a href=\"https:\/\/www.youtube.com\/channel\/UC9OlHEgxoaY6QY6nWPoiqQg?sub_confirmation=1\" target=\"_blank\" rel=\"noreferrer noopener\">GP<\/a>&nbsp;|&nbsp;<a href=\"https:\/\/www.youtube.com\/channel\/UC9csiS6q_C3C0FYhyr1rnFA?sub_confirmation=1\" target=\"_blank\" rel=\"noreferrer noopener\">GP2<\/a><\/strong><br><strong><img decoding=\"async\" src=\"https:\/\/a.slack-edge.com\/production-standard-emoji-assets\/14.0\/google-medium\/25b6-fe0f.png\" alt=\":seta_para_frente:\">&nbsp;LEIA TAMB\u00c9M:&nbsp;<a href=\"https:\/\/www.grandepremio.com\/br\/f1\/noticias\/mclaren-hoje-sobra-formula-1-mas-despreparo-vencer-aproxima-max-verstappen-tetra\/\">McLaren hoje sobra na F1, mas despreparo para vencer aproxima Verstappen do tetra<\/a><\/strong><\/p>\n\n\n\n<p class=\"wp-block-paragraph\">A&nbsp;<strong><a href=\"https:\/\/www.grandepremio.com\/br\/f1\/\" target=\"_blank\" rel=\"noreferrer noopener\"><\/a><a href=\"https:\/\/www.grandepremio.com\/br\/f1\/\" target=\"_blank\" rel=\"noreferrer noopener\">F\u00f3rmula 1<\/a>&nbsp;<\/strong>agora s\u00f3 volta entre os dias 18 e 20 de outubro para o&nbsp;<strong>GP dos Estados Unidos<\/strong>, em&nbsp;<strong>Austin<\/strong>.<\/p>\n\n\n\n<figure class=\"wp-block-embed is-type-video is-provider-youtube wp-block-embed-youtube wp-embed-aspect-16-9 wp-has-aspect-ratio\"><div class=\"wp-block-embed__wrapper\">\n<iframe loading=\"lazy\" title=\"PIASTRI conquista T\u00cdTULO DA F1 em 2 anos? Quem mais AMEA\u00c7A VERSTAPPEN | WGP\" width=\"500\" height=\"281\" src=\"https:\/\/www.youtube.com\/embed\/qT1bAU7f1ZE?feature=oembed\" frameborder=\"0\" allow=\"accelerometer; autoplay; clipboard-write; encrypted-media; gyroscope; picture-in-picture; web-share\" referrerpolicy=\"strict-origin-when-cross-origin\" allowfullscreen><\/iframe>\n<\/div><\/figure>\n","protected":false},"excerpt":{"rendered":"<p>Bobby Epstein, presidente do Circuito das Am\u00e9ricas, disse que a venda de ingressos entrou em alta desde que Max Verstappen passou a enfrentar dificuldades e parou de vencer na F1<\/p>\n","protected":false},"author":0,"featured_media":1000742175,"comment_status":"closed","ping_status":"closed","sticky":false,"template":"","format":"standard","meta":{"42wp_featured_image_caption":"","42wp_featured_image_credits":"","42wp_featured_video":"","42wp_featured_image_hidden":false,"42wp_authors_list":[],"footnotes":""},"categories":[2],"tags":[24977,29735,32798,1491,28285,203,9685],"42wp_author":[47149],"class_list":["post-59547","post","type-post","status-publish","format-standard","has-post-thumbnail","hentry","category-f1","tag-gp-dos-estados-unidos","tag-gp-dos-estados-unidos-de-f1","tag-gp-dos-estados-unidos-de-formula-1","tag-grande-premio","tag-grandepremio","tag-max-verstappen","tag-verstappen","42wp_author-bernardo-castro"],"_links":{"self":[{"href":"https:\/\/grandepremio.com\/br\/wp-json\/wp\/v2\/posts\/59547","targetHints":{"allow":["GET"]}}],"collection":[{"href":"https:\/\/grandepremio.com\/br\/wp-json\/wp\/v2\/posts"}],"about":[{"href":"https:\/\/grandepremio.com\/br\/wp-json\/wp\/v2\/types\/post"}],"replies":[{"embeddable":true,"href":"https:\/\/grandepremio.com\/br\/wp-json\/wp\/v2\/comments?post=59547"}],"version-history":[{"count":0,"href":"https:\/\/grandepremio.com\/br\/wp-json\/wp\/v2\/posts\/59547\/revisions"}],"wp:featuredmedia":[{"embeddable":true,"href":"https:\/\/grandepremio.com\/br\/wp-json\/wp\/v2\/media\/1000742175"}],"wp:attachment":[{"href":"https:\/\/grandepremio.com\/br\/wp-json\/wp\/v2\/media?parent=59547"}],"wp:term":[{"taxonomy":"category","embeddable":true,"href":"https:\/\/grandepremio.com\/br\/wp-json\/wp\/v2\/categories?post=59547"},{"taxonomy":"post_tag","embeddable":true,"href":"https:\/\/grandepremio.com\/br\/wp-json\/wp\/v2\/tags?post=59547"},{"taxonomy":"42wp_author","embeddable":true,"href":"https:\/\/grandepremio.com\/br\/wp-json\/wp\/v2\/42wp_author?post=59547"}],"curies":[{"name":"wp","href":"https:\/\/api.w.org\/{rel}","templated":true}]}}