{"id":59562,"date":"2024-10-04T05:00:00","date_gmt":"2024-10-04T08:00:00","guid":{"rendered":"https:\/\/grandepremio.com\/br\/noticias\/consultor-red-bull-tetra-max-verstappen-possivel-ganhar-mais-duas-provas\/"},"modified":"2024-10-03T17:20:22","modified_gmt":"2024-10-03T20:20:22","slug":"consultor-red-bull-tetra-max-verstappen-possivel-ganhar-mais-duas-provas","status":"publish","type":"post","link":"https:\/\/grandepremio.com\/br\/f1\/consultor-red-bull-tetra-max-verstappen-possivel-ganhar-mais-duas-provas\/","title":{"rendered":"Consultor da Red Bull v\u00ea tetra de Verstappen poss\u00edvel s\u00f3 &#8220;se ganhar mais duas provas&#8221;"},"content":{"rendered":"\n<p class=\"wp-block-paragraph\">A <strong>Red Bull <\/strong>ainda controla o pr\u00f3prio destino no <strong>Mundial de Pilotos<\/strong>, com <strong>Max Verstappen<\/strong> na lideran\u00e7a e <strong>Lando Norris <\/strong>com uma desvantagem de 52 pontos para cortar nas \u00faltimas seis corridas. No entanto, a equipe segue em apuros no <strong>Mundial de Construtores<\/strong>. Com isso, <strong>Helmut Marko<\/strong>, consultor do time, destacou que o foco est\u00e1 no tetracampeonato do neerland\u00eas, que precisa \u201cganhar mais duas provas\u201d para assegurar a ta\u00e7a.&nbsp;<\/p>\n\n\n\n<p class=\"wp-block-paragraph\">Atualmente, Verstappen est\u00e1 em uma sequ\u00eancia de oito corridas sem vit\u00f3rias. O \u00faltimo triunfo do atual tricampe\u00e3o da<strong> F\u00f3rmula 1 <\/strong>veio no <strong>GP da Espanha<\/strong>, em 23 de junho. Com isso, Marko pontuou que o piloto do <strong>#1 <\/strong>tem de voltar a vencer na temporada para \u201cas coisas ficarem diferentes\u201d.\u00a0<\/p>\n\n\n\n<p class=\"wp-block-paragraph\">Al\u00e9m disso, o austr\u00edaco tamb\u00e9m cobrou melhores performances de <strong>Sergio P\u00e9rez<\/strong> mais uma vez. O mexicano, que est\u00e1 apenas em oitavo no Mundial de Pilotos, com 144 pontos, tem de \u201calcan\u00e7ar o terceiro ou quarto lugar\u201d nas provas para as chances da Red Bull entre os <strong>Construtores <\/strong>melhorarem, segundo Marko.\u00a0<\/p>\n\n\n\n<p class=\"wp-block-paragraph\">\u201c<strong>[O GP da It\u00e1lia] <\/strong>foi a pior corrida desde&#8230; n\u00e3o sei, n\u00e3o me lembro quando erramos tanto em termos de estrat\u00e9gia, pit-stop, ritmo, tudo. Mas agora estamos no caminho certo. O carro precisa ter uma janela operacional mais ampla e n\u00e3o uma na qual mudan\u00e7as relativamente pequenas ou diferen\u00e7as de temperatura de 6\u00b0C ou 7\u00b0C possam afetar o desempenho\u201d, afirmou em entrevista ao <em>Formel1.de.<\/em><\/p>\n\n\n\n<figure class=\"wp-block-image size-large\"><img decoding=\"async\" src=\"https:\/\/www.grandepremio.com\/br\/wp-content\/uploads\/2024\/09\/singapura-2024-f1-corrida-red-bull-max-verstappen-afp-05-1200x800.jpg\" alt=\"\" class=\"wp-image-872234\"\/><figcaption class=\"wp-element-caption\">Max Verstappen foi o segundo colocado  no GP de Singapura (Foto: AFP) <\/figcaption><\/figure>\n\n\n\n<p class=\"wp-block-paragraph\">O GP da It\u00e1lia mencionado por Marko terminou com Verstappen na sexta coloca\u00e7\u00e3o e P\u00e9rez em oitavo. A corrida em Monza tem sido tratada pela Red Bull como <a href=\"https:\/\/www.grandepremio.com\/br\/f1\/noticias\/sergio-perez-admite-esperava-gp-italia-dificil-mas-nao-ruim-assim-red-bull\/\">o ponto mais baixo da temporada<\/a> para a equipe.\u00a0<\/p>\n\n\n\n<p class=\"wp-block-paragraph\">\u201cMas estou otimista de que, se Max vencer corridas novamente e Sergio conseguir alcan\u00e7ar o terceiro ou quarto lugar, as coisas ficar\u00e3o diferentes. O foco est\u00e1 principalmente no Mundial de Pilotos, por enquanto. Mas se conseguirmos isso, e acredito que isso s\u00f3 ser\u00e1 poss\u00edvel se Max vencer pelo menos mais duas corridas, ent\u00e3o tamb\u00e9m ficar\u00e1 um pouco mais promissor no Mundial de Construtores\u201d, completou.&nbsp;<\/p>\n\n\n\n<p class=\"wp-block-paragraph\">A Red Bull tem 475 pontos e est\u00e1 atualmente na segunda posi\u00e7\u00e3o no Mundial de Construtores, atr\u00e1s da McLaren, que lidera com 516. J\u00e1 entre os pilotos, Verstappen est\u00e1 em primeiro com 331 tentos, enquanto Norris vem atr\u00e1s, com 279.\u00a0<\/p>\n\n\n\n<p class=\"wp-block-paragraph\">A <strong>F\u00f3rmula 1 <\/strong>agora s\u00f3 volta entre os dias 18 e 20 de outubro para o <strong>GP dos Estados Unidos<\/strong>, em <strong>Austin<\/strong>.<\/p>\n\n\n\n<p class=\"wp-block-paragraph\">\u25b6\ufe0f<strong>\u00a0Inscreva-se nos dois canais do GRANDE PR\u00caMIO no YouTube:\u00a0<a href=\"https:\/\/www.youtube.com\/channel\/UC9OlHEgxoaY6QY6nWPoiqQg?sub_confirmation=1\" target=\"_blank\" rel=\"noreferrer noopener\">GP<\/a>\u00a0|\u00a0<a href=\"https:\/\/www.youtube.com\/channel\/UC9csiS6q_C3C0FYhyr1rnFA?sub_confirmation=1\" target=\"_blank\" rel=\"noreferrer noopener\">GP2<\/a><\/strong><br>\u25b6\ufe0f<strong>\u00a0LEIA TAMB\u00c9M<\/strong>:\u00a0<strong><a href=\"https:\/\/www.grandepremio.com\/br\/f1\/noticias\/red-bull-tropica-si-mesma-ja-conta-dias-ver-reinado-ruir-completo-f1\/\">Mc<\/a><a href=\"https:\/\/www.grandepremio.com\/br\/f1\/noticias\/mclaren-hoje-sobra-formula-1-mas-despreparo-vencer-aproxima-max-verstappen-tetra\/\">Laren hoje sobra na F1, mas despreparo para vencer aproxima Verstappen do tetra<\/a><\/strong><\/p>\n\n\n\n<figure class=\"wp-block-embed is-type-video is-provider-youtube wp-block-embed-youtube wp-embed-aspect-16-9 wp-has-aspect-ratio\"><div class=\"wp-block-embed__wrapper\">\n<iframe loading=\"lazy\" title=\"PIASTRI conquista T\u00cdTULO DA F1 em 2 anos? Quem mais AMEA\u00c7A VERSTAPPEN | WGP\" width=\"500\" height=\"281\" src=\"https:\/\/www.youtube.com\/embed\/qT1bAU7f1ZE?feature=oembed\" frameborder=\"0\" allow=\"accelerometer; autoplay; clipboard-write; encrypted-media; gyroscope; picture-in-picture; web-share\" referrerpolicy=\"strict-origin-when-cross-origin\" allowfullscreen><\/iframe>\n<\/div><\/figure>\n","protected":false},"excerpt":{"rendered":"<p>Helmut Marko exaltou a evolu\u00e7\u00e3o da Red Bull desde o desastroso GP da It\u00e1lia e espera novas vit\u00f3rias de Max Verstappen para garantir t\u00edtulos<\/p>\n","protected":false},"author":0,"featured_media":1000789432,"comment_status":"closed","ping_status":"closed","sticky":false,"template":"","format":"standard","meta":{"42wp_featured_image_caption":"","42wp_featured_image_credits":"","42wp_featured_video":"","42wp_featured_image_hidden":false,"42wp_authors_list":[],"footnotes":""},"categories":[2],"tags":[5660,969,147,3230,642,160,180,30909,1491,30103,28285,258,547,203,90,204,2498],"42wp_author":[47162],"class_list":["post-59562","post","type-post","status-publish","format-standard","has-post-thumbnail","hentry","category-f1","tag-classificacao","tag-corrida","tag-f1","tag-f1-2024","tag-f1-ao-vivo","tag-f1-tv","tag-formula-1","tag-formula-1-2024","tag-grande-premio","tag-grande-premio-f1","tag-grandepremio","tag-helmut-marko","tag-lando-norris","tag-max-verstappen","tag-mclaren","tag-red-bull","tag-titulo","42wp_author-giovani-danjo"],"_links":{"self":[{"href":"https:\/\/grandepremio.com\/br\/wp-json\/wp\/v2\/posts\/59562","targetHints":{"allow":["GET"]}}],"collection":[{"href":"https:\/\/grandepremio.com\/br\/wp-json\/wp\/v2\/posts"}],"about":[{"href":"https:\/\/grandepremio.com\/br\/wp-json\/wp\/v2\/types\/post"}],"replies":[{"embeddable":true,"href":"https:\/\/grandepremio.com\/br\/wp-json\/wp\/v2\/comments?post=59562"}],"version-history":[{"count":0,"href":"https:\/\/grandepremio.com\/br\/wp-json\/wp\/v2\/posts\/59562\/revisions"}],"wp:featuredmedia":[{"embeddable":true,"href":"https:\/\/grandepremio.com\/br\/wp-json\/wp\/v2\/media\/1000789432"}],"wp:attachment":[{"href":"https:\/\/grandepremio.com\/br\/wp-json\/wp\/v2\/media?parent=59562"}],"wp:term":[{"taxonomy":"category","embeddable":true,"href":"https:\/\/grandepremio.com\/br\/wp-json\/wp\/v2\/categories?post=59562"},{"taxonomy":"post_tag","embeddable":true,"href":"https:\/\/grandepremio.com\/br\/wp-json\/wp\/v2\/tags?post=59562"},{"taxonomy":"42wp_author","embeddable":true,"href":"https:\/\/grandepremio.com\/br\/wp-json\/wp\/v2\/42wp_author?post=59562"}],"curies":[{"name":"wp","href":"https:\/\/api.w.org\/{rel}","templated":true}]}}