{"id":59623,"date":"2024-10-03T13:08:08","date_gmt":"2024-10-03T16:08:08","guid":{"rendered":"https:\/\/grandepremio.com\/br\/noticias\/fia-perde-dois-diretores-aumenta-lista-saidas-em-cargos-lideranca-em-2024\/"},"modified":"2024-10-03T13:49:42","modified_gmt":"2024-10-03T16:49:42","slug":"fia-perde-dois-diretores-aumenta-lista-saidas-em-cargos-lideranca-em-2024","status":"publish","type":"post","link":"https:\/\/grandepremio.com\/br\/f1\/fia-perde-dois-diretores-aumenta-lista-saidas-em-cargos-lideranca-em-2024\/","title":{"rendered":"FIA perde mais dois diretores e aumenta lista de sa\u00eddas em cargos de lideran\u00e7a em 2024"},"content":{"rendered":"\n<p class=\"wp-block-paragraph\">A <strong>Federa\u00e7\u00e3o Internacional de Automobilismo [FIA]<\/strong> recebeu o pedido de demiss\u00e3o de duas pessoas em posi\u00e7\u00e3o de lideran\u00e7a na institui\u00e7\u00e3o. <strong>Luke Skipper<\/strong>, diretor de comunica\u00e7\u00f5es, e <strong>Jacob Bangsgaard<\/strong>, secret\u00e1rio geral de Mobilidade e Turismo, deixaram a organiza\u00e7\u00e3o.<\/p>\n\n\n\n<p class=\"wp-block-paragraph\">Skipper assumiu a posi\u00e7\u00e3o de diretor de comunica\u00e7\u00f5es da FIA em 2022, com ampla experi\u00eancia no meio corporativo, trabalhando na <strong>Weber Shandwick<\/strong> com clientes internacionais. Tamb\u00e9m foi chefe de gabinete do <strong>Partido Nacional Escoc\u00eas<\/strong> no parlamento brit\u00e2nico.<\/p>\n\n\n\n<p class=\"wp-block-paragraph\">Bangsgaard foi nomeado secret\u00e1rio-geral da FIA de Mobilidade e Turismo em 2023. \u00c9 uma figura influente com rela\u00e7\u00e3o ao tema mobilidade, tendo sido fundador e diretor-executivo da <strong>European Policy Research<\/strong> [Pesquisa de Pol\u00edticas Europeias, em tradu\u00e7\u00e3o literal] desde 1997.<\/p>\n\n\n\n<p class=\"wp-block-paragraph\">Ambos teriam deixado a FIA por interesses pr\u00f3prios, mas as movimenta\u00e7\u00f5es ocorrem em novo momento em que a lideran\u00e7a de <strong>Mohammed Ben Sulayem<\/strong>, presidente da institui\u00e7\u00e3o, \u00e9 questionada. O dirigente se envolveu em pol\u00eamica ap\u00f3s pedir para que os pilotos evitassem palavr\u00f5es nos r\u00e1dios, o que foi bastante criticado pelos competidores.<\/p>\n\n\n\n<figure class=\"wp-block-image size-large\"><img decoding=\"async\" src=\"https:\/\/www.grandepremio.com\/br\/wp-content\/uploads\/2024\/01\/SI202201150131_hires_jpeg_24bit_rgb-1024x683.jpg\" alt=\"Mohammed Ben Sulayem, presidente da FIA, disse que as mudan\u00e7as s\u00e3o &quot;extremamente emocionantes&quot; para o futuro da categoria (Foto: Red Bull Content Pool)\" class=\"wp-image-767912\"\/><figcaption class=\"wp-element-caption\">Mohammed Ben Sulayem, presidente da FIA (Foto: Red Bull Content Pool)<\/figcaption><\/figure>\n\n\n\n<p class=\"wp-block-paragraph\">Na sequ\u00eancia, <strong>Max Verstappen<\/strong> <a href=\"https:\/\/www.grandepremio.com\/br\/f1\/noticias\/max-verstappen-permanencia-f1-xeque-punicao-fia-cansativo\/\">foi multado por falar um palavr\u00e3o<\/a> durante a coletiva do GP de <strong>Singapura<\/strong>, o que fez o neerland\u00eas protestar e se calar nas demais entrevistas conduzidas pela F\u00f3rmula 1 \u2014 apenas falou com rep\u00f3rteres ao longo do paddock.<\/p>\n\n\n\n<p class=\"wp-block-paragraph\">Ben Sulayem, agora, traz os holofotes para si novamente. O presidente da FIA <a href=\"https:\/\/www.grandepremio.com\/br\/f1\/noticias\/presidente-fia-acusa-midia-perseguicao-provoca-fizeram-de-mim-mais-forte\/\">acusa a imprensa, sobretudo a brit\u00e2nica, de persegui\u00e7\u00e3o<\/a> e disse ter sido &#8220;condenado&#8221; pelos ve\u00edculos ingleses. <\/p>\n\n\n\n<p class=\"wp-block-paragraph\">As sa\u00eddas de Skipper e Bangsgaard mant\u00e9m a s\u00e9rie de demiss\u00f5es de lideran\u00e7as da FIA ao longo ano. No in\u00edcio de 2024, <strong>Steve Nielsen<\/strong> deixou o posto de diretor-esportivo e retornou \u00e0 <strong>F\u00f3rmula One Management [FOM]<\/strong>, enquanto <strong>Tim Goss<\/strong> abandonou o cargo de diretor-t\u00e9cnico de monoposto para ser o no diretor-t\u00e9cnico da <strong>RB<\/strong>.<\/p>\n\n\n\n<p class=\"wp-block-paragraph\">Estas sa\u00eddas foram logo ap\u00f3s <strong>Deborah Mayer<\/strong> deixar o cargo de chefe da <strong>Comiss\u00e3o de Mulheres no Automobilismo<\/strong> da FIA. Em fevereiro, <strong>Pierre Ketterer<\/strong>, diretor de governan\u00e7a e regulamenta\u00e7\u00e3o, e <strong>Edward Floydd<\/strong>, chefe de assuntos jur\u00eddicos comerciais, sa\u00edram da organiza\u00e7\u00e3o. Em maio, <strong>Natalie Robyn<\/strong>, primeira CEO da FIA, saiu e alegou buscar oportunidades em outros lugares.<\/p>\n\n\n\n<p class=\"wp-block-paragraph\">A\u00a0<strong><a href=\"https:\/\/www.grandepremio.com\/br\/f1\/\" target=\"_blank\" rel=\"noreferrer noopener\"><\/a><a href=\"https:\/\/www.grandepremio.com\/br\/f1\/\" target=\"_blank\" rel=\"noreferrer noopener\">F\u00f3rmula 1<\/a>\u00a0<\/strong>agora s\u00f3 volta entre os dias 18 e 20 de outubro para o\u00a0<strong>GP dos Estados Unidos<\/strong>, em\u00a0<strong>Austin<\/strong>.<\/p>\n\n\n\n<p class=\"wp-block-paragraph\">\u25b6\ufe0f<strong>\u00a0Inscreva-se nos dois canais do GRANDE PR\u00caMIO no YouTube:\u00a0<a href=\"https:\/\/www.youtube.com\/channel\/UC9OlHEgxoaY6QY6nWPoiqQg?sub_confirmation=1\" target=\"_blank\" rel=\"noreferrer noopener\">GP<\/a>\u00a0|\u00a0<a href=\"https:\/\/www.youtube.com\/channel\/UC9csiS6q_C3C0FYhyr1rnFA?sub_confirmation=1\" target=\"_blank\" rel=\"noreferrer noopener\">GP2<\/a><\/strong><br>\u25b6\ufe0f<strong>\u00a0LEIA TAMB\u00c9M<\/strong>:\u00a0<strong><a href=\"https:\/\/www.grandepremio.com\/br\/f1\/noticias\/red-bull-tropica-si-mesma-ja-conta-dias-ver-reinado-ruir-completo-f1\/\">Red Bull tropica em si mesma e j\u00e1 conta dias para ver reinado ruir por completo na F1<\/a><\/strong><\/p>\n\n\n\n<figure class=\"wp-block-embed is-type-video is-provider-youtube wp-block-embed-youtube wp-embed-aspect-16-9 wp-has-aspect-ratio\"><div class=\"wp-block-embed__wrapper\">\n<iframe loading=\"lazy\" title=\"PIASTRI conquista T\u00cdTULO DA F1 em 2 anos? Quem mais AMEA\u00c7A VERSTAPPEN | WGP\" width=\"500\" height=\"281\" src=\"https:\/\/www.youtube.com\/embed\/qT1bAU7f1ZE?feature=oembed\" frameborder=\"0\" allow=\"accelerometer; autoplay; clipboard-write; encrypted-media; gyroscope; picture-in-picture; web-share\" referrerpolicy=\"strict-origin-when-cross-origin\" allowfullscreen><\/iframe>\n<\/div><\/figure>\n","protected":false},"excerpt":{"rendered":"<p>Luke Skipper, diretor de comunica\u00e7\u00f5es, e Jacob Bangsgaard, secret\u00e1rio geral de Mobilidade e Turismo, pediram demiss\u00e3o da institui\u00e7\u00e3o<\/p>\n","protected":false},"author":0,"featured_media":1000804950,"comment_status":"closed","ping_status":"closed","sticky":false,"template":"","format":"standard","meta":{"42wp_featured_image_caption":"","42wp_featured_image_credits":"","42wp_featured_video":"","42wp_featured_image_hidden":false,"42wp_authors_list":[],"footnotes":""},"categories":[2],"tags":[5660,969,147,3230,642,160,103,180,30909,1491,30103,28285],"42wp_author":[47155],"class_list":["post-59623","post","type-post","status-publish","format-standard","has-post-thumbnail","hentry","category-f1","tag-classificacao","tag-corrida","tag-f1","tag-f1-2024","tag-f1-ao-vivo","tag-f1-tv","tag-fia","tag-formula-1","tag-formula-1-2024","tag-grande-premio","tag-grande-premio-f1","tag-grandepremio","42wp_author-daniel-balsa"],"_links":{"self":[{"href":"https:\/\/grandepremio.com\/br\/wp-json\/wp\/v2\/posts\/59623","targetHints":{"allow":["GET"]}}],"collection":[{"href":"https:\/\/grandepremio.com\/br\/wp-json\/wp\/v2\/posts"}],"about":[{"href":"https:\/\/grandepremio.com\/br\/wp-json\/wp\/v2\/types\/post"}],"replies":[{"embeddable":true,"href":"https:\/\/grandepremio.com\/br\/wp-json\/wp\/v2\/comments?post=59623"}],"version-history":[{"count":0,"href":"https:\/\/grandepremio.com\/br\/wp-json\/wp\/v2\/posts\/59623\/revisions"}],"wp:featuredmedia":[{"embeddable":true,"href":"https:\/\/grandepremio.com\/br\/wp-json\/wp\/v2\/media\/1000804950"}],"wp:attachment":[{"href":"https:\/\/grandepremio.com\/br\/wp-json\/wp\/v2\/media?parent=59623"}],"wp:term":[{"taxonomy":"category","embeddable":true,"href":"https:\/\/grandepremio.com\/br\/wp-json\/wp\/v2\/categories?post=59623"},{"taxonomy":"post_tag","embeddable":true,"href":"https:\/\/grandepremio.com\/br\/wp-json\/wp\/v2\/tags?post=59623"},{"taxonomy":"42wp_author","embeddable":true,"href":"https:\/\/grandepremio.com\/br\/wp-json\/wp\/v2\/42wp_author?post=59623"}],"curies":[{"name":"wp","href":"https:\/\/api.w.org\/{rel}","templated":true}]}}