{"id":59662,"date":"2024-10-03T08:54:24","date_gmt":"2024-10-03T11:54:24","guid":{"rendered":"https:\/\/grandepremio.com\/br\/noticias\/consultor-red-bull-defende-abordagem-demissao-daniel-ricciardo-paz-consigo\/"},"modified":"2024-10-03T16:24:04","modified_gmt":"2024-10-03T19:24:04","slug":"consultor-red-bull-defende-abordagem-demissao-daniel-ricciardo-paz-consigo","status":"publish","type":"post","link":"https:\/\/grandepremio.com\/br\/f1\/consultor-red-bull-defende-abordagem-demissao-daniel-ricciardo-paz-consigo\/","title":{"rendered":"Consultor da Red Bull defende abordagem em demiss\u00e3o de Ricciardo: &#8220;Est\u00e1 em paz consigo&#8221;"},"content":{"rendered":"\n<p class=\"wp-block-paragraph\">A demiss\u00e3o de <strong>Daniel Ricciardo<\/strong>, <strong><a href=\"https:\/\/www.grandepremio.com\/br\/f1\/noticias\/rb-confirma-expectativa-anuncia-saida-daniel-ricciardo-abre-caminho-liam-lawson-formula-1\/\">efetuada h\u00e1 uma semana<\/a><\/strong>, ainda rende declara\u00e7\u00f5es dos respons\u00e1veis pela tomada de decis\u00e3o. <strong>Helmut Marko<\/strong>, consultor da <strong>Red Bull<\/strong>, defendeu a atua\u00e7\u00e3o da companhia durante o processo e garantiu que tudo foi feito da melhor forma poss\u00edvel e levando em considera\u00e7\u00e3o tamb\u00e9m o piloto.<\/p>\n\n\n\n<p class=\"wp-block-paragraph\">De acordo com Marko -que, segundo o chefe da Red Bull, <strong>Christian Horner<\/strong>, <strong><a href=\"https:\/\/www.grandepremio.com\/br\/f1\/noticias\/chefe-red-bull-consultor-queria-demissao-daniel-ricciardo-gp-da-espanha\/\">queria demitir Ricciardo desde o GP da Espanha<\/a><\/strong> -, o piloto foi tratado com dignidade e em momento algum foi alijado do que acontecia. Mesmo quando a decis\u00e3o foi troc\u00e1-lo por <strong>Liam Lawson<\/strong>, soube antes.<\/p>\n\n\n\n<p class=\"wp-block-paragraph\">&#8220;O an\u00fancio foi atrasado por quest\u00f5es importantes relacionadas a acordos comerciais. Mas Daniel foi informado com boa anteced\u00eancia e, para colocar nas palavras dele pr\u00f3prio, est\u00e1 em paz consigo mesmo&#8221;, afirmou \u00e0 revista austr\u00edaca Speedweek, que pertence \u00e0 Red Bull.<\/p>\n\n\n\n<p class=\"wp-block-paragraph\">&#8220;Ele recebeu uma segunda chance que ningu\u00e9m teria dado e foi ainda sob a premissa de que poderia retornar \u00e0 Red Bull se tivesse desempenho bom o bastante&#8221;, destacou e confirmou que &#8220;o per\u00edodo de Daniel na equipe sempre foi visto como tempor\u00e1rio&#8221;.<\/p>\n\n\n\n<figure class=\"wp-block-image size-large\"><img decoding=\"async\" src=\"https:\/\/www.grandepremio.com\/br\/wp-content\/uploads\/2024\/03\/afp-f1-2024-australia-tl3-red-bull-helmut-marko-01-1024x682.jpg\" alt=\"\" class=\"wp-image-791643\"\/><figcaption class=\"wp-element-caption\">Helmut Marko defendeu a abordagem da Red Bull com Ricciardo (Foto: AFP)<\/figcaption><\/figure>\n\n\n\n<p class=\"wp-block-paragraph\">&#8220;Mas o desempenho necess\u00e1rio s\u00f3 apareceu duas vezes: uma com um quarto lugar na corrida sprint de Miami e outra no M\u00e9xico, ano passado. Tirando essas duas vezes, a velocidade n\u00e3o estava l\u00e1. A consist\u00eancia, tamb\u00e9m n\u00e3o. A performance que justificaria uma promo\u00e7\u00e3o \u00e0 Red Bull faltou, e esse era o ponto da coisa toda&#8221;, avaliou.<\/p>\n\n\n\n<p class=\"wp-block-paragraph\">Marko ainda apontou que a Red Bull jamais conseguiu entendeu por que Ricciardo estava em n\u00edvel abaixo de 2018.<\/p>\n\n\n\n<p class=\"wp-block-paragraph\">&#8220;Se soub\u00e9ssemos o motivo do desempenho n\u00e3o ser t\u00e3o bom quanto deveria, ter\u00edamos feito tudo que fosse poss\u00edvel para mudar, mas o instinto assassino n\u00e3o estava mais evidente. Daniel era famoso pelo arrojo nas ultrapassagens e freadas tardias, mas nem isso acontecia mais&#8221;, finalizou.<\/p>\n\n\n\n<p class=\"wp-block-paragraph\">A&nbsp;<strong><a href=\"https:\/\/www.grandepremio.com\/br\/f1\/\" target=\"_blank\" rel=\"noreferrer noopener\"><\/a><a href=\"https:\/\/www.grandepremio.com\/br\/f1\/\" target=\"_blank\" rel=\"noreferrer noopener\">F\u00f3rmula 1<\/a>&nbsp;<\/strong>agora s\u00f3 volta entre os dias 18 e 20 de outubro para o&nbsp;<strong>GP dos Estados Unidos<\/strong>, em&nbsp;<strong>Austin<\/strong>.<\/p>\n\n\n\n<p class=\"wp-block-paragraph\">\u25b6\ufe0f<strong>\u00a0Inscreva-se nos dois canais do GRANDE PR\u00caMIO no YouTube:\u00a0<a href=\"https:\/\/www.youtube.com\/channel\/UC9OlHEgxoaY6QY6nWPoiqQg?sub_confirmation=1\" target=\"_blank\" rel=\"noreferrer noopener\">GP<\/a>\u00a0|\u00a0<a href=\"https:\/\/www.youtube.com\/channel\/UC9csiS6q_C3C0FYhyr1rnFA?sub_confirmation=1\" target=\"_blank\" rel=\"noreferrer noopener\">GP2<\/a><\/strong><br>\u25b6\ufe0f<strong>\u00a0LEIA TAMB\u00c9M<\/strong>:\u00a0<strong><a href=\"https:\/\/www.grandepremio.com\/br\/f1\/noticias\/red-bull-tropica-si-mesma-ja-conta-dias-ver-reinado-ruir-completo-f1\/\">Mc<\/a><a href=\"https:\/\/www.grandepremio.com\/br\/f1\/noticias\/mclaren-hoje-sobra-formula-1-mas-despreparo-vencer-aproxima-max-verstappen-tetra\/\">Laren hoje sobra na F1, mas despreparo para vencer aproxima Verstappen do tetra<\/a><\/strong><\/p>\n\n\n\n<figure class=\"wp-block-embed is-type-video is-provider-youtube wp-block-embed-youtube wp-embed-aspect-16-9 wp-has-aspect-ratio\"><div class=\"wp-block-embed__wrapper\">\n<iframe loading=\"lazy\" title=\"DRUGOVICH BATE LENDA da INDY! VERSTAPPEN de CARRO\u00c7A empata com NORRIS na F1 2024 | TTGP #155\" width=\"500\" height=\"281\" src=\"https:\/\/www.youtube.com\/embed\/vTRV5k-oqNA?feature=oembed\" frameborder=\"0\" allow=\"accelerometer; autoplay; clipboard-write; encrypted-media; gyroscope; picture-in-picture; web-share\" referrerpolicy=\"strict-origin-when-cross-origin\" allowfullscreen><\/iframe>\n<\/div><figcaption class=\"wp-element-caption\">DRUGOVICH BATE LENDA da INDY! VERSTAPPEN de CARRO\u00c7A empata com NORRIS na F1 2024 | TTGP #155<\/figcaption><\/figure>\n","protected":false},"excerpt":{"rendered":"<p>Helmut Marko, consultor da Red Bull, garantiu que tudo foi feito corretamente no processo de demiss\u00e3o de Daniel Ricciardo. E refletiu sobre o desempenho do piloto no retorno ao grid da F\u00f3rmula 1<\/p>\n","protected":false},"author":0,"featured_media":1000866452,"comment_status":"closed","ping_status":"closed","sticky":false,"template":"","format":"standard","meta":{"42wp_featured_image_caption":"","42wp_featured_image_credits":"","42wp_featured_video":"","42wp_featured_image_hidden":false,"42wp_authors_list":[],"footnotes":""},"categories":[2],"tags":[5660,211,3230,642],"42wp_author":[47120],"class_list":["post-59662","post","type-post","status-publish","format-standard","has-post-thumbnail","hentry","category-f1","tag-classificacao","tag-daniel-ricciardo","tag-f1-2024","tag-f1-ao-vivo","42wp_author-pedro-henrique-marum"],"_links":{"self":[{"href":"https:\/\/grandepremio.com\/br\/wp-json\/wp\/v2\/posts\/59662","targetHints":{"allow":["GET"]}}],"collection":[{"href":"https:\/\/grandepremio.com\/br\/wp-json\/wp\/v2\/posts"}],"about":[{"href":"https:\/\/grandepremio.com\/br\/wp-json\/wp\/v2\/types\/post"}],"replies":[{"embeddable":true,"href":"https:\/\/grandepremio.com\/br\/wp-json\/wp\/v2\/comments?post=59662"}],"version-history":[{"count":0,"href":"https:\/\/grandepremio.com\/br\/wp-json\/wp\/v2\/posts\/59662\/revisions"}],"wp:featuredmedia":[{"embeddable":true,"href":"https:\/\/grandepremio.com\/br\/wp-json\/wp\/v2\/media\/1000866452"}],"wp:attachment":[{"href":"https:\/\/grandepremio.com\/br\/wp-json\/wp\/v2\/media?parent=59662"}],"wp:term":[{"taxonomy":"category","embeddable":true,"href":"https:\/\/grandepremio.com\/br\/wp-json\/wp\/v2\/categories?post=59662"},{"taxonomy":"post_tag","embeddable":true,"href":"https:\/\/grandepremio.com\/br\/wp-json\/wp\/v2\/tags?post=59662"},{"taxonomy":"42wp_author","embeddable":true,"href":"https:\/\/grandepremio.com\/br\/wp-json\/wp\/v2\/42wp_author?post=59662"}],"curies":[{"name":"wp","href":"https:\/\/api.w.org\/{rel}","templated":true}]}}