{"id":59874,"date":"2024-10-01T10:13:15","date_gmt":"2024-10-01T13:13:15","guid":{"rendered":"https:\/\/grandepremio.com\/br\/noticias\/daniel-ricciardo-cogita-indy-duvida-sentir-borboletas-barriga-provavel-nao\/"},"modified":"2024-10-01T11:40:05","modified_gmt":"2024-10-01T14:40:05","slug":"daniel-ricciardo-cogita-indy-duvida-sentir-borboletas-barriga-provavel-nao","status":"publish","type":"post","link":"https:\/\/grandepremio.com\/br\/indy\/daniel-ricciardo-cogita-indy-duvida-sentir-borboletas-barriga-provavel-nao\/","title":{"rendered":"Ricciardo cogita Indy, mas duvida se vai sentir borboletas na barriga: &#8220;Prov\u00e1vel que n\u00e3o&#8221;"},"content":{"rendered":"\n<p class=\"wp-block-paragraph\">A <strong>F\u00f3rmula 1<\/strong> j\u00e1 \u00e9 passado para <strong>Daniel Ricciardo<\/strong>, que foi <a href=\"https:\/\/www.grandepremio.com\/br\/f1\/noticias\/rb-confirma-expectativa-anuncia-saida-daniel-ricciardo-abre-caminho-liam-lawson-formula-1\/\">sacado <\/a>da <strong>RB <\/strong>e <a href=\"https:\/\/www.grandepremio.com\/br\/f1\/noticias\/rb-confirma-troca-liam-lawson-lugar-daniel-ricciardo-fim-temporada-2024-f1\/\">substitu\u00eddo <\/a>por <strong>Liam Lawson<\/strong> j\u00e1 para o <strong>GP dos Estados Unidos<\/strong>. O australiano de 35 anos atualmente est\u00e1 pensando em formas de dar continuidade \u00e0 carreira longe dos holofotes da maior categoria do mundo e afirmou que considera a <strong>Indy <\/strong>como op\u00e7\u00e3o. No entanto, o experiente piloto ainda n\u00e3o sabe se a vontade dele ser\u00e1 satisfeita ao pilotar em outro campeonato.&nbsp;<\/p>\n\n\n\n<p class=\"wp-block-paragraph\">Ricciardo destacou que j\u00e1 passou por um per\u00edodo similar quando deixou a <strong>McLaren <\/strong>em 2022 e ficou sem vaga no grid para o ano seguinte. No entanto, no final das contas, o australiano voltou \u00e0 <strong>F1 <\/strong>no meio da temporada para substituir o demitido <strong>Nyck de Vries<\/strong> na <strong>AlphaTauri <\/strong>e n\u00e3o precisou chegar a uma solu\u00e7\u00e3o para \u201csaciar a vontade\u201d de correr.&nbsp;<\/p>\n\n\n\n<p class=\"wp-block-paragraph\">Pensando nos anos de F\u00f3rmula 1, que come\u00e7aram em 2011 e renderam-lhe oito vit\u00f3rias e 32 p\u00f3dios em 257 largadas, Ricciardo n\u00e3o est\u00e1 confiante de que estar\u00e1 satisfeito ao correr em outra categoria depois de j\u00e1 ter vivenciado \u201cos mais altos dos picos\u201d da carreira.&nbsp;<\/p>\n\n\n\n<p class=\"wp-block-paragraph\">\u201cA Indy ainda me assusta. Pensei nessa possibilidade porque j\u00e1 tinha considerado isso alguns anos atr\u00e1s, quando soube que n\u00e3o iria come\u00e7ar a temporada de 2023. Sei que ainda sou um competidor e ainda tenho uma chama em mim. Talvez essa vontade seja saciada fazendo outra coisa, n\u00e3o sei. Veremos\u201d, afirmou.<\/p>\n\n\n\n<figure class=\"wp-block-image size-full\"><img decoding=\"async\" src=\"https:\/\/www.grandepremio.com\/br\/wp-content\/uploads\/2024\/09\/SI202409220389-1.jpg\" alt=\"\" class=\"wp-image-872428\"\/><figcaption class=\"wp-element-caption\">Daniel Ricciardo foi demitido pela RB (Foto: Red Bull Content Pool)<\/figcaption><\/figure>\n\n\n\n<p class=\"wp-block-paragraph\">\u201c\u00c9 dif\u00edcil. At\u00e9 falando em estar no esporte e lutar pelo 10\u00ba lugar de vez em quando. Talvez seja o mesmo em outra categoria, e com todo respeito &#8211; sou f\u00e3 da <strong>Nascar <\/strong>e de muitas outras formas de automobilismo &#8211; mas como estive l\u00e1 e experimentei os mais altos dos picos, ser\u00e1 que vou conseguir me sentir realizado fazendo outra coisa?\u201d, questionou.&nbsp;<\/p>\n\n\n\n<p class=\"wp-block-paragraph\">\u201cN\u00e3o h\u00e1 garantia de que serei incr\u00edvel fazendo outra coisa. Isso realmente vai satisfazer minha vontade e me dar o que quero? N\u00e3o sei. Eu provavelmente diria mais n\u00e3o do que sim\u201d, adicionou.&nbsp;<\/p>\n\n\n\n<p class=\"wp-block-paragraph\">Fora das pistas, Ricciardo tamb\u00e9m enxerga outras oportunidades que podem surgir e destacou as amizades que fez no mundo da F\u00f3rmula 1. Quando ficou sem vaga em 2023, o piloto assinou como reserva da <strong>Red Bull<\/strong> e se manteve ativo no paddock durante os fins de semana de corrida. Com isso, o australiano disse que essa quest\u00e3o \u201cn\u00e3o assusta\u201d.<\/p>\n\n\n\n<p class=\"wp-block-paragraph\">\u201cFora das corridas, sim. Como j\u00e1 experimentei um pouco disso, n\u00e3o tenho medo de n\u00e3o entrar no paddock. Adorei e \u00e9 \u00f3timo, mas felizmente tamb\u00e9m fiz amizades com outros atletas ao longo dos anos que estiveram em posi\u00e7\u00e3o semelhante. Acho que h\u00e1 muito o que fazer, muitas oportunidades. N\u00e3o \u00e9 nada que me assuste\u201d, concluiu.&nbsp;<\/p>\n\n\n\n<p class=\"wp-block-paragraph\">A <strong>F\u00f3rmula 1 <\/strong>agora s\u00f3 volta entre os dias 18 e 20 de outubro para o <strong>GP dos Estados Unidos<\/strong>, em <strong>Austin<\/strong>.&nbsp;<\/p>\n\n\n\n<p class=\"wp-block-paragraph\"><strong><img decoding=\"async\" src=\"https:\/\/a.slack-edge.com\/production-standard-emoji-assets\/14.0\/google-medium\/25b6-fe0f.png\" alt=\":seta_para_frente:\">&nbsp;Inscreva-se nos dois canais do GRANDE PR\u00caMIO no YouTube:&nbsp;<a href=\"https:\/\/www.youtube.com\/channel\/UC9OlHEgxoaY6QY6nWPoiqQg?sub_confirmation=1\" target=\"_blank\" rel=\"noreferrer noopener\">GP<\/a>&nbsp;|&nbsp;<a href=\"https:\/\/www.youtube.com\/channel\/UC9csiS6q_C3C0FYhyr1rnFA?sub_confirmation=1\" target=\"_blank\" rel=\"noreferrer noopener\">GP2<\/a><\/strong><br><strong><img decoding=\"async\" src=\"https:\/\/a.slack-edge.com\/production-standard-emoji-assets\/14.0\/google-medium\/25b6-fe0f.png\" alt=\":seta_para_frente:\">&nbsp;LEIA TAMB\u00c9M<\/strong>:&nbsp;<strong><a href=\"https:\/\/www.grandepremio.com\/br\/f1\/noticias\/red-bull-tropica-si-mesma-ja-conta-dias-ver-reinado-ruir-completo-f1\/\">Red Bull tropica em si mesma e j\u00e1 conta dias para ver reinado ruir por completo na F1<\/a><\/strong><\/p>\n\n\n\n<figure class=\"wp-block-embed is-type-video is-provider-youtube wp-block-embed-youtube wp-embed-aspect-16-9 wp-has-aspect-ratio\"><div class=\"wp-block-embed__wrapper\">\n<iframe loading=\"lazy\" title=\"BORTOLETO E MCLAREN NA F1 E INDY: TONY KANAAN FALA TUDO! | Paddock GP #391\" width=\"500\" height=\"281\" src=\"https:\/\/www.youtube.com\/embed\/f83pGZE0tNY?feature=oembed\" frameborder=\"0\" allow=\"accelerometer; autoplay; clipboard-write; encrypted-media; gyroscope; picture-in-picture; web-share\" referrerpolicy=\"strict-origin-when-cross-origin\" allowfullscreen><\/iframe>\n<\/div><\/figure>\n","protected":false},"excerpt":{"rendered":"<p>Ap\u00f3s deixar a RB e a F\u00f3rmula 1, Daniel Ricciardo est\u00e1 pensando em formas de dar continuidade \u00e0 carreira no automobilismo<\/p>\n","protected":false},"author":0,"featured_media":1000867512,"comment_status":"closed","ping_status":"closed","sticky":false,"template":"","format":"standard","meta":{"42wp_featured_image_caption":"","42wp_featured_image_credits":"","42wp_featured_video":"","42wp_featured_image_hidden":false,"42wp_authors_list":[],"footnotes":""},"categories":[3],"tags":[5660,969,211,147,3230,642,160,180,30909,607,1491,30103,28285,93,595,411,39061],"42wp_author":[47162],"class_list":["post-59874","post","type-post","status-publish","format-standard","has-post-thumbnail","hentry","category-indy","tag-classificacao","tag-corrida","tag-daniel-ricciardo","tag-f1","tag-f1-2024","tag-f1-ao-vivo","tag-f1-tv","tag-formula-1","tag-formula-1-2024","tag-futuro","tag-grande-premio","tag-grande-premio-f1","tag-grandepremio","tag-indy","tag-liam-lawson","tag-nascar","tag-rb-2","42wp_author-giovani-danjo"],"_links":{"self":[{"href":"https:\/\/grandepremio.com\/br\/wp-json\/wp\/v2\/posts\/59874","targetHints":{"allow":["GET"]}}],"collection":[{"href":"https:\/\/grandepremio.com\/br\/wp-json\/wp\/v2\/posts"}],"about":[{"href":"https:\/\/grandepremio.com\/br\/wp-json\/wp\/v2\/types\/post"}],"replies":[{"embeddable":true,"href":"https:\/\/grandepremio.com\/br\/wp-json\/wp\/v2\/comments?post=59874"}],"version-history":[{"count":0,"href":"https:\/\/grandepremio.com\/br\/wp-json\/wp\/v2\/posts\/59874\/revisions"}],"wp:featuredmedia":[{"embeddable":true,"href":"https:\/\/grandepremio.com\/br\/wp-json\/wp\/v2\/media\/1000867512"}],"wp:attachment":[{"href":"https:\/\/grandepremio.com\/br\/wp-json\/wp\/v2\/media?parent=59874"}],"wp:term":[{"taxonomy":"category","embeddable":true,"href":"https:\/\/grandepremio.com\/br\/wp-json\/wp\/v2\/categories?post=59874"},{"taxonomy":"post_tag","embeddable":true,"href":"https:\/\/grandepremio.com\/br\/wp-json\/wp\/v2\/tags?post=59874"},{"taxonomy":"42wp_author","embeddable":true,"href":"https:\/\/grandepremio.com\/br\/wp-json\/wp\/v2\/42wp_author?post=59874"}],"curies":[{"name":"wp","href":"https:\/\/api.w.org\/{rel}","templated":true}]}}