{"id":59899,"date":"2024-10-01T08:21:28","date_gmt":"2024-10-01T11:21:28","guid":{"rendered":"https:\/\/grandepremio.com\/br\/noticias\/red-bull-admite-interesse-desempenho-liam-lawson-como-ameaca-sergio-perez-formula-1\/"},"modified":"2024-10-01T16:25:12","modified_gmt":"2024-10-01T19:25:12","slug":"red-bull-admite-interesse-desempenho-liam-lawson-como-ameaca-sergio-perez-formula-1","status":"publish","type":"post","link":"https:\/\/grandepremio.com\/br\/f1\/red-bull-admite-interesse-desempenho-liam-lawson-como-ameaca-sergio-perez-formula-1\/","title":{"rendered":"Red Bull admite interesse em desempenho de Lawson como amea\u00e7a a P\u00e9rez: &#8220;Olho no futuro&#8221;"},"content":{"rendered":"\n<p class=\"wp-block-paragraph\">Quando a <strong><a href=\"https:\/\/www.grandepremio.com\/br\/f1\/\">F\u00f3rmula 1<\/a><\/strong> retomar as atividades, com o <strong>GP dos Estados Unidos<\/strong>, o grid estar\u00e1 diferente. Segundo defini\u00e7\u00e3o da <strong>Red Bull<\/strong>, <strong>Liam Lawson<\/strong> <strong><a href=\"https:\/\/www.grandepremio.com\/br\/f1\/noticias\/rb-confirma-troca-liam-lawson-lugar-daniel-ricciardo-fim-temporada-2024-f1\/\">estar\u00e1 no cockpit que pertencia a<\/a><\/strong> <strong>Daniel Ricciardo<\/strong> at\u00e9 Singapura. E a marca dos energ\u00e9ticos est\u00e1 de olho no desempenho para muito al\u00e9m de apenas a <strong>RB (Visa CashApp RB)<\/strong>.<\/p>\n\n\n\n<p class=\"wp-block-paragraph\">Christian Horner, chefe da Red Bull, admitiu que h\u00e1 um plano de prepara\u00e7\u00e3o em curso para entender se Lawson tem condi\u00e7\u00f5es de assumir a vaga de <strong>Sergio P\u00e9rez<\/strong> no futuro. P\u00e9rez tem contrato vigente para os pr\u00f3ximos anos, mas a Red Bull pode abandonar o acordo ap\u00f3s 2025.<\/p>\n\n\n\n<p class=\"wp-block-paragraph\">&#8220;Isso vai al\u00e9m da RB, envolve tamb\u00e9m a Red Bull. Claro que temos um contrato com Sergio para ano que vem, mas voc\u00ea sempre precisa ter um olho no que vir\u00e1 em seguida&#8221;, afirmou ao site oficial da F1.<\/p>\n\n\n\n<p class=\"wp-block-paragraph\">&#8220;Ser\u00e1 Liam ou precisamos olhar para pilotos de fora? Ou um dos outros pilotos da academia vai crescer e ocupar esse espa\u00e7o, <strong>Isack Hadjar<\/strong> ou <strong>Arvis Lindblad<\/strong>?&#8221;, questionou.<\/p>\n\n\n\n<figure class=\"wp-block-image size-full\"><img decoding=\"async\" src=\"https:\/\/www.grandepremio.com\/br\/wp-content\/uploads\/2024\/08\/SI202406100009_hires_jpeg_24bit_rgb-1.jpg\" alt=\"\" class=\"wp-image-857098\"\/><figcaption class=\"wp-element-caption\">Liam Lawson sob observa\u00e7\u00e3o (Foto: Red Bull Content Pool)<\/figcaption><\/figure>\n\n\n\n<p class=\"wp-block-paragraph\">Ofereceu, por\u00e9m, um apupo a P\u00e9rez: se for bem, nada muda no futuro pr\u00f3ximo.<\/p>\n\n\n\n<p class=\"wp-block-paragraph\">&#8220;Checo reencontre a forma que conseguiu manter no come\u00e7o deste ano e, a\u00ed, nada muda. Mas sabemos que, neste neg\u00f3cio, duas semanas \u00e9 longo prazo&#8221;, finalizou.<\/p>\n\n\n\n<p class=\"wp-block-paragraph\">Horner ainda admitiu que o retorno de Ricciardo \u00e0 RB, em 2023, foi para que a equipe tivesse um plano B no caso de P\u00e9rez continuar com o baixo rendimento que apresentava \u00e0quela altura. Mas o pr\u00f3prio Ricciardo nunca justificou a mudan\u00e7a.<\/p>\n\n\n\n<p class=\"wp-block-paragraph\">A&nbsp;<strong><a href=\"https:\/\/www.grandepremio.com\/br\/f1\/\" target=\"_blank\" rel=\"noreferrer noopener\"><\/a><a href=\"https:\/\/www.grandepremio.com\/br\/f1\/\" target=\"_blank\" rel=\"noreferrer noopener\">F\u00f3rmula 1<\/a>&nbsp;<\/strong>agora s\u00f3 volta entre os dias 18 e 20 de outubro para o&nbsp;<strong>GP dos Estados Unidos<\/strong>, em&nbsp;<strong>Austin<\/strong>.<\/p>\n\n\n\n<p class=\"wp-block-paragraph\">\u25b6\ufe0f<strong>&nbsp;Inscreva-se nos dois canais do GRANDE PR\u00caMIO no YouTube:&nbsp;<a href=\"https:\/\/www.youtube.com\/channel\/UC9OlHEgxoaY6QY6nWPoiqQg?sub_confirmation=1\" target=\"_blank\" rel=\"noreferrer noopener\">GP<\/a>&nbsp;|&nbsp;<a href=\"https:\/\/www.youtube.com\/channel\/UC9csiS6q_C3C0FYhyr1rnFA?sub_confirmation=1\" target=\"_blank\" rel=\"noreferrer noopener\">GP2<\/a><\/strong><br>\u25b6\ufe0f<strong>&nbsp;LEIA TAMB\u00c9M<\/strong>:&nbsp;<strong><a href=\"https:\/\/www.grandepremio.com\/br\/f1\/noticias\/red-bull-tropica-si-mesma-ja-conta-dias-ver-reinado-ruir-completo-f1\/\">Red Bull tropica em si mesma e j\u00e1 conta dias para ver reinado ruir por completo na F1<\/a><\/strong><\/p>\n\n\n\n<figure class=\"wp-block-embed is-type-video is-provider-youtube wp-block-embed-youtube wp-embed-aspect-16-9 wp-has-aspect-ratio\"><div class=\"wp-block-embed__wrapper\">\n<iframe loading=\"lazy\" title=\"BORTOLETO E MCLAREN NA F1 E INDY: TONY KANAAN FALA TUDO! | Paddock GP #391\" width=\"500\" height=\"281\" src=\"https:\/\/www.youtube.com\/embed\/f83pGZE0tNY?feature=oembed\" frameborder=\"0\" allow=\"accelerometer; autoplay; clipboard-write; encrypted-media; gyroscope; picture-in-picture; web-share\" referrerpolicy=\"strict-origin-when-cross-origin\" allowfullscreen><\/iframe>\n<\/div><figcaption class=\"wp-element-caption\">BORTOLETO E MCLAREN NA F1 E INDY: TONY KANAAN FALA TUDO! | Paddock GP #391<\/figcaption><\/figure>\n","protected":false},"excerpt":{"rendered":"<p>Christian Horner, chefe da Red Bull, admitiu que a observa\u00e7\u00e3o ao desempenho de Liam Lawson na F1 \u00e9 tamb\u00e9m pensando no plano de sucess\u00e3o da equipe principal<\/p>\n","protected":false},"author":0,"featured_media":1000850835,"comment_status":"closed","ping_status":"closed","sticky":false,"template":"","format":"standard","meta":{"42wp_featured_image_caption":"","42wp_featured_image_credits":"","42wp_featured_video":"","42wp_featured_image_hidden":false,"42wp_authors_list":[],"footnotes":""},"categories":[2],"tags":[655,5660,211,3230,642,258,595,204,3132],"42wp_author":[47120],"class_list":["post-59899","post","type-post","status-publish","format-standard","has-post-thumbnail","hentry","category-f1","tag-christian-horner","tag-classificacao","tag-daniel-ricciardo","tag-f1-2024","tag-f1-ao-vivo","tag-helmut-marko","tag-liam-lawson","tag-red-bull","tag-sergio-perez","42wp_author-pedro-henrique-marum"],"_links":{"self":[{"href":"https:\/\/grandepremio.com\/br\/wp-json\/wp\/v2\/posts\/59899","targetHints":{"allow":["GET"]}}],"collection":[{"href":"https:\/\/grandepremio.com\/br\/wp-json\/wp\/v2\/posts"}],"about":[{"href":"https:\/\/grandepremio.com\/br\/wp-json\/wp\/v2\/types\/post"}],"replies":[{"embeddable":true,"href":"https:\/\/grandepremio.com\/br\/wp-json\/wp\/v2\/comments?post=59899"}],"version-history":[{"count":0,"href":"https:\/\/grandepremio.com\/br\/wp-json\/wp\/v2\/posts\/59899\/revisions"}],"wp:featuredmedia":[{"embeddable":true,"href":"https:\/\/grandepremio.com\/br\/wp-json\/wp\/v2\/media\/1000850835"}],"wp:attachment":[{"href":"https:\/\/grandepremio.com\/br\/wp-json\/wp\/v2\/media?parent=59899"}],"wp:term":[{"taxonomy":"category","embeddable":true,"href":"https:\/\/grandepremio.com\/br\/wp-json\/wp\/v2\/categories?post=59899"},{"taxonomy":"post_tag","embeddable":true,"href":"https:\/\/grandepremio.com\/br\/wp-json\/wp\/v2\/tags?post=59899"},{"taxonomy":"42wp_author","embeddable":true,"href":"https:\/\/grandepremio.com\/br\/wp-json\/wp\/v2\/42wp_author?post=59899"}],"curies":[{"name":"wp","href":"https:\/\/api.w.org\/{rel}","templated":true}]}}