{"id":60233,"date":"2024-09-28T04:00:00","date_gmt":"2024-09-28T07:00:00","guid":{"rendered":"https:\/\/grandepremio.com\/br\/noticias\/red-bull-afirma-deseja-manter-ligacao-mas-daniel-ricciardo-pediu-tempo-para-pensar\/"},"modified":"2024-09-28T08:23:14","modified_gmt":"2024-09-28T11:23:14","slug":"red-bull-afirma-deseja-manter-ligacao-mas-daniel-ricciardo-pediu-tempo-para-pensar","status":"publish","type":"post","link":"https:\/\/grandepremio.com\/br\/f1\/red-bull-afirma-deseja-manter-ligacao-mas-daniel-ricciardo-pediu-tempo-para-pensar\/","title":{"rendered":"Red Bull afirma que deseja manter liga\u00e7\u00e3o, mas Ricciardo pediu &#8220;tempo para pensar&#8221;"},"content":{"rendered":"\n<p class=\"wp-block-paragraph\"><strong><a href=\"https:\/\/www.grandepremio.com\/br\/f1\/noticias\/rb-confirma-expectativa-anuncia-saida-daniel-ricciardo-abre-caminho-liam-lawson-formula-1\/\">A demiss\u00e3o de<\/a><\/strong> <strong>Daniel Ricciardo<\/strong> como piloto titular da <strong>RB (Visa CashApp RB)<\/strong> veio na \u00faltima quinta-feira, mas a <strong>Red Bull<\/strong> j\u00e1 garante que ainda deseja manter os la\u00e7os com o piloto australiano. <strong>Helmut Marko<\/strong>, consultor da marca dos energ\u00e9ticos, disse que houve uma conversa inicial, mas que Ricciardo prefere tirar um tempo para pensar na vida.<\/p>\n\n\n\n<p class=\"wp-block-paragraph\">Marko, que afirmou que Ricciardo <strong><a href=\"https:\/\/www.grandepremio.com\/br\/f1\/noticias\/consultor-ve-virada-saida-red-bull-daniel-ricciardo-perdeu-instinto-assassino\/\">&#8220;perdeu o instinto assassino&#8221; ap\u00f3s deixar a Red Bull<\/a><\/strong>, em 2018, contou que a equipe quer mant\u00ea-lo. O papel de Ricciardo em poss\u00edvel novo acordo seria muito provavelmente para um cargo de embaixador.<\/p>\n\n\n\n<p class=\"wp-block-paragraph\">&#8220;Tivemos uma conversa e \u00e9 claro que estamos interessados. Trata-se de um dos pilotos mais populares da F1, especialmente nos Estados Unidos&#8221;, admitiu.<\/p>\n\n\n\n<p class=\"wp-block-paragraph\">&#8220;Mas ele quer um tempo para pensar no futuro. N\u00e3o acredito que vai entrar em outra categoria. Por outro lado, se n\u00e3o estiver mais correndo, ainda vai querer todas essas atividades de rela\u00e7\u00f5es p\u00fablicas?&#8221;, questionou.<\/p>\n\n\n\n<figure class=\"wp-block-image size-large\"><img decoding=\"async\" src=\"https:\/\/www.grandepremio.com\/br\/wp-content\/uploads\/2023\/11\/IMG_9183-1024x683.jpg\" alt=\"\" class=\"wp-image-749226\"\/><figcaption class=\"wp-element-caption\">Helmut Marko contou que Red Bull quer manter la\u00e7os com Ricciardo (Foto: Rodrigo Berton\/Warm Up)<\/figcaption><\/figure>\n\n\n\n<p class=\"wp-block-paragraph\">&#8220;Ricciardo tamb\u00e9m tem muito dinheiro no banco. Diria que \u00e9 uma decis\u00e3o de vida, e ele tem de decidir como quer moldar o futuro&#8221;, apontou.<\/p>\n\n\n\n<p class=\"wp-block-paragraph\">O que Ricciardo j\u00e1 adiantou \u00e9 que n\u00e3o tem interesse em voltar ao posto de piloto reserva, que assumiu no primeiro semestre de 2023 antes de voltar ao grid.<\/p>\n\n\n\n<p class=\"wp-block-paragraph\">&#8220;N\u00e3o&#8221;, garantiu. &#8220;Ano passado fazia sentido, mas o objetivo era voltar para a Red Bull. N\u00e3o vou recome\u00e7ar minha carreira. Tenho 35 anos e ainda conseguiu mostrar o ritmo que tive ao longo dos anos, mas \u00e9 evidente que ficou mais dif\u00edcil mostrar todos os fins de semana&#8221;, continuou.<\/p>\n\n\n\n<p class=\"wp-block-paragraph\">&#8220;Era definitivamente mais f\u00e1cil aos 25 que aos 35, mas talvez a competi\u00e7\u00e3o \u00e9 que esteja melhorando. Estou feliz que em determinado momento eu consegui fazer e foi muito divertido. Quero deixar o esporte com boas lembran\u00e7as e n\u00e3o como uma guerra di\u00e1ria em que sou eliminado no Q1 toda corrida. Isso n\u00e3o \u00e9 divertido&#8221;, finalizou.<\/p>\n\n\n\n<p class=\"wp-block-paragraph\">A&nbsp;<strong><a href=\"https:\/\/www.grandepremio.com\/br\/f1\/\" target=\"_blank\" rel=\"noreferrer noopener\"><\/a><a href=\"https:\/\/www.grandepremio.com\/br\/f1\/\" target=\"_blank\" rel=\"noreferrer noopener\">F\u00f3rmula 1<\/a>&nbsp;<\/strong>agora s\u00f3 volta entre os dias 18 e 20 de outubro para o&nbsp;<strong>GP dos Estados Unidos<\/strong>, em&nbsp;<strong>Austin<\/strong>.<\/p>\n\n\n\n<p class=\"wp-block-paragraph\"><strong><img decoding=\"async\" src=\"https:\/\/s.w.org\/images\/core\/emoji\/14.0.0\/svg\/25b6.svg\" alt=\"\u25b6\ufe0f\" style=\"width: 20px;\">&nbsp;Inscreva-se nos dois canais do GRANDE PR\u00caMIO no YouTube:&nbsp;<a href=\"https:\/\/www.youtube.com\/channel\/UC9OlHEgxoaY6QY6nWPoiqQg?sub_confirmation=1\" target=\"_blank\" rel=\"noreferrer noopener\">GP<\/a>&nbsp;|&nbsp;<a href=\"https:\/\/www.youtube.com\/channel\/UC9csiS6q_C3C0FYhyr1rnFA?sub_confirmation=1\" target=\"_blank\" rel=\"noreferrer noopener\">GP2<\/a><\/strong><br><strong><img decoding=\"async\" src=\"https:\/\/s.w.org\/images\/core\/emoji\/14.0.0\/svg\/25b6.svg\" alt=\"\u25b6\ufe0f\" style=\"width: 20px;\">&nbsp;LEIA TAMB\u00c9M<\/strong>:&nbsp;<strong><a href=\"https:\/\/www.grandepremio.com\/br\/f1\/noticias\/daniel-ricciardo-sai-cena-injusta-porta-fundos-deixa-licao-saber-hora-parar\/\">Ricciardo sai de cena por injusta porta dos fundos e deixa li\u00e7\u00e3o sobre hora de parar<\/a><\/strong><\/p>\n\n\n\n<figure class=\"wp-block-embed is-type-video is-provider-youtube wp-block-embed-youtube wp-embed-aspect-16-9 wp-has-aspect-ratio\"><div class=\"wp-block-embed__wrapper\">\n<iframe loading=\"lazy\" title=\"HAMILTON perto de EXPLODIR com MERCEDES na F1 e MCLAREN puxa orelha de PIASTRI | TTGP #154\" width=\"500\" height=\"281\" src=\"https:\/\/www.youtube.com\/embed\/8oCmEDgjMaM?feature=oembed\" frameborder=\"0\" allow=\"accelerometer; autoplay; clipboard-write; encrypted-media; gyroscope; picture-in-picture; web-share\" referrerpolicy=\"strict-origin-when-cross-origin\" allowfullscreen><\/iframe>\n<\/div><figcaption class=\"wp-element-caption\">HAMILTON perto de EXPLODIR com MERCEDES na F1 + MCLAREN puxa orelha de PIASTRI | TTGP #154<\/figcaption><\/figure>\n","protected":false},"excerpt":{"rendered":"<p>Helmut Marko, consultor da Red Bull, afirmou que a equipe j\u00e1 procurou Daniel Ricciardo para manter algum tipo de liga\u00e7\u00e3o oficial. Piloto, por\u00e9m, pediu tempo para pensar na vida<\/p>\n","protected":false},"author":0,"featured_media":1000857191,"comment_status":"closed","ping_status":"closed","sticky":false,"template":"","format":"standard","meta":{"42wp_featured_image_caption":"","42wp_featured_image_credits":"","42wp_featured_video":"","42wp_featured_image_hidden":false,"42wp_authors_list":[],"footnotes":""},"categories":[2],"tags":[5660,211,3230,642,258,595,39061,204],"42wp_author":[47120],"class_list":["post-60233","post","type-post","status-publish","format-standard","has-post-thumbnail","hentry","category-f1","tag-classificacao","tag-daniel-ricciardo","tag-f1-2024","tag-f1-ao-vivo","tag-helmut-marko","tag-liam-lawson","tag-rb-2","tag-red-bull","42wp_author-pedro-henrique-marum"],"_links":{"self":[{"href":"https:\/\/grandepremio.com\/br\/wp-json\/wp\/v2\/posts\/60233","targetHints":{"allow":["GET"]}}],"collection":[{"href":"https:\/\/grandepremio.com\/br\/wp-json\/wp\/v2\/posts"}],"about":[{"href":"https:\/\/grandepremio.com\/br\/wp-json\/wp\/v2\/types\/post"}],"replies":[{"embeddable":true,"href":"https:\/\/grandepremio.com\/br\/wp-json\/wp\/v2\/comments?post=60233"}],"version-history":[{"count":0,"href":"https:\/\/grandepremio.com\/br\/wp-json\/wp\/v2\/posts\/60233\/revisions"}],"wp:featuredmedia":[{"embeddable":true,"href":"https:\/\/grandepremio.com\/br\/wp-json\/wp\/v2\/media\/1000857191"}],"wp:attachment":[{"href":"https:\/\/grandepremio.com\/br\/wp-json\/wp\/v2\/media?parent=60233"}],"wp:term":[{"taxonomy":"category","embeddable":true,"href":"https:\/\/grandepremio.com\/br\/wp-json\/wp\/v2\/categories?post=60233"},{"taxonomy":"post_tag","embeddable":true,"href":"https:\/\/grandepremio.com\/br\/wp-json\/wp\/v2\/tags?post=60233"},{"taxonomy":"42wp_author","embeddable":true,"href":"https:\/\/grandepremio.com\/br\/wp-json\/wp\/v2\/42wp_author?post=60233"}],"curies":[{"name":"wp","href":"https:\/\/api.w.org\/{rel}","templated":true}]}}