{"id":60249,"date":"2024-09-27T16:49:16","date_gmt":"2024-09-27T19:49:16","guid":{"rendered":"https:\/\/grandepremio.com\/br\/noticias\/michael-andretti-deixa-cargo-ceo-andretti-global-investidor-assume-controle\/"},"modified":"2024-09-27T17:15:00","modified_gmt":"2024-09-27T20:15:00","slug":"michael-andretti-deixa-cargo-ceo-andretti-global-investidor-assume-controle","status":"publish","type":"post","link":"https:\/\/grandepremio.com\/br\/indy\/michael-andretti-deixa-cargo-ceo-andretti-global-investidor-assume-controle\/","title":{"rendered":"Michael Andretti deixa cargo de CEO e passa controle da Andretti\u00a0para\u00a0investidor"},"content":{"rendered":"\n<p class=\"wp-block-paragraph\"><strong>Michael Andretti<\/strong> n\u00e3o \u00e9 mais o CEO da <strong>Andretti<\/strong> <strong>Global<\/strong>, que possui equipe na <strong>Indy<\/strong>, <strong>F\u00f3rmula E<\/strong>, <strong>IMSA SportsCar<\/strong> e outras quatro categorias, al\u00e9m de tentar insistentemente presen\u00e7a na <strong>F\u00f3rmula 1<\/strong> nos \u00faltimos anos. <strong>Daniel Towriss<\/strong>, CEO do Group 1001 e investidor na estrutura, assume o comando do neg\u00f3cio.<\/p>\n\n\n\n<p class=\"wp-block-paragraph\">Mais cedo, o Sportico, site de neg\u00f3cios do esporte, noticiou que Andretti decidiu vender todas as a\u00e7\u00f5es que possu\u00eda da Andretti Global. No entanto, em comunicado enviado pela equipe, n\u00e3o ficou claro se isso de fato ocorreu, mas \u00e9 confirmado que Michael deixou o controle da estrutura.<\/p>\n\n\n\n<p class=\"wp-block-paragraph\">A revista norte-americana Racer reporta que o relacionamento entre Andretti e Towriss n\u00e3o era dos melhores no \u00faltimos meses dentro do paddock da Indy, com uma crescente divis\u00e3o entre ambos.<\/p>\n\n\n\n<p class=\"wp-block-paragraph\">&#8220;O objetivo de Michael \u00e9 fazer uma transi\u00e7\u00e3o para um cargo mais estrat\u00e9gico na Andretti Global e focar menos nos aspectos da opera\u00e7\u00e3o para as corridas. Michael e Dan Towriss tem trabalhado muito proximamente no desenvolvimento da nova estrutura, algo que deixa Michael animado para ver tomar forma sob a orienta\u00e7\u00e3o de Dan&#8221;, disse a Andretti em comunicado.<\/p>\n\n\n\n<figure class=\"wp-block-image size-large\"><img decoding=\"async\" src=\"https:\/\/www.grandepremio.com\/br\/wp-content\/uploads\/2024\/05\/20240504-0130-1200x801.jpg\" alt=\"\" class=\"wp-image-810553\"\/><figcaption class=\"wp-element-caption\">Michael Andretti (Foto: Marco Miltenburg\/Racepictures)<\/figcaption><\/figure>\n\n\n\n<p class=\"wp-block-paragraph\">&#8220;Michael continua engajado e continuar\u00e1 servindo como consultor estrat\u00e9gico e um embaixador-chave. Teremos mais a compartilhar nas pr\u00f3ximas semanas, depois que Michael e Dan tiverem a oportunidade de conversar com a equipe&#8221;, prosseguiu.<\/p>\n\n\n\n<p class=\"wp-block-paragraph\">Michael Andretti atua como dono de equipe desde 2002, quando ingressou como s\u00f3cio na antiga Forsythe\/Green na Indy. O norte-americano comprou as a\u00e7\u00f5es de <strong>Gerald Forsythe<\/strong> e o time se tornou <strong>Andretti Green<\/strong>. A partir de 2009, Michael adquiriu a parte do s\u00f3cio e a estrutura virou <strong>Andretti Autosport<\/strong>. Na \u00faltima d\u00e9cada, come\u00e7ou a expandir al\u00e9m dos <strong>Estados Unidos<\/strong>, operando na <strong>Extreme E<\/strong>, <strong>Supercars Australiana<\/strong>, <strong>Supercopa<\/strong> e a pr\u00f3pria F\u00f3rmula E.<\/p>\n\n\n\n<p class=\"wp-block-paragraph\">O grupo sofreu uma altera\u00e7\u00e3o de marca em 2023, quando passou a se chamar Andretti Global, pouco menos de um ano ap\u00f3s <strong>Dan Towriss<\/strong>, dono da holding <strong>Group 1001<\/strong>, adquirir a\u00e7\u00f5es da companhia, sendo parte dos investimentos focados na potencial entrada da equipe na F\u00f3rmula 1 \u2014 algo que tem sido negado constantemente pela categoria, mesmo com a parceria da esquadra com a <strong>Cadillac<\/strong>.<\/p>\n\n\n\n<p class=\"wp-block-paragraph\">O ingresso de Towriss na Andretti, no entanto, vem de antes de 2022, quando se tornou investidor da equipe. O Group 1001 \u00e9 dono da <strong>Gainbrigde<\/strong>, que patrocina a equipe desde 2018, quando <strong>Zach Veach<\/strong> assumiu uma vaga na Andretti. Atualmente, a empresa estampa o carro <strong>#26<\/strong> de <strong>Colton Herta<\/strong>.<\/p>\n\n\n\n<p class=\"wp-block-paragraph\"><strong>\u25b6\ufe0f&nbsp;Inscreva-se nos dois canais do GRANDE PR\u00caMIO no YouTube:&nbsp;<a href=\"https:\/\/www.youtube.com\/channel\/UC9OlHEgxoaY6QY6nWPoiqQg?sub_confirmation=1\" target=\"_blank\" rel=\"noreferrer noopener\">GP<\/a>&nbsp;|&nbsp;<a href=\"https:\/\/www.youtube.com\/channel\/UC9csiS6q_C3C0FYhyr1rnFA?sub_confirmation=1\" target=\"_blank\" rel=\"noreferrer noopener\">GP2<\/a><\/strong><br><strong>\u25b6\ufe0f&nbsp;LEIA TAMB\u00c9M:&nbsp;<a href=\"https:\/\/www.grandepremio.com\/br\/indy\/noticias\/indy-adota-sistema-charters-2025-mas-o-que-isso-quer-dizer\/\">Indy adota sistema de charters para 2025: mas o que isso quer dizer?<\/a><\/strong><\/p>\n\n\n\n<figure class=\"wp-block-embed is-provider-youtube wp-block-embed-youtube\"><div class=\"wp-block-embed__wrapper\">\n<iframe loading=\"lazy\" title=\"Como KANAAN ganhou for\u00e7a na MCLAREN e virou BRA\u00c7O DIREITO de Zak Brown na INDY\" width=\"500\" height=\"281\" src=\"https:\/\/www.youtube.com\/embed\/P_jWrfaYfIE?feature=oembed\" frameborder=\"0\" allow=\"accelerometer; autoplay; clipboard-write; encrypted-media; gyroscope; picture-in-picture; web-share\" referrerpolicy=\"strict-origin-when-cross-origin\" allowfullscreen><\/iframe>\n<\/div><\/figure>\n","protected":false},"excerpt":{"rendered":"<p>Dan Towriss, CEO do Group 1001, \u00e9 quem assumiu o controle do neg\u00f3cio. Michael Andretti se torna consultor e embaixador da equipe<\/p>\n","protected":false},"author":0,"featured_media":1000742385,"comment_status":"closed","ping_status":"closed","sticky":false,"template":"","format":"standard","meta":{"42wp_featured_image_caption":"","42wp_featured_image_credits":"","42wp_featured_video":"","42wp_featured_image_hidden":false,"42wp_authors_list":[],"footnotes":""},"categories":[3],"tags":[28552,6133,1405,180,840,35967,26343,1491,28285,35361,93,31011,39054,32908,25544,1181,29784,36027,321,1691,580],"42wp_author":[47155],"class_list":["post-60249","post","type-post","status-publish","format-standard","has-post-thumbnail","hentry","category-indy","tag-calendario-indy","tag-classificacao-indy","tag-extreme-e","tag-formula-1","tag-formula-e","tag-formula-e-2024","tag-gp-de-st-pete","tag-grande-premio","tag-grandepremio","tag-horarios-indy","tag-indy","tag-indy-2024","tag-indy-2025","tag-indy-nxt","tag-lideranca","tag-michael-andretti","tag-onde-assistir-indy","tag-temporada-2024-da-indy","tag-tony-kanaan","tag-v8-supercars","tag-zak-brown","42wp_author-daniel-balsa"],"_links":{"self":[{"href":"https:\/\/grandepremio.com\/br\/wp-json\/wp\/v2\/posts\/60249","targetHints":{"allow":["GET"]}}],"collection":[{"href":"https:\/\/grandepremio.com\/br\/wp-json\/wp\/v2\/posts"}],"about":[{"href":"https:\/\/grandepremio.com\/br\/wp-json\/wp\/v2\/types\/post"}],"replies":[{"embeddable":true,"href":"https:\/\/grandepremio.com\/br\/wp-json\/wp\/v2\/comments?post=60249"}],"version-history":[{"count":0,"href":"https:\/\/grandepremio.com\/br\/wp-json\/wp\/v2\/posts\/60249\/revisions"}],"wp:featuredmedia":[{"embeddable":true,"href":"https:\/\/grandepremio.com\/br\/wp-json\/wp\/v2\/media\/1000742385"}],"wp:attachment":[{"href":"https:\/\/grandepremio.com\/br\/wp-json\/wp\/v2\/media?parent=60249"}],"wp:term":[{"taxonomy":"category","embeddable":true,"href":"https:\/\/grandepremio.com\/br\/wp-json\/wp\/v2\/categories?post=60249"},{"taxonomy":"post_tag","embeddable":true,"href":"https:\/\/grandepremio.com\/br\/wp-json\/wp\/v2\/tags?post=60249"},{"taxonomy":"42wp_author","embeddable":true,"href":"https:\/\/grandepremio.com\/br\/wp-json\/wp\/v2\/42wp_author?post=60249"}],"curies":[{"name":"wp","href":"https:\/\/api.w.org\/{rel}","templated":true}]}}