{"id":60404,"date":"2024-09-26T12:55:11","date_gmt":"2024-09-26T15:55:11","guid":{"rendered":"https:\/\/grandepremio.com\/br\/noticias\/rb-confirma-expectativa-anuncia-saida-daniel-ricciardo-abre-caminho-liam-lawson-formula-1\/"},"modified":"2024-09-26T15:10:47","modified_gmt":"2024-09-26T18:10:47","slug":"rb-confirma-expectativa-anuncia-saida-daniel-ricciardo-abre-caminho-liam-lawson-formula-1","status":"publish","type":"post","link":"https:\/\/grandepremio.com\/br\/f1\/rb-confirma-expectativa-anuncia-saida-daniel-ricciardo-abre-caminho-liam-lawson-formula-1\/","title":{"rendered":"RB confirma expectativa, anuncia sa\u00edda de Ricciardo e abre caminho para Lawson na F1"},"content":{"rendered":"\n<p class=\"wp-block-paragraph\">A <strong>F\u00f3rmula 1<\/strong> recebeu uma not\u00edcia que, apesar de longe uma surpresa, \u00e9 uma bomba na temporada 2024. Na tarde desta quinta-feira (26), a <strong>RB (Visa CashApp RB)<\/strong> confirmou a sa\u00edda de <strong>Daniel Ricciardo<\/strong> do posto de piloto titular. A demiss\u00e3o sela o destino do australiano na categoria e abre caminho para <strong>Liam Lawson<\/strong>. Minutos depois, <strong><a href=\"https:\/\/www.grandepremio.com\/br\/f1\/noticias\/rb-agradece-cavalheiro-daniel-ricciardo-trabalho-formula-1-sempre-tera-lugar-familia\/\">veio a confirma\u00e7\u00e3o da promo\u00e7\u00e3o do piloto neozeland\u00eas<\/a><\/strong>.<\/p>\n\n\n\n<p class=\"wp-block-paragraph\"><strong>\u25b6\ufe0f&nbsp;Inscreva-se nos dois canais do GRANDE PR\u00caMIO no YouTube:&nbsp;<a href=\"https:\/\/www.youtube.com\/channel\/UC9OlHEgxoaY6QY6nWPoiqQg?sub_confirmation=1\" target=\"_blank\" rel=\"noreferrer noopener\">GP<\/a>&nbsp;|&nbsp;<a href=\"https:\/\/www.youtube.com\/channel\/UC9csiS6q_C3C0FYhyr1rnFA?sub_confirmation=1\" target=\"_blank\" rel=\"noreferrer noopener\">GP2<\/a><\/strong><br><strong>\u25b6\ufe0f&nbsp;LEIA TAMB\u00c9M:&nbsp;<a href=\"https:\/\/www.grandepremio.com\/br\/f1\/noticias\/promotoria-revela-suspeitos-extorsao-familia-schumacher-exigiram-r-91-milhoes-fotos\/\">Promotoria revela tentativa de extors\u00e3o de R$ 91 milh\u00f5es \u00e0 fam\u00edlia Schumacher<\/a><\/strong><\/p>\n\n\n\n<p class=\"wp-block-paragraph\">O rendimento abaixo do esperado de Ricciardo desde o ano passado, quando foi contratado para o lugar de <strong>Nyck de Vries<\/strong> durante a temporada, acabou por render nova demiss\u00e3o da equipe durante um campeonato em anos seguidos. <\/p>\n\n\n\n<p class=\"wp-block-paragraph\">\u201cAmei esse esporte durante toda a minha vida. \u00c9 louco e maravilhoso e tem sido uma baita jornada. \u00c0s equipes e indiv\u00edduos que fizeram sua parte, obrigado. Aos f\u00e3s que \u00e0s vezes amam o esporte mais do que eu, \u200b\u200bobrigado. Sempre h\u00e1 altos e baixos, mas tem sido divertido e, verdade seja dita, eu n\u00e3o mudaria isso. At\u00e9 a pr\u00f3xima aventura\u201d, publicou Ricciardo no Instagram.<\/p>\n\n\n\n<figure class=\"wp-block-image size-large\"><img decoding=\"async\" src=\"https:\/\/www.grandepremio.com\/br\/wp-content\/uploads\/2024\/09\/azerbaijao-2024-f1-treinos-livres-rb-daniel-ricciardo-02-2-1200x858.jpg\" alt=\"\" class=\"wp-image-867512\"\/><figcaption class=\"wp-element-caption\">Daniel Ricciardo j\u00e1 n\u00e3o faz mais parte do grid da F1 (Foto: Red Bull Content Pool)<\/figcaption><\/figure>\n\n\n\n<p class=\"wp-block-paragraph\">&#8220;Daniel trouxe muita experi\u00eancia e talento para a equipe, assim como uma fant\u00e1stica atitude, que ajudou todo mundo a se desenvolver e nutrir o esp\u00edrito coletivo&#8221;, afirmou <strong>Laurent Mekies<\/strong>, chefe da RB.<\/p>\n\n\n\n<p class=\"wp-block-paragraph\">&#8220;Todos aqui na RB queremos agradecer pelo trabalho duro conosco nas duas \u00faltimas temporadas. Daniel foi um cavalheiro dentro e fora das pistas e nunca perdeu o sorriso. Sentiremos sua falta, mas ele sempre ter\u00e1 lugar especial na fam\u00edlia Red Bull&#8221;, concluiu.<\/p>\n\n\n\n<p class=\"wp-block-paragraph\">&#8220;No momento em que voc\u00ea chegou \u00e0 Red Bull ficou \u00f3bvio que era muito mais que s\u00f3 um piloto. Seu constante entusiasmo, senso de humor e atitude v\u00e3o deixar um legado indel\u00e9vel na equipe em Milton Keynes e na F1 como um todo&#8221;, disse <strong>Christian Horner, chefe da Red Bull<\/strong>.<\/p>\n\n\n\n<p class=\"wp-block-paragraph\">&#8220;Obrigado pelas vit\u00f3rias, sorrisos, m\u00fasicas (e gostaria de poder dizer que pelos &#8216;shoeys&#8217;). Voc\u00ea sempre ser\u00e1 parte especial da fam\u00edlia Red Bull. Foram oito vit\u00f3rias, 32 p\u00f3dios, 1.329 pontos, mas esses feitos e estat\u00edsticas n\u00e3o s\u00e3o a \u00fanica medida de quem voc\u00ea \u00e9 do que alcan\u00e7ou. Obrigado, Daniel&#8221;, encerrou.<\/p>\n\n\n\n<figure class=\"wp-block-image size-large\"><img decoding=\"async\" src=\"https:\/\/www.grandepremio.com\/br\/wp-content\/uploads\/2024\/08\/paises-baixos-holanda-2024-f1-treinos-livres-rb-daniel-ricciardo-01-1200x800.jpg\" alt=\"\" class=\"wp-image-856366\"\/><figcaption class=\"wp-element-caption\">Daniel Ricciardo defendeu a RB por partes das temporadas 2023 e 2024 (Foto: Red Bull Content Pool)<\/figcaption><\/figure>\n\n\n\n<p class=\"wp-block-paragraph\">Ricciardo, enquanto isso, fica muito pr\u00f3ximo de deixar a&nbsp;<a href=\"https:\/\/www.grandepremio.com\/br\/f1\/\" target=\"_blank\" rel=\"noreferrer noopener\">F1&nbsp;<\/a>talvez agora de forma definitiva. O australiano de 35 anos entrou no grid em 2011, pela nanica&nbsp;<strong>Hispania<\/strong>, j\u00e1 no ano seguinte recebendo a chance na ent\u00e3o&nbsp;<strong>Toro Rosso<\/strong>, que depois virou AlphaTauri e, hoje, \u00e9 a RB. Os melhores momentos de Daniel foram na Red Bull, por onde ficou de 2014 a 2018, perdendo protagonismo com a chegada de&nbsp;<strong><a href=\"https:\/\/www.grandepremio.com\/br\/piloto\/max-verstappen\/\" target=\"_blank\" rel=\"noreferrer noopener\">Max Verstappen<\/a><\/strong>.<\/p>\n\n\n\n<p class=\"wp-block-paragraph\">Desde que saiu da Red Bull, por\u00e9m, Ricciardo n\u00e3o teve vida f\u00e1cil. A passagem de dois anos pela&nbsp;<strong>Renault&nbsp;<\/strong>nem foi ruim por ele, mas discreta pelo equipamento que tinha em m\u00e3os. Depois, sim, decep\u00e7\u00e3o total em uma&nbsp;<strong>McLaren<\/strong>&nbsp;bem mais competitiva em 2021 e 2022. Trocado por&nbsp;<strong><a href=\"https:\/\/www.grandepremio.com\/br\/piloto\/oscar-piastri\/\" target=\"_blank\" rel=\"noreferrer noopener\">Oscar Piastri<\/a>&nbsp;<\/strong>pelos papaias, acabou repescado pela AlphaTauri no meio de 2023, quando a equipe demitiu&nbsp;<strong><a href=\"https:\/\/www.grandepremio.com\/br\/piloto\/nick-de-vries\/\" target=\"_blank\" rel=\"noreferrer noopener\">Nyck de Vries<\/a><\/strong>, mas pouco fez.<\/p>\n\n\n\n<p class=\"wp-block-paragraph\">Em 2024, Ricciardo tem 12 pontos anotados, praticamente metade dos 22 que Tsunoda j\u00e1 fez. No&nbsp;<strong>Mundial de Construtores<\/strong>, a RB&nbsp;<a href=\"https:\/\/www.grandepremio.com\/br\/f1\/classificacao\/\">aparece em sexto<\/a>, com 34 pontos. Ainda que amea\u00e7ada fortemente pela Haas, a equipe j\u00e1 cresceu em rela\u00e7\u00e3o aos 25 que anotou em 2023.<\/p>\n\n\n\n<p class=\"wp-block-paragraph\">A&nbsp;<strong><a href=\"https:\/\/www.grandepremio.com\/br\/f1\/\" target=\"_blank\" rel=\"noreferrer noopener\"><\/a><a href=\"https:\/\/www.grandepremio.com\/br\/f1\/\" target=\"_blank\" rel=\"noreferrer noopener\">F\u00f3rmula 1<\/a><\/strong>&nbsp;agora faz longa pausa e retorna de 18 a 20 de outubro em&nbsp;<strong>Austin<\/strong>,&nbsp;<strong>Estados Unidos<\/strong>, in\u00edcio da perna americana da&nbsp;<strong>temporada 2024<\/strong>.<\/p>\n\n\n\n<figure class=\"wp-block-embed is-type-video is-provider-youtube wp-block-embed-youtube wp-embed-aspect-16-9 wp-has-aspect-ratio\"><div class=\"wp-block-embed__wrapper\">\n<iframe loading=\"lazy\" title=\"HAMILTON perto de EXPLODIR com MERCEDES na F1 e MCLAREN puxa orelha de PIASTRI | TTGP #154\" width=\"500\" height=\"281\" src=\"https:\/\/www.youtube.com\/embed\/8oCmEDgjMaM?feature=oembed\" frameborder=\"0\" allow=\"accelerometer; autoplay; clipboard-write; encrypted-media; gyroscope; picture-in-picture; web-share\" referrerpolicy=\"strict-origin-when-cross-origin\" allowfullscreen><\/iframe>\n<\/div><figcaption class=\"wp-element-caption\">HAMILTON perto de EXPLODIR com MERCEDES na F1 + MCLAREN puxa orelha de PIASTRI | TTGP #154<\/figcaption><\/figure>\n","protected":false},"excerpt":{"rendered":"<p>A RB (Visa CashApp RB) fez aquilo que se esperava: anunciou a sa\u00edda de Daniel Ricciardo apenas quatro dias ap\u00f3s o GP de Singapura<\/p>\n","protected":false},"author":0,"featured_media":1000872428,"comment_status":"closed","ping_status":"closed","sticky":false,"template":"","format":"standard","meta":{"42wp_featured_image_caption":"","42wp_featured_image_credits":"","42wp_featured_video":"","42wp_featured_image_hidden":false,"42wp_authors_list":[],"footnotes":""},"categories":[2],"tags":[524,27776,34186,27487,35624,37759,38393,33106,655,5660,8235,37760,211,3230,642,11958,37761,10753,595,39061,204,638,38561],"42wp_author":[47120],"class_list":["post-60404","post","type-post","status-publish","format-standard","has-post-thumbnail","hentry","category-f1","tag-alphatauri","tag-assistir-f1-ao-vivo","tag-assistir-f1-gratis","tag-assistir-f1-online","tag-calendario-f1-2024","tag-calendario-f1-2024-horarios","tag-chefe-rb","tag-chefe-red-bull","tag-christian-horner","tag-classificacao","tag-classificacao-da-f1","tag-classificacao-f1-2024","tag-daniel-ricciardo","tag-f1-2024","tag-f1-ao-vivo","tag-f1-live","tag-f1-tv-2024","tag-laurent-mekies","tag-liam-lawson","tag-rb-2","tag-red-bull","tag-toro-rosso","tag-visa-cashapp-rb","42wp_author-pedro-henrique-marum"],"_links":{"self":[{"href":"https:\/\/grandepremio.com\/br\/wp-json\/wp\/v2\/posts\/60404","targetHints":{"allow":["GET"]}}],"collection":[{"href":"https:\/\/grandepremio.com\/br\/wp-json\/wp\/v2\/posts"}],"about":[{"href":"https:\/\/grandepremio.com\/br\/wp-json\/wp\/v2\/types\/post"}],"replies":[{"embeddable":true,"href":"https:\/\/grandepremio.com\/br\/wp-json\/wp\/v2\/comments?post=60404"}],"version-history":[{"count":0,"href":"https:\/\/grandepremio.com\/br\/wp-json\/wp\/v2\/posts\/60404\/revisions"}],"wp:featuredmedia":[{"embeddable":true,"href":"https:\/\/grandepremio.com\/br\/wp-json\/wp\/v2\/media\/1000872428"}],"wp:attachment":[{"href":"https:\/\/grandepremio.com\/br\/wp-json\/wp\/v2\/media?parent=60404"}],"wp:term":[{"taxonomy":"category","embeddable":true,"href":"https:\/\/grandepremio.com\/br\/wp-json\/wp\/v2\/categories?post=60404"},{"taxonomy":"post_tag","embeddable":true,"href":"https:\/\/grandepremio.com\/br\/wp-json\/wp\/v2\/tags?post=60404"},{"taxonomy":"42wp_author","embeddable":true,"href":"https:\/\/grandepremio.com\/br\/wp-json\/wp\/v2\/42wp_author?post=60404"}],"curies":[{"name":"wp","href":"https:\/\/api.w.org\/{rel}","templated":true}]}}