{"id":60413,"date":"2024-09-26T09:20:40","date_gmt":"2024-09-26T12:20:40","guid":{"rendered":"https:\/\/grandepremio.com\/br\/noticias\/mclaren-exclui-culpa-lando-norris-depois-revisar-cada-largada-ve-parte-equipe\/"},"modified":"2024-09-26T18:28:18","modified_gmt":"2024-09-26T21:28:18","slug":"mclaren-exclui-culpa-lando-norris-depois-revisar-cada-largada-ve-parte-equipe","status":"publish","type":"post","link":"https:\/\/grandepremio.com\/br\/f1\/mclaren-exclui-culpa-lando-norris-depois-revisar-cada-largada-ve-parte-equipe\/","title":{"rendered":"McLaren exclui culpa de Norris depois de revisar &#8220;cada largada&#8221; e v\u00ea &#8220;parte da equipe&#8221;"},"content":{"rendered":"\n<p class=\"wp-block-paragraph\">A <strong>McLaren <\/strong>descartou que as largadas ruins de <strong>Lando Norris<\/strong> na <strong>temporada 2024<\/strong> da <strong>F\u00f3rmula 1 <\/strong>sejam um problema exclusivamente dele. A constata\u00e7\u00e3o veio ap\u00f3s an\u00e1lise minuciosa de todas as vezes em que o brit\u00e2nico alinhou na pole-position no ano e ainda atribuiu alguns infort\u00fanios \u00e0 pr\u00f3pria equipe papaia.<\/p>\n\n\n\n<p class=\"wp-block-paragraph\">Norris anotou cinco poles em 2024, mas a \u00fanica vez que completou a primeira volta na lideran\u00e7a foi na \u00faltima etapa, o<strong> GP de Singapura<\/strong>. Na <strong>It\u00e1lia<\/strong>, at\u00e9 sustentou o primeiro posto na curva 1 contra <strong>Oscar Piastri<\/strong>, mas foi ultrapassado pelo colega algumas curvas depois.<\/p>\n\n\n\n<p class=\"wp-block-paragraph\">Na <strong>B\u00e9lgica<\/strong>, embora n\u00e3o tenha conquistado a posi\u00e7\u00e3o de honra no grid, Norris alinhou na primeira fila, mas perdeu posi\u00e7\u00f5es no in\u00edcio ao colocar as rodas na brita na primeira curva. Na ocasi\u00e3o, o chefe, <strong>Andrea Stella<\/strong>, admitiu preocupa\u00e7\u00e3o e afirmou que o time iria <a href=\"https:\/\/www.grandepremio.com\/br\/f1\/noticias\/mclaren-assume-preocupacao-largadas-ruins-lando-norris-precisamos-averiguar-motivo\/\">&#8220;averiguar motivo&#8221; dos in\u00edcios oscilantes<\/a>.<\/p>\n\n\n\n<p class=\"wp-block-paragraph\">Depois da corrida em Singapura, vencida por Lando de ponta a ponta, Stella confirmou \u00e0 imprensa que a McLaren investigou as largadas de Norris conforme prometido, por\u00e9m n\u00e3o detectou nenhum problema \u00f3bvio. &#8220;N\u00e3o discordo que, \u00e0 primeira vista, a largada e a chegada \u00e0 primeira curva sejam uma oportunidade para Lando.&#8221;<\/p>\n\n\n\n<figure class=\"wp-block-image size-large\"><img decoding=\"async\" src=\"https:\/\/www.grandepremio.com\/br\/wp-content\/uploads\/2024\/09\/singapura-2024-f1-corrida-mclaren-lando-norris-afp-012-1200x800.jpg\" alt=\"\" class=\"wp-image-872550\"\/><figcaption class=\"wp-element-caption\">Lando Norris foi isentado de culpa pelas m\u00e1s largadas (Foto: AFP) <\/figcaption><\/figure>\n\n\n\n<p class=\"wp-block-paragraph\">\u201cNo entanto, depois de fazer algumas an\u00e1lises como equipe, incluindo ele, revisamos cada largada e cada primeira volta ao longo da temporada. E, sendo justo, n\u00e3o achamos que, mesmo nos casos em que Lando largou na pole-position e perdeu a primeira posi\u00e7\u00e3o no fim da primeira volta, ele tenha perdido muito em termos de desempenho&#8221;, continuou Stella.<\/p>\n\n\n\n<p class=\"wp-block-paragraph\">&#8220;Revisamos Barcelona e achamos que [<strong>George<\/strong>] <strong>Russell <\/strong>teria sido o primeiro mesmo se Lando tivesse tentado algo diferente. Houve algumas chances em termos de execu\u00e7\u00e3o de largada, mas reconhecemos que tamb\u00e9m foram piores por parte da equipe&#8221;, frisou o chefe da McLaren, citando como exemplo o GP dos Pa\u00edses Baixos.<\/p>\n\n\n\n<p class=\"wp-block-paragraph\">&#8220;Acho que foi em <strong>Zandvoort<\/strong>, onde os dois carros estavam com pneus frios devido a uma falha de perspectiva da equipe e eles n\u00e3o tiveram uma boa largada, ent\u00e3o acredito que embora parecesse que Lando teve ali uma oportunidade importante, os fatos n\u00e3o eram claros&#8221;, seguiu.<\/p>\n\n\n\n<p class=\"wp-block-paragraph\">Houve, no entanto, um cuidado melhor para Singapura, com o time de Woking se concentrando na execu\u00e7\u00e3o da largada e preparo dos pneus \u2014 trabalho este realizado junto com Norris. &#8220;Estamos mais focados at\u00e9 no tempo que dedicamos \u00e0 prepara\u00e7\u00e3o de largada durante um fim de semana.&#8221;<\/p>\n\n\n\n<p class=\"wp-block-paragraph\">&#8220;Ganha-se confian\u00e7a e familiaridade saindo da pole-position e entendendo, em termos de defesa do territ\u00f3rio, o que precisa fazer, at\u00e9 mesmo para dissuadir as pessoas, ent\u00e3o acho que isso faz parte da jornada, e \u00e9 bom que agora estejamos enfrentando esse tipo de oportunidade&#8221;, finalizou Stella.<\/p>\n\n\n\n<p class=\"wp-block-paragraph\">A\u00a0<strong><a href=\"https:\/\/www.grandepremio.com\/br\/f1\/\" target=\"_blank\" rel=\"noreferrer noopener\"><\/a><a href=\"https:\/\/www.grandepremio.com\/br\/f1\/\" target=\"_blank\" rel=\"noreferrer noopener\">F\u00f3rmula 1<\/a><\/strong>\u00a0agora faz longa pausa e retorna de 18 a 20 de outubro em\u00a0<strong>Austin<\/strong>,\u00a0<strong>Estados Unidos<\/strong>, in\u00edcio da perna americana da\u00a0<strong>temporada 2024<\/strong>.<\/p>\n\n\n\n<p class=\"wp-block-paragraph\"><strong><img decoding=\"async\" src=\"https:\/\/a.slack-edge.com\/production-standard-emoji-assets\/14.0\/google-medium\/25b6-fe0f.png\" alt=\":seta_para_frente:\">\u00a0Inscreva-se nos dois canais do GRANDE PR\u00caMIO no YouTube:\u00a0<a href=\"https:\/\/www.youtube.com\/channel\/UC9OlHEgxoaY6QY6nWPoiqQg?sub_confirmation=1\" target=\"_blank\" rel=\"noreferrer noopener\">GP<\/a>\u00a0|\u00a0<a href=\"https:\/\/www.youtube.com\/channel\/UC9csiS6q_C3C0FYhyr1rnFA?sub_confirmation=1\" target=\"_blank\" rel=\"noreferrer noopener\">GP2<\/a><\/strong><br><strong><img decoding=\"async\" src=\"https:\/\/a.slack-edge.com\/production-standard-emoji-assets\/14.0\/google-medium\/25b6-fe0f.png\" alt=\":seta_para_frente:\">\u00a0LEIA TAMB\u00c9M:\u00a0<a href=\"https:\/\/www.grandepremio.com\/br\/f1\/noticias\/promotoria-revela-suspeitos-extorsao-familia-schumacher-exigiram-r-91-milhoes-fotos\/\">Promotoria revela tentativa de extors\u00e3o de R$ 91 milh\u00f5es \u00e0 fam\u00edlia Schumacher por fotos<\/a><\/strong><\/p>\n\n\n\n<figure class=\"wp-block-embed is-type-video is-provider-youtube wp-block-embed-youtube wp-embed-aspect-16-9 wp-has-aspect-ratio\"><div class=\"wp-block-embed__wrapper\">\n<iframe loading=\"lazy\" title=\"HAMILTON perto de EXPLODIR com MERCEDES na F1 e MCLAREN puxa orelha de PIASTRI | TTGP #154\" width=\"500\" height=\"281\" src=\"https:\/\/www.youtube.com\/embed\/8oCmEDgjMaM?feature=oembed\" frameborder=\"0\" allow=\"accelerometer; autoplay; clipboard-write; encrypted-media; gyroscope; picture-in-picture; web-share\" referrerpolicy=\"strict-origin-when-cross-origin\" allowfullscreen><\/iframe>\n<\/div><\/figure>\n","protected":false},"excerpt":{"rendered":"<p>Chefe da McLaren, Andrea Stella explicou que houve momentos em que faltou um preparo melhor da equipe, como em Zandvoort, quando tanto Lando Norris quanto Oscar Piastri largaram com pneus mais frios<\/p>\n","protected":false},"author":0,"featured_media":1000844046,"comment_status":"closed","ping_status":"closed","sticky":false,"template":"","format":"standard","meta":{"42wp_featured_image_caption":"","42wp_featured_image_credits":"","42wp_featured_video":"","42wp_featured_image_hidden":false,"42wp_authors_list":[],"footnotes":""},"categories":[2],"tags":[7094,26271,5273,147,3230,180,30909,1397,40943,1491,28285,30840,547,3395,40942,32504,90,35129,3073,40941,3427,33301],"42wp_author":[47147],"class_list":["post-60413","post","type-post","status-publish","format-standard","has-post-thumbnail","hentry","category-f1","tag-andrea-stella","tag-calendario-f1","tag-classificacao-f1","tag-f1","tag-f1-2024","tag-formula-1","tag-formula-1-2024","tag-gp-de-singapura","tag-gp-de-singapura-f1","tag-grande-premio","tag-grandepremio","tag-horarios-f1","tag-lando-norris","tag-marina-bay","tag-marina-bay-2024","tag-marina-bay-f1","tag-mclaren","tag-onde-assistir-f1","tag-singapura","tag-singapura-2024","tag-singapura-f1","tag-temporada-2024-f1","42wp_author-luana-marino"],"_links":{"self":[{"href":"https:\/\/grandepremio.com\/br\/wp-json\/wp\/v2\/posts\/60413","targetHints":{"allow":["GET"]}}],"collection":[{"href":"https:\/\/grandepremio.com\/br\/wp-json\/wp\/v2\/posts"}],"about":[{"href":"https:\/\/grandepremio.com\/br\/wp-json\/wp\/v2\/types\/post"}],"replies":[{"embeddable":true,"href":"https:\/\/grandepremio.com\/br\/wp-json\/wp\/v2\/comments?post=60413"}],"version-history":[{"count":0,"href":"https:\/\/grandepremio.com\/br\/wp-json\/wp\/v2\/posts\/60413\/revisions"}],"wp:featuredmedia":[{"embeddable":true,"href":"https:\/\/grandepremio.com\/br\/wp-json\/wp\/v2\/media\/1000844046"}],"wp:attachment":[{"href":"https:\/\/grandepremio.com\/br\/wp-json\/wp\/v2\/media?parent=60413"}],"wp:term":[{"taxonomy":"category","embeddable":true,"href":"https:\/\/grandepremio.com\/br\/wp-json\/wp\/v2\/categories?post=60413"},{"taxonomy":"post_tag","embeddable":true,"href":"https:\/\/grandepremio.com\/br\/wp-json\/wp\/v2\/tags?post=60413"},{"taxonomy":"42wp_author","embeddable":true,"href":"https:\/\/grandepremio.com\/br\/wp-json\/wp\/v2\/42wp_author?post=60413"}],"curies":[{"name":"wp","href":"https:\/\/api.w.org\/{rel}","templated":true}]}}