{"id":60535,"date":"2024-09-25T10:27:32","date_gmt":"2024-09-25T13:27:32","guid":{"rendered":"https:\/\/grandepremio.com\/br\/noticias\/motogp-india-reserva-2025-confirma-volta-calendario-2026\/"},"modified":"2024-09-25T10:47:16","modified_gmt":"2024-09-25T13:47:16","slug":"motogp-india-reserva-2025-confirma-volta-calendario-2026","status":"publish","type":"post","link":"https:\/\/grandepremio.com\/br\/motogp\/motogp-india-reserva-2025-confirma-volta-calendario-2026\/","title":{"rendered":"MotoGP p\u00f5e \u00cdndia na reserva em 2025, mas confirma volta ao calend\u00e1rio em 2026"},"content":{"rendered":"\n<p class=\"wp-block-paragraph\">A <strong>\u00cdndia <\/strong>n\u00e3o estar\u00e1 no calend\u00e1rio 2025 da MotoGP. A confirma\u00e7\u00e3o foi feita nesta quarta-feira (25) por <strong>Dorna Sports<\/strong>, a promotora do <strong>Mundial de Motovelocidade<\/strong>, <strong>FIM <\/strong>(Federa\u00e7\u00e3o Internacional de <strong>Motociclismo<\/strong>) e <strong>IRTA <\/strong>(Associa\u00e7\u00e3o Internacional das Equipes de Corrida). De acordo com a organiza\u00e7\u00e3o, por\u00e9m, a prova de <strong>Buddh <\/strong>retorna \u00e0 programa\u00e7\u00e3o em 2026.<\/p>\n\n\n\n<p class=\"wp-block-paragraph\">De acordo com a MotoGP, \u201ccircunst\u00e2ncias operacionais\u201d for\u00e7aram o cancelamento da etapa de 2025, que acabou se tornando reserva.<\/p>\n\n\n\n<p class=\"wp-block-paragraph\">\u201cCircunst\u00e2ncias operacionais obrigaram o evento a ser adiado da vaga inicialmente alocada perto do in\u00edcio do calend\u00e1rio de 2025. Sem datas dispon\u00edveis perto do fim da temporada, a MotoGP, portanto, vai voltar \u00e0 \u00cdndia no in\u00edcio de 2026\u201d, anunciou.<\/p>\n\n\n\n<p class=\"wp-block-paragraph\">A not\u00edcia da aus\u00eancia da \u00cdndia no calend\u00e1rio de 2025 n\u00e3o chega como surpresa. Na ter\u00e7a-feira, <a href=\"https:\/\/www.grandepremio.com\/br\/motogp\/noticias\/india-volta-enfrentar-problemas-financeiros-vira-duvida-temporada-2025-motogp\/\">a publica\u00e7\u00e3o inglesa Autosport antecipou o cancelamento da etapa por causa de falta de apoio da InvestUP<\/a>, ag\u00eancia de investimento ligada ao governo de Uttar Pradesh.<\/p>\n\n\n\n<figure class=\"wp-block-image size-large\"><img decoding=\"async\" src=\"https:\/\/www.grandepremio.com\/br\/wp-content\/uploads\/2023\/09\/SI201412165938-1024x682.jpg\" alt=\"\" class=\"wp-image-731586\"\/><figcaption class=\"wp-element-caption\">Buddh vou para a reserva da MotoGP em 2025 (Foto: Ker Robertson\/Getty Images)<\/figcaption><\/figure>\n\n\n\n<p class=\"wp-block-paragraph\"><strong>\u25b6\ufe0f&nbsp;Inscreva-se nos dois canais do GRANDE PR\u00caMIO no YouTube:&nbsp;<a href=\"https:\/\/www.youtube.com\/channel\/UC9OlHEgxoaY6QY6nWPoiqQg?sub_confirmation=1\" target=\"_blank\" rel=\"noreferrer noopener\">GP<\/a>&nbsp;|&nbsp;<a href=\"https:\/\/www.youtube.com\/channel\/UC9csiS6q_C3C0FYhyr1rnFA?sub_confirmation=1\" target=\"_blank\" rel=\"noreferrer noopener\">GP2<\/a><\/strong><\/p>\n\n\n\n<p class=\"wp-block-paragraph\">A MotoGP assegura, entretanto, que continua trabalhando com a InvestUP para assegurar o futuro do GP da \u00cdndia no calend\u00e1rio.<\/p>\n\n\n\n<p class=\"wp-block-paragraph\">\u201cTanto a MotoGP quando a InvestUP est\u00e3o trabalhando duro para levar a MotoGP de volta ao circuito internacional de Buddh com um evento de n\u00edvel mundial, e est\u00e3o comprometidos a confirmar a \u00cdndia como destino para eventos esportivos locais\u201d, apontou a MotoGP. \u201cNossa colabora\u00e7\u00e3o com a InvestUP para levar a MotoGP de volta \u00e0 \u00cdndia continua a criar funda\u00e7\u00f5es fant\u00e1sticas para o futuro e a MotoGP est\u00e1 ansiosa para correr diante dos nossos incr\u00edveis f\u00e3s indianos o mais cedo poss\u00edvel\u201d, concluiu.<\/p>\n\n\n\n<p class=\"wp-block-paragraph\">A\u00a0<strong><a href=\"https:\/\/grandepremio.com\/motovelocidade\/\" target=\"_blank\" rel=\"noreferrer noopener\">MotoGP<\/a><\/strong>\u00a0volta a acelerar neste fim de semana com o GP da\u00a0<strong>Indon\u00e9sia<\/strong>, em\u00a0<strong><a href=\"https:\/\/www.grandepremio.com\/br\/circuito\/mandalika\/\" target=\"_blank\" rel=\"noreferrer noopener\">Mandalika<\/a><\/strong>, para a 15\u00aa etapa da temporada 2024. O\u00a0<strong>GRANDE PR\u00caMIO\u00a0<\/strong>faz a cobertura completa do evento, assim como das outras classes do Mundial de\u00a0<a href=\"https:\/\/www.grandepremio.com\/motovelocidade\/\">Motovelocidade\u00a0<\/a>durante todo o ano.<\/p>\n\n\n\n<figure class=\"wp-block-embed is-type-video is-provider-youtube wp-block-embed-youtube wp-embed-aspect-16-9 wp-has-aspect-ratio\"><div class=\"wp-block-embed__wrapper\">\n<iframe loading=\"lazy\" title=\"Yamaha SE AVENTURA com V4. Mas troca de motor SEGUE INDEFINIDA | GP \u00e0s 10\" width=\"500\" height=\"281\" src=\"https:\/\/www.youtube.com\/embed\/mVwYjP5ke8c?feature=oembed\" frameborder=\"0\" allow=\"accelerometer; autoplay; clipboard-write; encrypted-media; gyroscope; picture-in-picture; web-share\" referrerpolicy=\"strict-origin-when-cross-origin\" allowfullscreen><\/iframe>\n<\/div><\/figure>\n","protected":false},"excerpt":{"rendered":"<p>A MotoGP confirmou nesta quarta-feira (25) que o GP da \u00cdndia n\u00e3o vai mesmo acontecer na temporada 2025. A organiza\u00e7\u00e3o do Mundial de Motovelocidade, por\u00e9m, garantiu que a prova em Buddh estar\u00e1 na programa\u00e7\u00e3o de 2026<\/p>\n","protected":false},"author":0,"featured_media":1000731887,"comment_status":"closed","ping_status":"closed","sticky":false,"template":"","format":"standard","meta":{"42wp_featured_image_caption":"","42wp_featured_image_credits":"","42wp_featured_video":"","42wp_featured_image_hidden":false,"42wp_authors_list":[],"footnotes":""},"categories":[8],"tags":[23981,5214,131,2327,32229,28285,3504,130,11465,132,79,78,34329,37693,37691,37692,25819,29345,28766,37694,26690,136,172],"42wp_author":[47113],"class_list":["post-60535","post","type-post","status-publish","format-standard","has-post-thumbnail","hentry","category-motogp","tag-buddh","tag-classificacao-motogp","tag-ducati","tag-francesco-bagnaia","tag-gasgas","tag-grandepremio","tag-gresini","tag-honda","tag-india","tag-ktm","tag-moto-gp","tag-motogp","tag-motogp-2024","tag-motogp-2024-calendario","tag-motogp-calendario-2024","tag-motogp-classificacao-2024","tag-motogp-hoje","tag-motogp-horario","tag-motogp-standings","tag-onde-assistir-motogp-2024","tag-pilotos-motogp","tag-pramac","tag-yamaha","42wp_author-juliana-tesser"],"_links":{"self":[{"href":"https:\/\/grandepremio.com\/br\/wp-json\/wp\/v2\/posts\/60535","targetHints":{"allow":["GET"]}}],"collection":[{"href":"https:\/\/grandepremio.com\/br\/wp-json\/wp\/v2\/posts"}],"about":[{"href":"https:\/\/grandepremio.com\/br\/wp-json\/wp\/v2\/types\/post"}],"replies":[{"embeddable":true,"href":"https:\/\/grandepremio.com\/br\/wp-json\/wp\/v2\/comments?post=60535"}],"version-history":[{"count":0,"href":"https:\/\/grandepremio.com\/br\/wp-json\/wp\/v2\/posts\/60535\/revisions"}],"wp:featuredmedia":[{"embeddable":true,"href":"https:\/\/grandepremio.com\/br\/wp-json\/wp\/v2\/media\/1000731887"}],"wp:attachment":[{"href":"https:\/\/grandepremio.com\/br\/wp-json\/wp\/v2\/media?parent=60535"}],"wp:term":[{"taxonomy":"category","embeddable":true,"href":"https:\/\/grandepremio.com\/br\/wp-json\/wp\/v2\/categories?post=60535"},{"taxonomy":"post_tag","embeddable":true,"href":"https:\/\/grandepremio.com\/br\/wp-json\/wp\/v2\/tags?post=60535"},{"taxonomy":"42wp_author","embeddable":true,"href":"https:\/\/grandepremio.com\/br\/wp-json\/wp\/v2\/42wp_author?post=60535"}],"curies":[{"name":"wp","href":"https:\/\/api.w.org\/{rel}","templated":true}]}}