{"id":60633,"date":"2024-09-24T11:23:20","date_gmt":"2024-09-24T14:23:20","guid":{"rendered":"https:\/\/grandepremio.com\/br\/noticias\/mclaren-descontaria-mais-max-verstappen-oscar-piastri-melhorasse-classificacao\/"},"modified":"2024-09-24T12:45:14","modified_gmt":"2024-09-24T15:45:14","slug":"mclaren-descontaria-mais-max-verstappen-oscar-piastri-melhorasse-classificacao","status":"publish","type":"post","link":"https:\/\/grandepremio.com\/br\/f1\/mclaren-descontaria-mais-max-verstappen-oscar-piastri-melhorasse-classificacao\/","title":{"rendered":"McLaren diz que tiraria mais pontos de Verstappen se Piastri &#8220;classificasse melhor&#8221;"},"content":{"rendered":"\n<p class=\"wp-block-paragraph\">A <strong>McLaren <\/strong>saiu vitoriosa do <strong>GP de Singapura<\/strong> ap\u00f3s uma performance acachapante por parte de<strong> Lando Norris<\/strong>, mas ainda assim a equipe papaia n\u00e3o ficou totalmente satisfeita com o resultado. Afinal, <strong>Oscar Piastri<\/strong> teve uma classifica\u00e7\u00e3o ruim e isso o impediu de brigar com <strong>Max Verstappen<\/strong> pelo segundo lugar em <strong>Marina Bay<\/strong>. Por isso, o #4 descontou apenas sete pontos do tricampe\u00e3o na briga pelo <strong>Mundial de Pilotos<\/strong>.<\/p>\n\n\n\n<p class=\"wp-block-paragraph\"><strong>Norris <\/strong>foi o grande nome do fim de semana da <strong>F\u00f3rmula 1<\/strong> em <strong>Singapura<\/strong>. Enquanto se sentiu confort\u00e1vel na pista desde a sexta-feira e conseguiu cravar a pole-position no s\u00e1bado, <strong>Piastri <\/strong>nunca conseguiu se entender com o circuito de rua e n\u00e3o foi al\u00e9m do quinto lugar na sess\u00e3o que definiu o grid de largada. Na corrida, ainda chegou a perder a posi\u00e7\u00e3o para <strong>Nico H\u00fclkenberg<\/strong>.<\/p>\n\n\n\n<p class=\"wp-block-paragraph\">Embora tenha conseguido se recuperar para concluir em terceiro, o desempenho de <strong>Piastri <\/strong>foi abaixo do esperado. Afinal, <strong>Norris <\/strong>conseguiu imprimir um ritmo forte o suficiente para sequer ser incomodado por <strong>Verstappen <\/strong>e cruzar a linha de chegada 20s \u00e0 frente do neerland\u00eas. Apesar de ter valorizado o p\u00f3dio duplo, <strong>Andrea Stella<\/strong>, chefe da <strong>McLaren<\/strong>, acredita que era poss\u00edvel conquistar mais.&nbsp;<\/p>\n\n\n\n<p class=\"wp-block-paragraph\">Al\u00e9m disso, a <strong>Ferrari <\/strong>tamb\u00e9m acabou decepcionando no fim de semana. Na sexta-feira, a equipe italiana dividiu o protagonismo dos treinos livres com <strong>Norris<\/strong>. Por\u00e9m,<strong> Charles Leclerc <\/strong>e <strong>Carlos Sainz<\/strong> tiveram um Q3 dif\u00edcil e se classificaram apenas em nono e d\u00e9cimo, respectivamente, ficando fora da briga pelas primeiras posi\u00e7\u00f5es.<\/p>\n\n\n\n<figure class=\"wp-block-image size-large\"><img decoding=\"async\" src=\"https:\/\/www.grandepremio.com\/br\/wp-content\/uploads\/2024\/09\/singapura-2024-f1-corrida-mclaren-lando-norris-afp-015-1200x800.jpg\" alt=\"\" class=\"wp-image-872553\"\/><figcaption class=\"wp-element-caption\">Lando Norris dominou o GP de Singapura (Foto: AFP) <\/figcaption><\/figure>\n\n\n\n<p class=\"wp-block-paragraph\">A <strong>McLaren <\/strong>chegou a <strong>Singapura <\/strong>com a certeza de que <strong>Norris <\/strong>poderia descontar mais de sete pontos em rela\u00e7\u00e3o a <strong>Verstappen <\/strong>no campeonato. Por\u00e9m, viu o neerland\u00eas se valer do trope\u00e7o dos rivais para fechar o domingo em segundo. Por isso, <strong>Stella <\/strong>admitiu que o resultado em <strong>Marina Bay<\/strong> teve um gosto meio amargo.<\/p>\n\n\n\n<p class=\"wp-block-paragraph\">\u201cDo ponto de vista num\u00e9rico, \u00e9 um pouco frustrante porque era poss\u00edvel sair de Singapura descontando mais pontos sobre Max. Acho que a Ferrari poderia ter terminado \u00e0 frente dele, acho que at\u00e9 o Oscar [Piastri], aprimorando um pouco as voltas de classifica\u00e7\u00e3o, poderia ter terminado \u00e0 frente. Mas os aspectos positivos que v\u00eam do ritmo do carro definitivamente superam esse tipo de frustra\u00e7\u00e3o quando voc\u00ea tem esse ritmo\u201d, disse o chefe da McLaren.<\/p>\n\n\n\n<p class=\"wp-block-paragraph\">\u201cEstamos indo para os pr\u00f3ximos seis eventos, tr\u00eas dos quais contam com a corrida sprint. Ent\u00e3o, acho que n\u00e3o est\u00e1 em nossas m\u00e3os, porque ainda depende de Max. Da mesma forma, o [Mundial] de Construtores, isso est\u00e1 mais em nossas m\u00e3os, para ser sincero. Mas acho que sa\u00edmos potencialmente encorajados e ainda mais otimistas de que o Mundial de Pilotos \u00e9 poss\u00edvel por causa do desempenho do carro\u201d, finalizou o mandat\u00e1rio da McLaren.<\/p>\n\n\n\n<p class=\"wp-block-paragraph\">A&nbsp;<strong><a href=\"https:\/\/www.grandepremio.com\/br\/f1\/\" target=\"_blank\" rel=\"noreferrer noopener\"><\/a><a href=\"https:\/\/www.grandepremio.com\/br\/f1\/\" target=\"_blank\" rel=\"noreferrer noopener\">F\u00f3rmula 1<\/a><\/strong>&nbsp;agora faz longa pausa e retorna de 18 a 20 de outubro em&nbsp;<strong>Austin<\/strong>,&nbsp;<strong>Estados Unidos<\/strong>, in\u00edcio da perna americana da&nbsp;<strong>temporada 2024<\/strong>.<\/p>\n\n\n\n<p class=\"wp-block-paragraph\"><strong><img decoding=\"async\" src=\"https:\/\/a.slack-edge.com\/production-standard-emoji-assets\/14.0\/google-medium\/25b6-fe0f.png\" alt=\":seta_para_frente:\">&nbsp;Inscreva-se nos dois canais do GRANDE PR\u00caMIO no YouTube:&nbsp;<a href=\"https:\/\/www.youtube.com\/channel\/UC9OlHEgxoaY6QY6nWPoiqQg?sub_confirmation=1\" target=\"_blank\" rel=\"noreferrer noopener\">GP<\/a>&nbsp;|&nbsp;<a href=\"https:\/\/www.youtube.com\/channel\/UC9csiS6q_C3C0FYhyr1rnFA?sub_confirmation=1\" target=\"_blank\" rel=\"noreferrer noopener\">GP2<\/a><\/strong><br><strong><img decoding=\"async\" src=\"https:\/\/a.slack-edge.com\/production-standard-emoji-assets\/14.0\/google-medium\/25b6-fe0f.png\" alt=\":seta_para_frente:\">&nbsp;LEIA TAMB\u00c9M:&nbsp;<a href=\"https:\/\/www.grandepremio.com\/br\/f1\/noticias\/opiniao-gp-lando-norris-brilha-faz-que-tem-fazer-mas-e-preciso-mexer-max-verstappen\/\">Norris brilha e faz o que tem de fazer, mas \u00e9 preciso mexer com Verstappen na&nbsp;<\/a><a href=\"https:\/\/www.grandepremio.com\/br\/f1\/\" target=\"_blank\" rel=\"noreferrer noopener\">F\u00f3rmula 1<\/a><\/strong><\/p>\n\n\n\n<figure class=\"wp-block-embed is-type-video is-provider-youtube wp-block-embed-youtube wp-embed-aspect-16-9 wp-has-aspect-ratio\"><div class=\"wp-block-embed__wrapper\">\n<iframe loading=\"lazy\" title=\"NORRIS vence \u00e0 la VERSTAPPEN na F1 em SINGAPURA e BORTOLETO VIVO no radar da AUDI | PADDOCK GP #390\" width=\"500\" height=\"281\" src=\"https:\/\/www.youtube.com\/embed\/OfBf0HSAYms?feature=oembed\" frameborder=\"0\" allow=\"accelerometer; autoplay; clipboard-write; encrypted-media; gyroscope; picture-in-picture; web-share\" referrerpolicy=\"strict-origin-when-cross-origin\" allowfullscreen><\/iframe>\n<\/div><\/figure>\n","protected":false},"excerpt":{"rendered":"<p>Oscar Piastri teve uma classifica\u00e7\u00e3o ruim e n\u00e3o conseguiu fazer frente a Max Verstappen em Singapura. Por isso, o chefe da McLaren, Andrea Stella, acredita que o resultado da equipe poderia ter sido melhor em Marina Bay<\/p>\n","protected":false},"author":0,"featured_media":1000795099,"comment_status":"closed","ping_status":"closed","sticky":false,"template":"","format":"standard","meta":{"42wp_featured_image_caption":"","42wp_featured_image_credits":"","42wp_featured_video":"","42wp_featured_image_hidden":false,"42wp_authors_list":[],"footnotes":""},"categories":[2],"tags":[7094,546,209,207,1397,40940,40943,1491,28285,547,203,90,4928,37605,1645,6285,2916,30336,33276,9685],"42wp_author":[47149],"class_list":["post-60633","post","type-post","status-publish","format-standard","has-post-thumbnail","hentry","category-f1","tag-andrea-stella","tag-carlos-sainz","tag-charles-leclerc","tag-ferrari","tag-gp-de-singapura","tag-gp-de-singapura-2024","tag-gp-de-singapura-f1","tag-grande-premio","tag-grandepremio","tag-lando-norris","tag-max-verstappen","tag-mclaren","tag-mclaren-f1","tag-mclaren-formula-1","tag-mundial-de-pilotos","tag-norris","tag-oscar-piastri","tag-piastri","tag-stella","tag-verstappen","42wp_author-bernardo-castro"],"_links":{"self":[{"href":"https:\/\/grandepremio.com\/br\/wp-json\/wp\/v2\/posts\/60633","targetHints":{"allow":["GET"]}}],"collection":[{"href":"https:\/\/grandepremio.com\/br\/wp-json\/wp\/v2\/posts"}],"about":[{"href":"https:\/\/grandepremio.com\/br\/wp-json\/wp\/v2\/types\/post"}],"replies":[{"embeddable":true,"href":"https:\/\/grandepremio.com\/br\/wp-json\/wp\/v2\/comments?post=60633"}],"version-history":[{"count":0,"href":"https:\/\/grandepremio.com\/br\/wp-json\/wp\/v2\/posts\/60633\/revisions"}],"wp:featuredmedia":[{"embeddable":true,"href":"https:\/\/grandepremio.com\/br\/wp-json\/wp\/v2\/media\/1000795099"}],"wp:attachment":[{"href":"https:\/\/grandepremio.com\/br\/wp-json\/wp\/v2\/media?parent=60633"}],"wp:term":[{"taxonomy":"category","embeddable":true,"href":"https:\/\/grandepremio.com\/br\/wp-json\/wp\/v2\/categories?post=60633"},{"taxonomy":"post_tag","embeddable":true,"href":"https:\/\/grandepremio.com\/br\/wp-json\/wp\/v2\/tags?post=60633"},{"taxonomy":"42wp_author","embeddable":true,"href":"https:\/\/grandepremio.com\/br\/wp-json\/wp\/v2\/42wp_author?post=60633"}],"curies":[{"name":"wp","href":"https:\/\/api.w.org\/{rel}","templated":true}]}}