{"id":60667,"date":"2024-09-24T07:22:00","date_gmt":"2024-09-24T10:22:00","guid":{"rendered":"https:\/\/grandepremio.com\/br\/noticias\/lando-norris-forca-mclaren-mudancas-reclamacoes-equipes\/"},"modified":"2024-09-24T12:33:12","modified_gmt":"2024-09-24T15:33:12","slug":"lando-norris-forca-mclaren-mudancas-reclamacoes-equipes","status":"publish","type":"post","link":"https:\/\/grandepremio.com\/br\/f1\/lando-norris-forca-mclaren-mudancas-reclamacoes-equipes\/","title":{"rendered":"Norris destaca for\u00e7a da McLaren mesmo com \u201cmudan\u00e7as ap\u00f3s reclama\u00e7\u00f5es de equipes\u201d"},"content":{"rendered":"\n<p class=\"wp-block-paragraph\"><strong>Lando Norris<\/strong> n\u00e3o deu a menor chance para os advers\u00e1rios e<a href=\"https:\/\/www.grandepremio.com\/br\/f1\/noticias\/lando-norris-espanta-maldicao-largada-singapura-ponta-a-ponta-max-verstappen-2o\/\"> venceu o <strong>GP de Singapura <\/strong>de forma acachapante no \u00faltimo domingo (22)<\/a>. Ap\u00f3s o triunfo, o piloto brit\u00e2nico teceu elogios ao <strong>MCL38<\/strong>, modelo utilizado pela <strong>McLaren <\/strong>na temporada 2024 da<strong> F\u00f3rmula 1<\/strong>. De acordo com o #4, o b\u00f3lido desempenhou bem mesmo sem novidades para a etapa em <strong>Marina Bay<\/strong>. A \u00fanica diferen\u00e7a \u00e9 que o time teve de mudar a asa traseira por causa das reclama\u00e7\u00f5es de algumas equipes.<\/p>\n\n\n\n<p class=\"wp-block-paragraph\">A legalidade da asa traseira da <strong>McLaren <\/strong>virou objeto de debate na \u00faltima semana da <strong>F1<\/strong>, principalmente ap\u00f3s a vit\u00f3ria de <strong>Oscar Piastri<\/strong> no <strong>GP do Azerbaij\u00e3o<\/strong>. Atrav\u00e9s das c\u00e2meras que ficam posicionadas nos carros, foi poss\u00edvel perceber que a asa traseira do carro papaia sofria uma distor\u00e7\u00e3o quando recebia uma certa quantidade de carga, se intensificando durante as retas e criando um \u2018mini-DRS\u2019, o que poderia causar uma redu\u00e7\u00e3o do arrasto e, consequentemente, aumentar a velocidade.<\/p>\n\n\n\n<p class=\"wp-block-paragraph\">A <strong>Federa\u00e7\u00e3o Internacional de Automobilismo (FIA<\/strong><a href=\"https:\/\/www.grandepremio.com\/br\/f1\/noticias\/fia-proibe-polemica-asa-traseira-mini-drs-mclaren-gp-do-azerbaijao\/\"><strong>)<\/strong> proibiu o uso dessa especifica\u00e7\u00e3o na asa traseira<\/a>. A <strong>McLaren, <\/strong>por sua vez, <a href=\"https:\/\/www.grandepremio.com\/br\/f1\/noticias\/mclaren-acata-decisao-fia-mas-cutuca-cobra-fiscalizacao-asas-outras-equipes\/\">acatou a decis\u00e3o e promoveu as mudan\u00e7as necess\u00e1rias<\/a>. Por\u00e9m, na vis\u00e3o de <strong>Norris<\/strong>, isso n\u00e3o atrapalhou em nada o desempenho da equipe, visto a performance dominante no \u00faltimo domingo.<\/p>\n\n\n\n<p class=\"wp-block-paragraph\">\u201cN\u00e3o mudamos nada no carro aqui [em Singapura], \u00e9 o mesmo das \u00faltimas corridas. Tivemos de fazer ajustes em algumas de nossas asas por causa da reclama\u00e7\u00e3o de algumas equipes, mas ainda assim tivemos um grande fim de semana, provavelmente o mais dominante que conseguimos at\u00e9 agora\u201d, disse <strong>Norris<\/strong>.<\/p>\n\n\n\n<figure class=\"wp-block-image size-large\"><img decoding=\"async\" src=\"https:\/\/www.grandepremio.com\/br\/wp-content\/uploads\/2024\/09\/singapura-2024-f1-corrida-mclaren-lando-norris-afp-014-1200x800.jpg\" alt=\"\" class=\"wp-image-872552\"\/><figcaption class=\"wp-element-caption\">Lando Norris venceu a terceira na F1 (Foto: AFP) <\/figcaption><\/figure>\n\n\n\n<p class=\"wp-block-paragraph\">\u201cN\u00e3o acho que isso tenha feito a diferen\u00e7a, honestamente. \u00c9 que o carro tem sido \u00f3timo por um bom tempo. N\u00e3o consegui vencer algumas corridas quando senti que tinha o ritmo e a capacidade para isso. Parte disso \u00e9 culpa minha por n\u00e3o ter executado as coisas da forma que deveria. Ent\u00e3o, \u00e0s vezes, paguei o pre\u00e7o por n\u00e3o fazer um trabalho bom o suficiente. Mas quando lidero depois da primeira curva e as coisas s\u00e3o um pouco mais diretas, podemos ter um dia como hoje\u201d, finalizou <strong>Norris<\/strong>.<\/p>\n\n\n\n<p class=\"wp-block-paragraph\">A&nbsp;<strong><a href=\"https:\/\/www.grandepremio.com\/br\/f1\/\" target=\"_blank\" rel=\"noreferrer noopener\"><\/a><a href=\"https:\/\/www.grandepremio.com\/br\/f1\/\" target=\"_blank\" rel=\"noreferrer noopener\">F\u00f3rmula 1<\/a><\/strong>&nbsp;agora faz longa pausa e retorna de 18 a 20 de outubro em&nbsp;<strong>Austin<\/strong>,&nbsp;<strong>Estados Unidos<\/strong>, in\u00edcio da perna americana da&nbsp;<strong>temporada 2024<\/strong>.<\/p>\n\n\n\n<p class=\"wp-block-paragraph\"><strong><img decoding=\"async\" src=\"https:\/\/a.slack-edge.com\/production-standard-emoji-assets\/14.0\/google-medium\/25b6-fe0f.png\" alt=\":seta_para_frente:\">&nbsp;Inscreva-se nos dois canais do GRANDE PR\u00caMIO no YouTube:&nbsp;<a href=\"https:\/\/www.youtube.com\/channel\/UC9OlHEgxoaY6QY6nWPoiqQg?sub_confirmation=1\" target=\"_blank\" rel=\"noreferrer noopener\">GP<\/a>&nbsp;|&nbsp;<a href=\"https:\/\/www.youtube.com\/channel\/UC9csiS6q_C3C0FYhyr1rnFA?sub_confirmation=1\" target=\"_blank\" rel=\"noreferrer noopener\">GP2<\/a><\/strong><br><strong><img decoding=\"async\" src=\"https:\/\/a.slack-edge.com\/production-standard-emoji-assets\/14.0\/google-medium\/25b6-fe0f.png\" alt=\":seta_para_frente:\">&nbsp;LEIA TAMB\u00c9M:&nbsp;<a href=\"https:\/\/www.grandepremio.com\/br\/f1\/noticias\/opiniao-gp-lando-norris-brilha-faz-que-tem-fazer-mas-e-preciso-mexer-max-verstappen\/\">Norris brilha e faz o que tem de fazer, mas \u00e9 preciso mexer com Verstappen na&nbsp;<\/a><a href=\"https:\/\/www.grandepremio.com\/br\/f1\/\" target=\"_blank\" rel=\"noreferrer noopener\">F\u00f3rmula 1<\/a><\/strong><\/p>\n\n\n\n<figure class=\"wp-block-embed is-type-video is-provider-youtube wp-block-embed-youtube wp-embed-aspect-16-9 wp-has-aspect-ratio\"><div class=\"wp-block-embed__wrapper\">\n<iframe loading=\"lazy\" title=\"NORRIS vence \u00e0 la VERSTAPPEN na F1 em SINGAPURA e BORTOLETO VIVO no radar da AUDI | PADDOCK GP #390\" width=\"500\" height=\"281\" src=\"https:\/\/www.youtube.com\/embed\/OfBf0HSAYms?feature=oembed\" frameborder=\"0\" allow=\"accelerometer; autoplay; clipboard-write; encrypted-media; gyroscope; picture-in-picture; web-share\" referrerpolicy=\"strict-origin-when-cross-origin\" allowfullscreen><\/iframe>\n<\/div><\/figure>\n","protected":false},"excerpt":{"rendered":"<p>Lando Norris acredita que a mudan\u00e7a na asa traseira ap\u00f3s a reclama\u00e7\u00e3o das equipes n\u00e3o impediu a McLaren de ter um carro capaz de vencer corridas na F1<\/p>\n","protected":false},"author":0,"featured_media":1000872549,"comment_status":"closed","ping_status":"closed","sticky":false,"template":"","format":"standard","meta":{"42wp_featured_image_caption":"","42wp_featured_image_credits":"","42wp_featured_video":"","42wp_featured_image_hidden":false,"42wp_authors_list":[],"footnotes":""},"categories":[2],"tags":[1397,40940,1491,28285,547,90,4928,37605,6285,30806,37737,33134,3073,3427],"42wp_author":[47149],"class_list":["post-60667","post","type-post","status-publish","format-standard","has-post-thumbnail","hentry","category-f1","tag-gp-de-singapura","tag-gp-de-singapura-2024","tag-grande-premio","tag-grandepremio","tag-lando-norris","tag-mclaren","tag-mclaren-f1","tag-mclaren-formula-1","tag-norris","tag-norris-f1","tag-norris-formula-1","tag-norris-mclaren","tag-singapura","tag-singapura-f1","42wp_author-bernardo-castro"],"_links":{"self":[{"href":"https:\/\/grandepremio.com\/br\/wp-json\/wp\/v2\/posts\/60667","targetHints":{"allow":["GET"]}}],"collection":[{"href":"https:\/\/grandepremio.com\/br\/wp-json\/wp\/v2\/posts"}],"about":[{"href":"https:\/\/grandepremio.com\/br\/wp-json\/wp\/v2\/types\/post"}],"replies":[{"embeddable":true,"href":"https:\/\/grandepremio.com\/br\/wp-json\/wp\/v2\/comments?post=60667"}],"version-history":[{"count":0,"href":"https:\/\/grandepremio.com\/br\/wp-json\/wp\/v2\/posts\/60667\/revisions"}],"wp:featuredmedia":[{"embeddable":true,"href":"https:\/\/grandepremio.com\/br\/wp-json\/wp\/v2\/media\/1000872549"}],"wp:attachment":[{"href":"https:\/\/grandepremio.com\/br\/wp-json\/wp\/v2\/media?parent=60667"}],"wp:term":[{"taxonomy":"category","embeddable":true,"href":"https:\/\/grandepremio.com\/br\/wp-json\/wp\/v2\/categories?post=60667"},{"taxonomy":"post_tag","embeddable":true,"href":"https:\/\/grandepremio.com\/br\/wp-json\/wp\/v2\/tags?post=60667"},{"taxonomy":"42wp_author","embeddable":true,"href":"https:\/\/grandepremio.com\/br\/wp-json\/wp\/v2\/42wp_author?post=60667"}],"curies":[{"name":"wp","href":"https:\/\/api.w.org\/{rel}","templated":true}]}}