{"id":61537,"date":"2024-09-18T15:23:01","date_gmt":"2024-09-18T18:23:01","guid":{"rendered":"https:\/\/grandepremio.com\/br\/noticias\/felipe-drugovich-opta-teste-ganassi-indy-desfalca-4h-mugello-elms\/"},"modified":"2024-09-19T10:27:53","modified_gmt":"2024-09-19T13:27:53","slug":"felipe-drugovich-opta-teste-ganassi-indy-desfalca-4h-mugello-elms","status":"publish","type":"post","link":"https:\/\/grandepremio.com\/br\/indy\/felipe-drugovich-opta-teste-ganassi-indy-desfalca-4h-mugello-elms\/","title":{"rendered":"Drugovich opta por teste com Ganassi na Indy e desfalca 4H de Mugello da ELMS"},"content":{"rendered":"\n<p class=\"wp-block-paragraph\">A <strong>Ganassi<\/strong> vai escalar <strong>Felipe Drugovich<\/strong> para um teste na <strong>Indy<\/strong> no final deste m\u00eas de setembro. Este \u00e9 o tal &#8220;conflito de datas&#8221; que obrigou a <strong>Vector<\/strong> a trocar o brasileiro por <strong>Patrick Pilet<\/strong> na disputa das <strong>4 Horas de Mugello<\/strong>, etapa da <strong>European Le Mans Series<\/strong>, agendada para o dia 29. A informa\u00e7\u00e3o foi divulgada primeiro por <strong>Geferson Kern<\/strong>, narrador do <strong>GRANDE PR\u00caMIO<\/strong> e da TV Cultura, e confirmada pelo <strong>GRANDE PR\u00caMIO<\/strong>.<\/p>\n\n\n\n<p class=\"wp-block-paragraph\">Vencedora da temporada 2024 da <strong>Indy<\/strong> com <strong>\u00c1lex Palou<\/strong>, a Ganassi deve realizar a atividade nos dias 29 ou 30 de setembro, ouviu o <strong>GRANDE PR\u00caMIO<\/strong>. Drugovich \u00e9 muito bem quisto pela equipe, que procurou o brasileiro para eventualmente substituir o pr\u00f3prio espanhol, quando este entrou em lit\u00edgio com o time e assinou com a <strong>McLaren<\/strong> para a temporada 2023.<\/p>\n\n\n\n<p class=\"wp-block-paragraph\">Na ocasi\u00e3o, as conversas entre Drugovich e Ganassi n\u00e3o deram andamento, mesmo ap\u00f3s nova sondagem na reta final do campeonato de 2023. Por fim, a equipe se acertou com Palou, que, desde ent\u00e3o, <a href=\"https:\/\/www.grandepremio.com\/br\/indy\/noticias\/alex-palou-mclaren-buscam-mediacao-encerrar-processo-quebra-contrato\/\">vive imbr\u00f3glio com a<\/a> McLaren, j\u00e1 que o tricampe\u00e3o nunca assumiu o posto na estrutura liderada por <strong>Zak Brown<\/strong>.<\/p>\n\n\n\n<p class=\"wp-block-paragraph\">Por regulamento, a Indy permite que as equipes testem duas vezes ao ano com pilotos novatos e Drugovich faria parte dessa cota a qual a Ganassi tem direito. Um ind\u00edcio de que a atividade pode ser no dia 30 de setembro \u00e9 que a <strong>Andretti<\/strong> utilizar\u00e1 <strong>Jamie Chadwick<\/strong>, seguindo esse mesmo expediente, em uma atividade no circuito de <strong>Barber<\/strong>, no <strong>Alabama<\/strong>. Costumeiramente, os times se juntam para realizarem esses testes, assim, dividem alguns custos.<\/p>\n\n\n\n<figure class=\"wp-block-image size-large\"><img decoding=\"async\" src=\"https:\/\/www.grandepremio.com\/br\/wp-content\/uploads\/2024\/09\/Big-Machine-Music-City-Grand-Prix-Sunday_-September-15_-2024_Large-Image-Without-Watermark_m118182-1200x800.jpg\" alt=\"\" class=\"wp-image-868905\"\/><figcaption class=\"wp-element-caption\">Chip Ganassi levanta ta\u00e7a do t\u00edtulo da Indy em 2024 (Foto: IndyCar)<\/figcaption><\/figure>\n\n\n\n<p class=\"wp-block-paragraph\">Curiosamente, o momento atual da Ganassi n\u00e3o \u00e9 dos mais prop\u00edcios para se tentar uma vaga. O <a href=\"https:\/\/www.grandepremio.com\/br\/indy\/noticias\/ganassi-reduz-programa-tres-carros-planeja-entrada-indy-nxt-2025\/\">time reduzir\u00e1 de cinco para tr\u00eas carros para 2025<\/a>, o que confirma a tend\u00eancia de que a Indy adotar\u00e1 o sistema de charters. Palou e <strong>Scott Dixon<\/strong> est\u00e3o garantidos, enquanto <strong>Marcus Armstrong<\/strong>, <strong>Kyffin Simpson<\/strong> e <strong>Linus Lundqvist<\/strong> estariam no p\u00e1reo pelo carro <strong>#8<\/strong>, assim como, aparentemente, Drugovich. Os dois primeiros dessa lista tem grandes patrocinadores pessoais, enquanto o sueco foi o novato do ano.<\/p>\n\n\n\n<p class=\"wp-block-paragraph\">A&nbsp;<a href=\"https:\/\/www.grandepremio.com\/formula-indy\/\" target=\"_blank\" rel=\"noreferrer noopener\">Indy<\/a>&nbsp;retorna agora somente no dia 2 de mar\u00e7o de 2025, com o&nbsp;<strong>GP de S\u00e3o Petersburgo<\/strong>, no circuito de rua na Fl\u00f3rida, que abre a pr\u00f3xima temporada da categoria.<\/p>\n\n\n\n<p class=\"wp-block-paragraph\"><strong>Inscreva-se nos dois canais do GRANDE PR\u00caMIO no YouTube:&nbsp;<a href=\"https:\/\/www.youtube.com\/channel\/UC9OlHEgxoaY6QY6nWPoiqQg?sub_confirmation=1\" target=\"_blank\" rel=\"noreferrer noopener\">GP<\/a>&nbsp;|&nbsp;<a href=\"https:\/\/www.youtube.com\/channel\/UC9csiS6q_C3C0FYhyr1rnFA?sub_confirmation=1\" target=\"_blank\" rel=\"noreferrer noopener\">GP2<\/a><\/strong><br><strong>LEIA MAIS:<\/strong>&nbsp;<a href=\"https:\/\/www.grandepremio.com\/br\/indy\/noticias\/alex-palou-sobe-prateleira-indy-rivais-precisam-apertar-cintos-bater-frente\/\">Palou sobe de prateleira na Indy e rivais precisam apertar cintos para bater de frente<\/a><\/p>\n\n\n\n<figure class=\"wp-block-embed is-type-video is-provider-youtube wp-block-embed-youtube wp-embed-aspect-16-9 wp-has-aspect-ratio\"><div class=\"wp-block-embed__wrapper\">\n<iframe loading=\"lazy\" title=\"DINASTIA na INDY? Palou fatura TRI e ASSUSTA rivais | GP a\u0300s 10\" width=\"500\" height=\"281\" src=\"https:\/\/www.youtube.com\/embed\/Q_p5BhgxdpU?feature=oembed\" frameborder=\"0\" allow=\"accelerometer; autoplay; clipboard-write; encrypted-media; gyroscope; picture-in-picture; web-share\" referrerpolicy=\"strict-origin-when-cross-origin\" allowfullscreen><\/iframe>\n<\/div><\/figure>\n","protected":false},"excerpt":{"rendered":"<p>Felipe Drugovich n\u00e3o vai disputar a pen\u00faltima etapa da ELMS pela Vector em Mugello para fazer teste pela Ganassi no fim do m\u00eas<\/p>\n","protected":false},"author":0,"featured_media":1000750607,"comment_status":"closed","ping_status":"closed","sticky":false,"template":"","format":"standard","meta":{"42wp_featured_image_caption":"","42wp_featured_image_credits":"","42wp_featured_video":"","42wp_featured_image_hidden":false,"42wp_authors_list":[],"footnotes":""},"categories":[3],"tags":[3172,6265,25516,1024,1595,93,31011,39054,94,476,3805,371],"42wp_author":[47155],"class_list":["post-61537","post","type-post","status-publish","format-standard","has-post-thumbnail","hentry","category-indy","tag-alabama","tag-elms","tag-european-le-mans-series","tag-felipe-drugovich","tag-ganassi","tag-indy","tag-indy-2024","tag-indy-2025","tag-indycar","tag-jamie-chadwick","tag-lmp2","tag-teste","42wp_author-daniel-balsa"],"_links":{"self":[{"href":"https:\/\/grandepremio.com\/br\/wp-json\/wp\/v2\/posts\/61537","targetHints":{"allow":["GET"]}}],"collection":[{"href":"https:\/\/grandepremio.com\/br\/wp-json\/wp\/v2\/posts"}],"about":[{"href":"https:\/\/grandepremio.com\/br\/wp-json\/wp\/v2\/types\/post"}],"replies":[{"embeddable":true,"href":"https:\/\/grandepremio.com\/br\/wp-json\/wp\/v2\/comments?post=61537"}],"version-history":[{"count":0,"href":"https:\/\/grandepremio.com\/br\/wp-json\/wp\/v2\/posts\/61537\/revisions"}],"wp:featuredmedia":[{"embeddable":true,"href":"https:\/\/grandepremio.com\/br\/wp-json\/wp\/v2\/media\/1000750607"}],"wp:attachment":[{"href":"https:\/\/grandepremio.com\/br\/wp-json\/wp\/v2\/media?parent=61537"}],"wp:term":[{"taxonomy":"category","embeddable":true,"href":"https:\/\/grandepremio.com\/br\/wp-json\/wp\/v2\/categories?post=61537"},{"taxonomy":"post_tag","embeddable":true,"href":"https:\/\/grandepremio.com\/br\/wp-json\/wp\/v2\/tags?post=61537"},{"taxonomy":"42wp_author","embeddable":true,"href":"https:\/\/grandepremio.com\/br\/wp-json\/wp\/v2\/42wp_author?post=61537"}],"curies":[{"name":"wp","href":"https:\/\/api.w.org\/{rel}","templated":true}]}}