{"id":61616,"date":"2024-09-18T04:30:00","date_gmt":"2024-09-18T07:30:00","guid":{"rendered":"https:\/\/grandepremio.com\/br\/noticias\/mark-webber-elogia-vitoria-classe-mundial-oscar-piastri-azerbaijao-consistente-rapido\/"},"modified":"2024-09-18T00:06:16","modified_gmt":"2024-09-18T03:06:16","slug":"mark-webber-elogia-vitoria-classe-mundial-oscar-piastri-azerbaijao-consistente-rapido","status":"publish","type":"post","link":"https:\/\/grandepremio.com\/br\/f1\/mark-webber-elogia-vitoria-classe-mundial-oscar-piastri-azerbaijao-consistente-rapido\/","title":{"rendered":"Webber elogia vit\u00f3ria &#8220;de classe mundial&#8221; de Piastri no Azerbaij\u00e3o: &#8220;Consistente e r\u00e1pido&#8221;"},"content":{"rendered":"\n<p class=\"wp-block-paragraph\">Ex-piloto de <strong>F\u00f3rmula 1<\/strong> e empres\u00e1rio de <strong>Oscar Piastri<\/strong> desde 2020, <strong>Mark Webber<\/strong> rasgou elogios ao pupilo e ao &#8220;trabalho extraordin\u00e1rio&#8221; que a <strong>McLaren<\/strong> vem desenvolvendo ao longo da temporada 2024. O australiano de 48 anos tamb\u00e9m n\u00e3o poupou boas palavras ao mencionar <strong>Charles Leclerc<\/strong>, e disse que a vit\u00f3ria do #81 contra o monegasco no <strong>GP do Azerbaij\u00e3o<\/strong> foi de &#8220;classe mundial&#8221;.<\/p>\n\n\n\n<p class=\"wp-block-paragraph\">Depois de largar da segunda posi\u00e7\u00e3o e conseguir se defender de um impetuoso <strong>Sergio P\u00e9rez<\/strong>, Piastri foi ousado e agressivo ao aproveitar a brecha deixada pelo #16 da <strong>Ferrari<\/strong> na curva 1 e assumir a lideran\u00e7a da prova em <strong>Baku<\/strong> no 20\u00ba giro. Em seguida, soube administrar bem os pneus e controlar o advers\u00e1rio para <a href=\"https:\/\/www.grandepremio.com\/br\/f1\/noticias\/oscar-piastri-vence-gp-azerbaijao-marcado-batida-carlos-sainz-sergio-perez-penultima-volta\/\">cruzar a linha de chegada em primeiro<\/a> pela segunda vez na categoria principal do automobilismo.<\/p>\n\n\n\n<p class=\"wp-block-paragraph\">Para Webber, no entanto, as \u00f3timas performances do companheiro de <strong>Lando Norris<\/strong> n\u00e3o come\u00e7aram agora, mas, sim, h\u00e1 algum tempo. Como exemplo, o ex-<strong>Red Bull<\/strong> citou o <strong>GP da Ar\u00e1bia Saudita<\/strong>, no in\u00edcio de mar\u00e7o, quando a McLaren ainda estava longe de ter o desempenho que tem agora e mesmo assim Oscar conseguiu terminar na quarta posi\u00e7\u00e3o, ficando atr\u00e1s apenas de <strong>Max Verstappen<\/strong>, P\u00e9rez e Leclerc, respectivamente.<\/p>\n\n\n\n<p class=\"wp-block-paragraph\">&#8220;As pessoas esquecem que ele teve uma performance incr\u00edvel na Ar\u00e1bia Saudita. No in\u00edcio da temporada, houve algumas corridas um pouco dif\u00edceis, como no <strong>Jap\u00e3o<\/strong>, e ele n\u00e3o teve as atualiza\u00e7\u00f5es em <strong>Miami<\/strong>&#8220;, come\u00e7ou o empres\u00e1rio em entrevista \u00e0 <em>Sky Sports<\/em>. &#8220;Desde ent\u00e3o, ele se tornou um dos pilotos que mais marcaram pontos \u2014 se n\u00e3o o que mais marcou. Ele fez um trabalho extraordin\u00e1rio, \u00e9 claro, assim como Lando e toda a McLaren&#8221;, continuou.<\/p>\n\n\n\n<figure class=\"wp-block-image size-large\"><img decoding=\"async\" src=\"https:\/\/www.grandepremio.com\/br\/wp-content\/uploads\/2024\/09\/azerbaijao-2024-f1-corrida-mclaren-oscar-piastri-afp-14-1200x800.jpg\" alt=\"\" class=\"wp-image-868730\"\/><figcaption class=\"wp-element-caption\">A vit\u00f3ria no Azerbaij\u00e3o foi a segunda da carreira de Oscar Piastri na F\u00f3rmula 1 (Foto: AFP) <\/figcaption><\/figure>\n\n\n\n<p class=\"wp-block-paragraph\"><strong><img decoding=\"async\" src=\"https:\/\/a.slack-edge.com\/production-standard-emoji-assets\/14.0\/google-medium\/25b6-fe0f.png\" alt=\":seta_para_frente:\">&nbsp;Inscreva-se nos dois canais do GRANDE PR\u00caMIO no YouTube:&nbsp;<a href=\"https:\/\/www.youtube.com\/channel\/UC9OlHEgxoaY6QY6nWPoiqQg?sub_confirmation=1\" target=\"_blank\" rel=\"noreferrer noopener\">GP<\/a>&nbsp;|&nbsp;<a href=\"https:\/\/www.youtube.com\/channel\/UC9csiS6q_C3C0FYhyr1rnFA?sub_confirmation=1\" target=\"_blank\" rel=\"noreferrer noopener\">GP2<\/a><\/strong><br><strong><img decoding=\"async\" src=\"https:\/\/a.slack-edge.com\/production-standard-emoji-assets\/14.0\/google-medium\/25b6-fe0f.png\" alt=\":seta_para_frente:\">&nbsp;LEIA TAMB\u00c9M:&nbsp;<a href=\"https:\/\/www.grandepremio.com\/br\/f1\/noticias\/gabriel-bortoleto-impressiona-teste-faz-mclaren-aceitar-2-anos-emprestimo-sauber\/\">Bortoleto impressiona em teste e faz McLaren aceitar s\u00f3 2 anos de empr\u00e9stimo para Sauber<\/a><\/strong><\/p>\n\n\n\n<p class=\"wp-block-paragraph\">A primeira vit\u00f3ria de Oscar na <strong>F1<\/strong> foi h\u00e1 dois meses, no <strong>GP da Hungria<\/strong>. L\u00e1, o jovem australiano superou Norris logo na largada e quase ficou sem o triunfo por causa de uma trapalhada do time de Woking na hora das paradas nos boxes. Mesmo sendo um momento t\u00e3o especial na carreira, ficou um certo anticl\u00edmax por causa da ordem de equipe que mandou os pilotos inverterem as posi\u00e7\u00f5es.<\/p>\n\n\n\n<p class=\"wp-block-paragraph\">&#8220;Acho que as duas vit\u00f3rias foram muito especiais para ele, obviamente, mas fazer&nbsp;o que fez em Baku foi impressionante&#8221;, apontou Webber. &#8220;Perseguiu Charles durante o primeiro stint, mas depois de algumas voltas, j\u00e1 estava um pouco longe. A equipe o manteve na pista um pouco mais do que gostaria e, por isso, acabou ficando exposto ao ataque de P\u00e9rez. Mas ele trabalhou duro para conseguir a vit\u00f3ria&#8221;, lembrou.<\/p>\n\n\n\n<p class=\"wp-block-paragraph\">&#8220;Ser capaz de vencer uma corrida em um lugar como este, sendo cuidadoso, atacando e depois liderando como fez, foi&nbsp;nada menos que de classe mundial. Foi um desempenho verdadeiramente not\u00e1vel&#8221;, comemorou. &#8220;Ele tem sido muito consistente, muito r\u00e1pido em todas as condi\u00e7\u00f5es e penso que aquelas foram as melhores voltas que j\u00e1 fez: sob press\u00e3o, defensivo, muito decisivo na pr\u00f3pria jogada e contra um piloto incr\u00edvel. Charles, no Azerbaij\u00e3o, \u00e9 absolutamente m\u00e1gico, ent\u00e3o venc\u00ea-lo aqui&nbsp;n\u00e3o \u00e9 pouca coisa&#8221;, finalizou Webber.<\/p>\n\n\n\n<p class=\"wp-block-paragraph\">A&nbsp;<a href=\"https:\/\/www.grandepremio.com\/br\/f1\/\" target=\"_blank\" rel=\"noreferrer noopener\"><\/a><a href=\"https:\/\/www.grandepremio.com\/br\/f1\/\" target=\"_blank\" rel=\"noreferrer noopener\">F\u00f3rmula 1<\/a>&nbsp;volta de&nbsp;<strong>20 a 22 de setembro<\/strong>&nbsp;em&nbsp;<strong>Singapura<\/strong>, 18\u00aa etapa da temporada 2024, nas ruas de&nbsp;<strong><a href=\"https:\/\/www.grandepremio.com\/br\/circuito\/marina-bay\/\" target=\"_blank\" rel=\"noreferrer noopener\"><\/a><a href=\"https:\/\/www.grandepremio.com\/br\/circuito\/marina-bay\/\" target=\"_blank\" rel=\"noreferrer noopener\"><\/a><a href=\"https:\/\/www.grandepremio.com\/br\/circuito\/marina-bay\/\" target=\"_blank\" rel=\"noreferrer noopener\"><\/a><a href=\"https:\/\/www.grandepremio.com\/br\/circuito\/marina-bay\/\" target=\"_blank\" rel=\"noreferrer noopener\">Marina Bay<\/a><\/strong>.<\/p>\n\n\n\n<figure class=\"wp-block-embed is-type-video is-provider-youtube wp-block-embed-youtube wp-embed-aspect-16-9 wp-has-aspect-ratio\"><div class=\"wp-block-embed__wrapper\">\n<iframe loading=\"lazy\" title=\"BORTOLETO IMPRESSIONA em TESTE, McLAREN QUER EMPRESTAR \u00e0 SAUBER por POUCO TEMPO | Paddock Sprint\" width=\"500\" height=\"281\" src=\"https:\/\/www.youtube.com\/embed\/ifrO4oHC_-4?start=5&amp;feature=oembed\" frameborder=\"0\" allow=\"accelerometer; autoplay; clipboard-write; encrypted-media; gyroscope; picture-in-picture; web-share\" referrerpolicy=\"strict-origin-when-cross-origin\" allowfullscreen><\/iframe>\n<\/div><\/figure>\n","protected":false},"excerpt":{"rendered":"<p>Empres\u00e1rio de Oscar Piastri, Mark Webber elogiou a postura adotada pelo piloto da McLaren durante o GP do Azerbaij\u00e3o para conseguir superar o &#8220;absolutamente m\u00e1gico&#8221; Charles Leclerc nas ruas de Baku<\/p>\n","protected":false},"author":0,"featured_media":1000852498,"comment_status":"closed","ping_status":"closed","sticky":false,"template":"","format":"standard","meta":{"42wp_featured_image_caption":"","42wp_featured_image_credits":"","42wp_featured_video":"","42wp_featured_image_hidden":false,"42wp_authors_list":[],"footnotes":""},"categories":[2],"tags":[27776,34186,27487,4371,35624,37759,5660,8235,37760,969,147,3230,642,11958,160,37761,180,30909,24976,40880,1491,30103,28285,2913,90,2916],"42wp_author":[47160],"class_list":["post-61616","post","type-post","status-publish","format-standard","has-post-thumbnail","hentry","category-f1","tag-assistir-f1-ao-vivo","tag-assistir-f1-gratis","tag-assistir-f1-online","tag-baku","tag-calendario-f1-2024","tag-calendario-f1-2024-horarios","tag-classificacao","tag-classificacao-da-f1","tag-classificacao-f1-2024","tag-corrida","tag-f1","tag-f1-2024","tag-f1-ao-vivo","tag-f1-live","tag-f1-tv","tag-f1-tv-2024","tag-formula-1","tag-formula-1-2024","tag-gp-do-azerbaijao","tag-gp-do-azerbaijao-2024","tag-grande-premio","tag-grande-premio-f1","tag-grandepremio","tag-mark-webber","tag-mclaren","tag-oscar-piastri","42wp_author-vicente-soella"],"_links":{"self":[{"href":"https:\/\/grandepremio.com\/br\/wp-json\/wp\/v2\/posts\/61616","targetHints":{"allow":["GET"]}}],"collection":[{"href":"https:\/\/grandepremio.com\/br\/wp-json\/wp\/v2\/posts"}],"about":[{"href":"https:\/\/grandepremio.com\/br\/wp-json\/wp\/v2\/types\/post"}],"replies":[{"embeddable":true,"href":"https:\/\/grandepremio.com\/br\/wp-json\/wp\/v2\/comments?post=61616"}],"version-history":[{"count":0,"href":"https:\/\/grandepremio.com\/br\/wp-json\/wp\/v2\/posts\/61616\/revisions"}],"wp:featuredmedia":[{"embeddable":true,"href":"https:\/\/grandepremio.com\/br\/wp-json\/wp\/v2\/media\/1000852498"}],"wp:attachment":[{"href":"https:\/\/grandepremio.com\/br\/wp-json\/wp\/v2\/media?parent=61616"}],"wp:term":[{"taxonomy":"category","embeddable":true,"href":"https:\/\/grandepremio.com\/br\/wp-json\/wp\/v2\/categories?post=61616"},{"taxonomy":"post_tag","embeddable":true,"href":"https:\/\/grandepremio.com\/br\/wp-json\/wp\/v2\/tags?post=61616"},{"taxonomy":"42wp_author","embeddable":true,"href":"https:\/\/grandepremio.com\/br\/wp-json\/wp\/v2\/42wp_author?post=61616"}],"curies":[{"name":"wp","href":"https:\/\/api.w.org\/{rel}","templated":true}]}}